{"id":38728,"date":"2012-08-20T10:50:46","date_gmt":"2012-08-20T13:50:46","guid":{"rendered":"http:\/\/senoticias.com.br\/se\/?p=38728"},"modified":"2012-08-20T10:50:46","modified_gmt":"2012-08-20T13:50:46","slug":"rogerio-carvalho-nao-garante-candidatura-de-jackson-barreto","status":"publish","type":"post","link":"https:\/\/senoticias.com.br\/se\/rogerio-carvalho-nao-garante-candidatura-de-jackson-barreto\/","title":{"rendered":"Rog\u00e9rio Carvalho n\u00e3o garante candidatura de Jackson Barreto"},"content":{"rendered":"<p><em><span style=\"color: #333399;\"><strong>Por Joedson Telles &#8211; Universo Pol\u00edtico<\/strong><\/span><\/em><\/p>\n<p>&nbsp;<\/p>\n<p><strong>&#8220;Vai depender do resultado das elei\u00e7\u00f5es de 2012, de muitos elementos&#8221;, explica Rog\u00e9rio<\/strong><\/p>\n<p style=\"text-align: justify;\">\n<div id=\"attachment_38729\" style=\"width: 230px\" class=\"wp-caption alignleft\"><a href=\"http:\/\/senoticias.com.br\/se\/wp-content\/uploads\/2012\/08\/Rog\u00e9rio.jpg\"><img loading=\"lazy\" decoding=\"async\" aria-describedby=\"caption-attachment-38729\" class=\"size-medium wp-image-38729\" title=\"Rog\u00e9rio\" src=\"http:\/\/senoticias.com.br\/se\/wp-content\/uploads\/2012\/08\/Rog\u00e9rio-220x300.jpg\" alt=\"\" width=\"220\" height=\"300\" srcset=\"https:\/\/senoticias.com.br\/se\/wp-content\/uploads\/2012\/08\/Rog\u00e9rio-220x300.jpg 220w, https:\/\/senoticias.com.br\/se\/wp-content\/uploads\/2012\/08\/Rog\u00e9rio.jpg 270w\" sizes=\"(max-width: 220px) 100vw, 220px\" \/><\/a><p id=\"caption-attachment-38729\" class=\"wp-caption-text\">Rog\u00e9rio: Valadares \u00e9 a renova\u00e7\u00e3o.(Reprodu\u00e7\u00e3o)<\/p><\/div>\n<p style=\"text-align: justify;\">Ausente do debate pol\u00edtico, desde que os caciques do grupo liderado pelo governador Marcelo D\u00e9da optaram por Valadares Filho para disputar a Prefeitura de Aracaju, o deputado federal Rog\u00e9rio Carvalho parece estar repaginando a sua vida pol\u00edtica. De l\u00e1 para c\u00e1, tem intensificado as a\u00e7\u00f5es do seu mandato, pouco tem sido visto dando entrevistas e, sobretudo, tem ido ao interior do estado com o cacife de presidente do PT fazer pol\u00edtica. Nesta entrevista que concedeu ao Universo Pol\u00edtico.com, Rog\u00e9rio fala sobre os desafios do novo Partido dos Trabalhadores. Afirma que, ao n\u00e3o participar do pleito em Aracaju, o partido perde espa\u00e7o de constru\u00e7\u00e3o de imagem, mas, ao mesmo tempo, possibilita a ele estar presente ao interior. Faz cr\u00edticas ao ex-governador Jo\u00e3o Alves e n\u00e3o garante uma candidatura de Jackson Barreto a governador do Estado em 2014. &#8220;N\u00e3o vejo porque n\u00e3o ser, mas tudo vai depender do resultado das elei\u00e7\u00f5es de 2012, da conjuntura nacional e muitos elementos que v\u00e3o interferir nesse debate da defini\u00e7\u00e3o de candidatura na elei\u00e7\u00e3o&#8221;, diz. A entrevista:<\/p>\n<p style=\"text-align: justify;\"><strong>Universo Pol\u00edtico.com &#8211; O que Sergipe pode esperar dessa novo PT sob seu comando?<\/strong><br \/>\n<strong>Rog\u00e9rio Carvalho &#8211;<\/strong> Vamos ampliar a organiza\u00e7\u00e3o dos setoriais, que sempre foi um recrutamento de novos quadros, de forma\u00e7\u00e3o de quadros, elabora\u00e7\u00e3o de pol\u00edtica para dar consist\u00eancia ao partido. Permitir que nas diversas inser\u00e7\u00f5es administrativas do partido a gente tenha qualidade na nossa interven\u00e7\u00e3o, buscar atrair novos quadros pol\u00edticos j\u00e1 formados com uma boa presen\u00e7a nos munic\u00edpios, isso \u00e9 um desafio que \u00e9 dado para gente. Mudan\u00e7as novas para que o partido possa crescer com a consist\u00eancia que vemcrescendo, at\u00e9 mesmo pelo modo que o partido se organiza, pelo modo como \u00e9 estruturado, partindo para uma elei\u00e7\u00e3o direta do diret\u00f3rio, do presidente, isso consolida uma milit\u00e2ncia, um p\u00fablico que n\u00e3o se altera muito de elei\u00e7\u00e3o para elei\u00e7\u00e3o, nem de acordo com a conjuntura. Ent\u00e3o, \u00e9 preciso que a gente estimule a atra\u00e7\u00e3o de novos quadros para promover a amplia\u00e7\u00e3o nessa velocidade que a gente vem tendo de 30% a cada elei\u00e7\u00e3o, o que \u00e9 uma marca muito boa.U.P. &#8211; Como o PT est\u00e1 hoje nos munic\u00edpios sergipanos?<br \/>\n<strong>R.C. &#8211;<\/strong> O PT tem hoje candidato a prefeito em 18 cidades, tem candidato a vice em outras 10. Uma presen\u00e7a em 28 munic\u00edpios com chapas majorit\u00e1rias. Pelo menos 15 chapas de candidatos a prefeito s\u00e3o competitivas. Temos candidatos a vice de sete a oito cidades com candidato competitivo. Isso pode nos dar 12 prefeitos e cinco vices. \u00c9 uma boa presen\u00e7a no interior do Estado. Al\u00e9m do PT ter um papel em v\u00e1rias cidades de prestar imagem, coadjuvante, est\u00e1 dentro do nosso espectro de alian\u00e7a, o que fortalece a posi\u00e7\u00e3o do partido. Ent\u00e3o, o desafio \u00e9 consolidar o partido ampliando a presen\u00e7a de quadros com maior densidade eleitoral em todas as cidades do estado de Sergipe.<br \/>\n<strong>U.P. &#8211;<\/strong> O fato de o senhor n\u00e3o est\u00e1 na disputa pela Prefeitura de Aracaju pode trazer um preju\u00edzo para o partido l\u00e1 na frente?<br \/>\n<strong>R.C.<\/strong> &#8211; Eu acho que o fato de n\u00e3o ter disputado a elei\u00e7\u00e3o de Aracaju tira um pouco o espa\u00e7o de constru\u00e7\u00e3o de imagem do partido, mas, ao mesmo tempo, facilitou, em meu caso particular, estar presente nas campanhas eleitorais do interior. Isso pode favorecer a consolida\u00e7\u00e3o do nosso leque de alian\u00e7as. O pr\u00f3prio PT tem um desempenho melhor nas elei\u00e7\u00f5es, e consolidar nossa posi\u00e7\u00e3o para 2014. O importante em uma coliga\u00e7\u00e3o que se constr\u00f3i em torno de um projeto, como \u00e9 o caso da nossa, \u00e9 que cada partido tem seus desejos, mas a gente tem estabelecida uma regra de rotatividade nos espa\u00e7os inclusive para renovar dentro dos campos que \u00e9 salutar. O PT foi prefeito, o PC do B foi prefeito, agora, o PSB est\u00e1 tendo a vez. O PT e o PSB j\u00e1 foram governo e, agora, o PMBD pode ser, o PT pode voltar na frente. Disputas pol\u00edticas majorit\u00e1rias s\u00e3o fundamentais para consolidar a imagem do partido. O PT tem participado das disputas, e j\u00e1 foi agraciado pela popula\u00e7\u00e3o em Aracaju e no governo do Estado, e numa coliga\u00e7\u00e3o como a gente tem \u00e9 fundamental que todos se sintam prestigiados e com protagonismo de vanguarda, e isso se d\u00e1 quando um partido assume uma cabe\u00e7a de chapa em uma elei\u00e7\u00e3o majorit\u00e1ria.<br \/>\n<strong>U.P. <\/strong>&#8211; <strong>O senhor acha que 2014 j\u00e1 est\u00e1 definido ou tudo \u00e9 uma conversa?<\/strong><br \/>\n<strong>R.C. &#8211;<\/strong> Vai depender dos resultados eleitorais de 2012. Qualquer conversa antes disso \u00e9 prematura, \u00e9 antecipar elei\u00e7\u00e3o. N\u00f3s temos uma elei\u00e7\u00e3o em 2012 que \u00e9 fundamental para que a gente saiba o que vai acontecer em 2014.<br \/>\n<strong>U.P.<\/strong> &#8211;<strong> O senhor quer dizer que n\u00e3o tem nada contra uma poss\u00edvel candidatura de Jackson Barreto ao governo do Estado, mas o momento \u00e9 mais para refletir?<\/strong><br \/>\n<strong>R.C.<\/strong> &#8211; Jackson est\u00e1 bem posicionado. Acho que ele hoje \u00e9 um nome que re\u00fane condi\u00e7\u00f5es para nos representar em 2014. N\u00e3o vejo porque n\u00e3o ser, mas tudo vai depender do resultado das elei\u00e7\u00f5es de 2012, da conjuntura nacional e muitos elementos que v\u00e3o interferir nesse debate da defini\u00e7\u00e3o de candidatura na elei\u00e7\u00e3o.<br \/>\n<strong>U.P.<\/strong> &#8211; <strong>Como o senhor avalia o discurso de determinados pol\u00edticos da oposi\u00e7\u00e3o, sobre uma vit\u00f3ria de Jo\u00e3o Alves j\u00e1 no primeiro turno?<\/strong><br \/>\n<strong>R.C.<\/strong> &#8211; Quem acha que j\u00e1 venceu geralmente a arrog\u00e2ncia derrota. A derrota pode vim pela prepot\u00eancia, pelo convencimento de que se basta. Ningu\u00e9m se basta na democracia. A democracia depende da vontade popular, que ainda n\u00e3o foi expressa na urna. A elei\u00e7\u00e3o come\u00e7a, de fato, agora, quando iniciar os programas eleitorais na televis\u00e3o. A\u00ed, sim, o debate aparece, as pessoas tomam consci\u00eancia da import\u00e2ncia da elei\u00e7\u00e3o, e a elei\u00e7\u00e3o come\u00e7a para valer.<br \/>\n<strong>U.P.<\/strong> &#8211; <strong>O discurso vai ser mesmo tentar convencer Aracaju que Jo\u00e3o representa o atraso?<\/strong><br \/>\n<strong>R.C.<\/strong> &#8211; Os jogadores de ambos os lados est\u00e3o se analisando para fazer o discurso. Acho que o discurso e o eixo definitivo se consolidam com o programa eleitoral. Agora, existem fatos que n\u00e3o t\u00eam como esconder. Jo\u00e3o n\u00e3o \u00e9 renova\u00e7\u00e3o. Jo\u00e3o representa o passado da pol\u00edtica sergipana. Jo\u00e3o foi prefeito h\u00e1 40 anos. Jo\u00e3o \u00e9 do tempo da ditadura, um pol\u00edtico ultrapassado. Um pol\u00edtico do tempo que n\u00e3o havia Lei de Responsabilidade Fiscal, que prefeitura era extens\u00e3o dos governos estaduais e federais, n\u00e3o tinha uma estrutura republicana que nos temos a partir de 1988, Jo\u00e3o \u00e9 do tempo que o Estado vendia t\u00edtulo para receber dinheiro. Jo\u00e3o \u00e9 do tempo que a ditadura mandava o dinheiro para as prefeituras fazerem o seu trabalho. Ser gerente de uma cidade \u00e9 diferente de ser governador. Eu acredito que o povo de Aracaju vai refletir bastante na hora de escolher seu candidato, e eu espero que esse candidato seja Valadares Filho que representa o futuro, a renova\u00e7\u00e3o.<\/p>\n","protected":false},"excerpt":{"rendered":"<p>Por Joedson Telles &#8211; Universo Pol\u00edtico &nbsp; &#8220;Vai depender do resultado das elei\u00e7\u00f5es de 2012, de muitos elementos&#8221;, explica Rog\u00e9rio Ausente do debate pol\u00edtico, desde que os caciques do grupo liderado pelo governador Marcelo D\u00e9da optaram por Valadares Filho para disputar a Prefeitura de Aracaju, o deputado federal Rog\u00e9rio Carvalho parece estar repaginando a sua [&hellip;]<\/p>\n","protected":false},"author":3,"featured_media":38729,"comment_status":"closed","ping_status":"closed","sticky":false,"template":"","format":"standard","meta":{"footnotes":""},"categories":[6],"tags":[],"class_list":{"0":"post-38728","1":"post","2":"type-post","3":"status-publish","4":"format-standard","5":"has-post-thumbnail","7":"category-politica"},"_links":{"self":[{"href":"https:\/\/senoticias.com.br\/se\/wp-json\/wp\/v2\/posts\/38728"}],"collection":[{"href":"https:\/\/senoticias.com.br\/se\/wp-json\/wp\/v2\/posts"}],"about":[{"href":"https:\/\/senoticias.com.br\/se\/wp-json\/wp\/v2\/types\/post"}],"author":[{"embeddable":true,"href":"https:\/\/senoticias.com.br\/se\/wp-json\/wp\/v2\/users\/3"}],"replies":[{"embeddable":true,"href":"https:\/\/senoticias.com.br\/se\/wp-json\/wp\/v2\/comments?post=38728"}],"version-history":[{"count":0,"href":"https:\/\/senoticias.com.br\/se\/wp-json\/wp\/v2\/posts\/38728\/revisions"}],"wp:featuredmedia":[{"embeddable":true,"href":"https:\/\/senoticias.com.br\/se\/wp-json\/wp\/v2\/media\/38729"}],"wp:attachment":[{"href":"https:\/\/senoticias.com.br\/se\/wp-json\/wp\/v2\/media?parent=38728"}],"wp:term":[{"taxonomy":"category","embeddable":true,"href":"https:\/\/senoticias.com.br\/se\/wp-json\/wp\/v2\/categories?post=38728"},{"taxonomy":"post_tag","embeddable":true,"href":"https:\/\/senoticias.com.br\/se\/wp-json\/wp\/v2\/tags?post=38728"}],"curies":[{"name":"wp","href":"https:\/\/api.w.org\/{rel}","templated":true}]}}