{"id":38725,"date":"2012-08-20T10:38:38","date_gmt":"2012-08-20T13:38:38","guid":{"rendered":"http:\/\/senoticias.com.br\/se\/?p=38725"},"modified":"2012-08-20T10:41:09","modified_gmt":"2012-08-20T13:41:09","slug":"%e2%80%9cminha-paixao-nao-e-politica-e-lagarto%e2%80%9d-diz-valmir-monteiro","status":"publish","type":"post","link":"https:\/\/senoticias.com.br\/se\/%e2%80%9cminha-paixao-nao-e-politica-e-lagarto%e2%80%9d-diz-valmir-monteiro\/","title":{"rendered":"\u201cMinha paix\u00e3o n\u00e3o \u00e9 pol\u00edtica, \u00e9 Lagarto!\u201d, diz Valmir Monteiro"},"content":{"rendered":"<p>&nbsp;<\/p>\n<p style=\"text-align: justify;\"><a href=\"http:\/\/senoticias.com.br\/se\/wp-content\/uploads\/2012\/08\/boa-vista.jpg\"><img loading=\"lazy\" decoding=\"async\" class=\"alignleft size-medium wp-image-38727\" title=\"boa vista\" src=\"http:\/\/senoticias.com.br\/se\/wp-content\/uploads\/2012\/08\/boa-vista-300x225.jpg\" alt=\"\" width=\"300\" height=\"225\" srcset=\"https:\/\/senoticias.com.br\/se\/wp-content\/uploads\/2012\/08\/boa-vista-300x225.jpg 300w, https:\/\/senoticias.com.br\/se\/wp-content\/uploads\/2012\/08\/boa-vista-342x256.jpg 342w, https:\/\/senoticias.com.br\/se\/wp-content\/uploads\/2012\/08\/boa-vista-60x45.jpg 60w, https:\/\/senoticias.com.br\/se\/wp-content\/uploads\/2012\/08\/boa-vista-150x113.jpg 150w, https:\/\/senoticias.com.br\/se\/wp-content\/uploads\/2012\/08\/boa-vista-269x201.jpg 269w, https:\/\/senoticias.com.br\/se\/wp-content\/uploads\/2012\/08\/boa-vista.jpg 504w\" sizes=\"(max-width: 300px) 100vw, 300px\" \/><\/a>A pra\u00e7a do conjunto Laudelino, no munic\u00edpio de Lagarto, ficou pequena nesta \u00faltima sexta-feira (17), durante uma passeata da coliga\u00e7\u00e3o \u201cLagarto Sempre em Frente\u201d. A multid\u00e3o estava animada, cantando as m\u00fasicas do grupo, erguendo bandeiras e gritando o nome do prefeito e candidato \u00e0 reelei\u00e7\u00e3o, Valmir Monteiro (PSC). A emo\u00e7\u00e3o tomou conta da cidade tamb\u00e9m no s\u00e1bado (18), durante uma carreata que seguiu desde a Pra\u00e7a do Gomes at\u00e9 o bairro Boa Vista.<\/p>\n<p style=\"text-align: justify;\">Moradora do conjunto Laudelino, dona Josefa Oliveira garantiu que ao longo dos 19 anos que reside em Lagarto, n\u00e3o viu outro prefeito ter tanta aten\u00e7\u00e3o com o munic\u00edpio como o atual. \u201cA cidade nunca esteve t\u00e3o limpa e organizada como nos \u00faltimos tr\u00eas anos. Antigamente, a nossa regi\u00e3o s\u00f3 recebia algum cuidado em \u00e9poca de vaquejada, j\u00e1 que temos um grande parque como vizinho. Mas n\u00f3s sab\u00edamos que ap\u00f3s o evento s\u00f3 ver\u00edamos nossas ruas limpas novamente no ano seguinte. Hoje n\u00e3o, pois Valmir d\u00e1 total aten\u00e7\u00e3o \u00e0 cidade, inclusive ao nosso conjunto, durante o ano inteiro\u201d, ressaltou a lagartense.<\/p>\n<p style=\"text-align: justify;\">Valmir Monteiro saudou a comunidade e falou da alegria em estar ali naquela noite, vendo a ades\u00e3o cada vez maior do povo a sua candidatura. \u201cQuero dizer que voc\u00ea, que est\u00e1 me ouvindo neste momento e sente vontade de se juntar \u00e0 nossa na\u00e7\u00e3o, seja bem vindo! Independente de voc\u00ea ser \u201cSaramandaia\u201d, \u201cBole-bole\u201d ou de qualquer outro agrupamento pol\u00edtico, estou aqui de bra\u00e7os abertos para receber todos que chegarem com o mesmo carinho. Isto porque eu, Valmir Monteiro, nunca tive paix\u00f5es pol\u00edticas. A minha \u00fanica paix\u00e3o \u00e9 por voc\u00ea, Lagarto!\u201d, afirmou o gestor, sendo aplaudido pelo povo.<\/p>\n<p style=\"text-align: justify;\">Para Leo, morador do bairro Boa Vista, desde que o prefeito assumiu a administra\u00e7\u00e3o do munic\u00edpio, os progressos s\u00e3o muitos. \u201cNasci e fui criado aqui no bairro, e o primeiro prefeito que olhou por n\u00f3s foi Valmir Monteiro. Ele trouxe ilumina\u00e7\u00e3o, cal\u00e7amento e, se Deus quiser, vai continuar na prefeitura para que n\u00f3s, cidad\u00e3os humildes de Lagarto, n\u00e3o sejamos esquecidos por aqueles que nunca olharam por n\u00f3s. Tenha certeza, Valmir, que o povo do Boa Vista e de Lagarto n\u00e3o quer jamais voltar ao atraso!\u201d, frisou o jovem.<\/p>\n<p style=\"text-align: justify;\">Na oportunidade, Valmir Monteiro citou que tudo que ele realizou at\u00e9 agora, apesar de ser muito mais do que as administra\u00e7\u00f5es anteriores tentaram fazer, representa apenas uma parte do seu projeto politico-administrativo para Lagarto. \u201cMinha pretens\u00e3o maior \u00e9 fazer com que nossa querida Lagarto desenvolva ao m\u00e1ximo seu potencial econ\u00f4mico, para que a qualidade de vida dos lagartenses seja cada dia melhor\u201d, destacou o prefeito.<\/p>\n<p style=\"text-align: justify;\"><em><strong>Da Empauta Comunica\u00e7\u00e3o<\/strong><\/em><\/p>\n","protected":false},"excerpt":{"rendered":"<p>&nbsp; A pra\u00e7a do conjunto Laudelino, no munic\u00edpio de Lagarto, ficou pequena nesta \u00faltima sexta-feira (17), durante uma passeata da coliga\u00e7\u00e3o \u201cLagarto Sempre em Frente\u201d. A multid\u00e3o estava animada, cantando as m\u00fasicas do grupo, erguendo bandeiras e gritando o nome do prefeito e candidato \u00e0 reelei\u00e7\u00e3o, Valmir Monteiro (PSC). A emo\u00e7\u00e3o tomou conta da cidade [&hellip;]<\/p>\n","protected":false},"author":3,"featured_media":38727,"comment_status":"closed","ping_status":"closed","sticky":false,"template":"","format":"standard","meta":{"footnotes":""},"categories":[6],"tags":[],"class_list":{"0":"post-38725","1":"post","2":"type-post","3":"status-publish","4":"format-standard","5":"has-post-thumbnail","7":"category-politica"},"_links":{"self":[{"href":"https:\/\/senoticias.com.br\/se\/wp-json\/wp\/v2\/posts\/38725"}],"collection":[{"href":"https:\/\/senoticias.com.br\/se\/wp-json\/wp\/v2\/posts"}],"about":[{"href":"https:\/\/senoticias.com.br\/se\/wp-json\/wp\/v2\/types\/post"}],"author":[{"embeddable":true,"href":"https:\/\/senoticias.com.br\/se\/wp-json\/wp\/v2\/users\/3"}],"replies":[{"embeddable":true,"href":"https:\/\/senoticias.com.br\/se\/wp-json\/wp\/v2\/comments?post=38725"}],"version-history":[{"count":0,"href":"https:\/\/senoticias.com.br\/se\/wp-json\/wp\/v2\/posts\/38725\/revisions"}],"wp:featuredmedia":[{"embeddable":true,"href":"https:\/\/senoticias.com.br\/se\/wp-json\/wp\/v2\/media\/38727"}],"wp:attachment":[{"href":"https:\/\/senoticias.com.br\/se\/wp-json\/wp\/v2\/media?parent=38725"}],"wp:term":[{"taxonomy":"category","embeddable":true,"href":"https:\/\/senoticias.com.br\/se\/wp-json\/wp\/v2\/categories?post=38725"},{"taxonomy":"post_tag","embeddable":true,"href":"https:\/\/senoticias.com.br\/se\/wp-json\/wp\/v2\/tags?post=38725"}],"curies":[{"name":"wp","href":"https:\/\/api.w.org\/{rel}","templated":true}]}}