{"id":37504,"date":"2012-07-24T14:32:18","date_gmt":"2012-07-24T17:32:18","guid":{"rendered":"http:\/\/senoticias.com.br\/se\/?p=37504"},"modified":"2012-07-24T14:32:37","modified_gmt":"2012-07-24T17:32:37","slug":"candidatura-de-pastor-heleno-empolga-militancia-e-populacao-de-caninde","status":"publish","type":"post","link":"https:\/\/senoticias.com.br\/se\/candidatura-de-pastor-heleno-empolga-militancia-e-populacao-de-caninde\/","title":{"rendered":"Candidatura de Pastor Heleno empolga milit\u00e2ncia e popula\u00e7\u00e3o de Canind\u00e9"},"content":{"rendered":"<div id=\"attachment_37505\" style=\"width: 260px\" class=\"wp-caption alignleft\"><a href=\"http:\/\/senoticias.com.br\/se\/wp-content\/uploads\/2012\/07\/HelenoRosa.jpg\"><img loading=\"lazy\" decoding=\"async\" aria-describedby=\"caption-attachment-37505\" class=\"size-full wp-image-37505\" title=\"Heleno&amp;Rosa\" src=\"http:\/\/senoticias.com.br\/se\/wp-content\/uploads\/2012\/07\/HelenoRosa.jpg\" alt=\"\" width=\"250\" height=\"243\" srcset=\"https:\/\/senoticias.com.br\/se\/wp-content\/uploads\/2012\/07\/HelenoRosa.jpg 250w, https:\/\/senoticias.com.br\/se\/wp-content\/uploads\/2012\/07\/HelenoRosa-50x50.jpg 50w\" sizes=\"(max-width: 250px) 100vw, 250px\" \/><\/a><p id=\"caption-attachment-37505\" class=\"wp-caption-text\">Pastor Heleno Acompanhado pela candidata a vice-prefeita Rosa Maria (PSB)<\/p><\/div>\n<p style=\"text-align: justify;\">A campanha de Heleno Silva (PRB) \u00e0 Prefeitura de Canind\u00e9, nesta semana, est\u00e1 sendo marcada pelas visitas e reuni\u00f5es em bairros da cidade, muita delas promovidas por candidatos a vereador pela coliga\u00e7\u00e3o liderada pelo deputado, a &#8220;Um novo tempo para Canind\u00e9&#8221;.<\/p>\n<p style=\"text-align: justify;\">Acompanhado pela candidata a vice-prefeita Rosa Maria (PSB) e aliados o candidato a prefeito passou por todas as \u00e1reas administrativas de Canind\u00e9. As atividades dos candidatos durante a semana registraram passagens pelos bairros Olaria, Mutir\u00e3o, Capim Grosso e Curituba.\u00a0 &#8220;Nesse in\u00edcio de campanha, estamos mostrando \u00e0 popula\u00e7\u00e3o de Canind\u00e9 o que pretendemos fazer para resgatar as a\u00e7\u00f5es da Prefeitura e os projetos que queremos implantar se formos eleitos&#8221;, diz Heleno, que neste s\u00e1bado, 28, lan\u00e7ar\u00e1 o Comit\u00ea na cidade.<\/p>\n<p style=\"text-align: justify;\">Os candidatos e sua comitiva visitaram a feira livre e depois estiveram no Gin\u00e1sio de Esportes para assistir a final do Campeonato de Futebol Feminino de Sal\u00e3o. J\u00e1 no domingo, a maratona continuou e eles foram aos povoados ouvir as reivindica\u00e7\u00f5es dos moradores.<\/p>\n<p style=\"text-align: justify;\">Heleno e Rosa vem surpreendendo os seus advers\u00e1rios. Com uma estrat\u00e9gia de ir ao encontro do eleitor, eles est\u00e3o realizando caminhadas por toda a cidade. Com um microfone em m\u00e3os, os candidatos tem escutado dos moradores os desafios e suas necessidades.\u00a0 A maior surpresa da popula\u00e7\u00e3o foi ao saber que depois da Busca Ativa do Governo, foi detectado que Canind\u00e9 tem o mesmo \u00edndice de pobreza de Po\u00e7o Redondo.<\/p>\n<p style=\"text-align: justify;\">Em alguns momentos, Heleno Silva fala para a popula\u00e7\u00e3o em paradas estrat\u00e9gicas, onde h\u00e1 denuncia de abandono da sa\u00fade no munic\u00edpio que est\u00e1 sucateada mesmo Canind\u00e9 sendo uma cidade rica em arrecada\u00e7\u00e3o de tributos.<\/p>\n<p style=\"text-align: justify;\"><strong>Ascom\/Coliga\u00e7\u00e3o<\/strong><\/p>\n","protected":false},"excerpt":{"rendered":"<p>A campanha de Heleno Silva (PRB) \u00e0 Prefeitura de Canind\u00e9, nesta semana, est\u00e1 sendo marcada pelas visitas e reuni\u00f5es em bairros da cidade, muita delas promovidas por candidatos a vereador pela coliga\u00e7\u00e3o liderada pelo deputado, a &#8220;Um novo tempo para Canind\u00e9&#8221;. Acompanhado pela candidata a vice-prefeita Rosa Maria (PSB) e aliados o candidato a prefeito [&hellip;]<\/p>\n","protected":false},"author":3,"featured_media":37505,"comment_status":"closed","ping_status":"closed","sticky":false,"template":"","format":"standard","meta":{"footnotes":""},"categories":[6],"tags":[],"class_list":{"0":"post-37504","1":"post","2":"type-post","3":"status-publish","4":"format-standard","5":"has-post-thumbnail","7":"category-politica"},"_links":{"self":[{"href":"https:\/\/senoticias.com.br\/se\/wp-json\/wp\/v2\/posts\/37504"}],"collection":[{"href":"https:\/\/senoticias.com.br\/se\/wp-json\/wp\/v2\/posts"}],"about":[{"href":"https:\/\/senoticias.com.br\/se\/wp-json\/wp\/v2\/types\/post"}],"author":[{"embeddable":true,"href":"https:\/\/senoticias.com.br\/se\/wp-json\/wp\/v2\/users\/3"}],"replies":[{"embeddable":true,"href":"https:\/\/senoticias.com.br\/se\/wp-json\/wp\/v2\/comments?post=37504"}],"version-history":[{"count":0,"href":"https:\/\/senoticias.com.br\/se\/wp-json\/wp\/v2\/posts\/37504\/revisions"}],"wp:featuredmedia":[{"embeddable":true,"href":"https:\/\/senoticias.com.br\/se\/wp-json\/wp\/v2\/media\/37505"}],"wp:attachment":[{"href":"https:\/\/senoticias.com.br\/se\/wp-json\/wp\/v2\/media?parent=37504"}],"wp:term":[{"taxonomy":"category","embeddable":true,"href":"https:\/\/senoticias.com.br\/se\/wp-json\/wp\/v2\/categories?post=37504"},{"taxonomy":"post_tag","embeddable":true,"href":"https:\/\/senoticias.com.br\/se\/wp-json\/wp\/v2\/tags?post=37504"}],"curies":[{"name":"wp","href":"https:\/\/api.w.org\/{rel}","templated":true}]}}