{"id":37498,"date":"2012-07-24T14:22:33","date_gmt":"2012-07-24T17:22:33","guid":{"rendered":"http:\/\/senoticias.com.br\/se\/?p=37498"},"modified":"2012-07-25T23:00:00","modified_gmt":"2012-07-26T02:00:00","slug":"padre-agredido-fisica-e-moralmente-no-interior","status":"publish","type":"post","link":"https:\/\/senoticias.com.br\/se\/padre-agredido-fisica-e-moralmente-no-interior\/","title":{"rendered":"Padre agredido f\u00edsica e moralmente no interior"},"content":{"rendered":"<p style=\"text-align: justify;\"><a href=\"http:\/\/senoticias.com.br\/se\/wp-content\/uploads\/2012\/07\/23351681.jpg\"><img loading=\"lazy\" decoding=\"async\" class=\"alignleft size-medium wp-image-37499\" title=\"23351681\" src=\"http:\/\/senoticias.com.br\/se\/wp-content\/uploads\/2012\/07\/23351681-300x206.jpg\" alt=\"\" width=\"300\" height=\"206\" srcset=\"https:\/\/senoticias.com.br\/se\/wp-content\/uploads\/2012\/07\/23351681-300x206.jpg 300w, https:\/\/senoticias.com.br\/se\/wp-content\/uploads\/2012\/07\/23351681-342x235.jpg 342w, https:\/\/senoticias.com.br\/se\/wp-content\/uploads\/2012\/07\/23351681.jpg 473w\" sizes=\"(max-width: 300px) 100vw, 300px\" \/><\/a>O Padre Genaldo Gon\u00e7alves, da Par\u00f3quia Nossa Senhora do Patroc\u00ednio em Pedra Mole\/SE, denunciou a agress\u00e3o sofrida no \u00faltimo final de semana no munic\u00edpio. O p\u00e1roco relata que estava prestes a celebrar uma missa enquanto alguns \u201cbaderneiros\u201d utilizavam o som do carro em volume muito alto.<\/p>\n<p style=\"text-align: justify;\">Para tentar amenizar a situa\u00e7\u00e3o o padre pediu para baixar o som e, em seguida, tentou registrar o fato com uma c\u00e2mera port\u00e1til. Segundo o padre, no momento que filmava os homens se aproximaram, tomaram a c\u00e2mera, um deles empurrou o sacerdote e outro agrediu com uma \u201cpesada\u201d nas costas.<\/p>\n<p style=\"text-align: justify;\">\u201cTomaram a m\u00e1quina e de repente fizeram uma esp\u00e9cie de compl\u00f4 do meu lado, um monte de gente l\u00e1, um me deu um empurr\u00e3o o outro me deu uma pesada nas costas\u201d, disse o padre.<\/p>\n<p style=\"text-align: justify;\">Padre Genaldo tamb\u00e9m reclamou de motoqueiros que fizeram \u201calgazarra\u201d em frente \u00e0 casa paroquial, demonstrando falta de respeito com a Igreja e seu representante local.<\/p>\n<p style=\"text-align: justify;\">O problema foi parar na delegacia da cidade, por\u00e9m n\u00e3o surtiu efeito porque a delegacia conta apenas com um policial militar. O sacerdote esteve na Delegacia de Itabaiana e prestou queixa sobre o ocorrido.<\/p>\n<p style=\"text-align: justify;\"><strong>Da reda\u00e7\u00e3o FM Itabaiana.<\/strong><\/p>\n","protected":false},"excerpt":{"rendered":"<p>O Padre Genaldo Gon\u00e7alves, da Par\u00f3quia Nossa Senhora do Patroc\u00ednio em Pedra Mole\/SE, denunciou a agress\u00e3o sofrida no \u00faltimo final de semana no munic\u00edpio. O p\u00e1roco relata que estava prestes a celebrar uma missa enquanto alguns \u201cbaderneiros\u201d utilizavam o som do carro em volume muito alto. Para tentar amenizar a situa\u00e7\u00e3o o padre pediu para [&hellip;]<\/p>\n","protected":false},"author":3,"featured_media":37499,"comment_status":"closed","ping_status":"closed","sticky":false,"template":"","format":"standard","meta":{"footnotes":""},"categories":[15,38,46],"tags":[],"class_list":{"0":"post-37498","1":"post","2":"type-post","3":"status-publish","4":"format-standard","5":"has-post-thumbnail","7":"category-destaques","8":"category-municipios","9":"category-religiao"},"_links":{"self":[{"href":"https:\/\/senoticias.com.br\/se\/wp-json\/wp\/v2\/posts\/37498"}],"collection":[{"href":"https:\/\/senoticias.com.br\/se\/wp-json\/wp\/v2\/posts"}],"about":[{"href":"https:\/\/senoticias.com.br\/se\/wp-json\/wp\/v2\/types\/post"}],"author":[{"embeddable":true,"href":"https:\/\/senoticias.com.br\/se\/wp-json\/wp\/v2\/users\/3"}],"replies":[{"embeddable":true,"href":"https:\/\/senoticias.com.br\/se\/wp-json\/wp\/v2\/comments?post=37498"}],"version-history":[{"count":0,"href":"https:\/\/senoticias.com.br\/se\/wp-json\/wp\/v2\/posts\/37498\/revisions"}],"wp:featuredmedia":[{"embeddable":true,"href":"https:\/\/senoticias.com.br\/se\/wp-json\/wp\/v2\/media\/37499"}],"wp:attachment":[{"href":"https:\/\/senoticias.com.br\/se\/wp-json\/wp\/v2\/media?parent=37498"}],"wp:term":[{"taxonomy":"category","embeddable":true,"href":"https:\/\/senoticias.com.br\/se\/wp-json\/wp\/v2\/categories?post=37498"},{"taxonomy":"post_tag","embeddable":true,"href":"https:\/\/senoticias.com.br\/se\/wp-json\/wp\/v2\/tags?post=37498"}],"curies":[{"name":"wp","href":"https:\/\/api.w.org\/{rel}","templated":true}]}}