{"id":37491,"date":"2012-07-24T14:06:26","date_gmt":"2012-07-24T17:06:26","guid":{"rendered":"http:\/\/senoticias.com.br\/se\/?p=37491"},"modified":"2012-07-24T23:28:37","modified_gmt":"2012-07-25T02:28:37","slug":"governo-divulga-lista-dos-convocados-no-concurso-do-magisterio","status":"publish","type":"post","link":"https:\/\/senoticias.com.br\/se\/governo-divulga-lista-dos-convocados-no-concurso-do-magisterio\/","title":{"rendered":"Governo divulga lista dos convocados no concurso do magist\u00e9rio"},"content":{"rendered":"<div class=\"mceTemp\">\n<dl id=\"attachment_1718\" class=\"wp-caption alignleft\" style=\"width: 160px;\">\n<dt class=\"wp-caption-dt\"><a href=\"http:\/\/senoticias.com.br\/se\/wp-content\/uploads\/2011\/02\/Concursos.jpg\"><img loading=\"lazy\" decoding=\"async\" class=\"size-thumbnail wp-image-1718\" title=\"Concursos\" src=\"http:\/\/senoticias.com.br\/se\/wp-content\/uploads\/2011\/02\/Concursos-150x150.jpg\" alt=\"\" width=\"150\" height=\"150\" srcset=\"https:\/\/senoticias.com.br\/se\/wp-content\/uploads\/2011\/02\/Concursos-150x150.jpg 150w, https:\/\/senoticias.com.br\/se\/wp-content\/uploads\/2011\/02\/Concursos-50x50.jpg 50w, https:\/\/senoticias.com.br\/se\/wp-content\/uploads\/2011\/02\/Concursos-70x70.jpg 70w, https:\/\/senoticias.com.br\/se\/wp-content\/uploads\/2011\/02\/Concursos-55x55.jpg 55w\" sizes=\"(max-width: 150px) 100vw, 150px\" \/><\/a><\/dt>\n<dd class=\"wp-caption-dd\"><\/dd>\n<\/dl>\n<\/div>\n<p style=\"text-align: justify;\">Mais que expandir o quadro docente da rede estadual de ensino, o concurso p\u00fablico para professores fortalece a qualidade da educa\u00e7\u00e3o ofertada \u00e0 popula\u00e7\u00e3o, baseando a contrata\u00e7\u00e3o de servidores mediante uma concorr\u00eancia prerrogativa e democr\u00e1tica. Nesta ter\u00e7a-feira, 24, o governador Marcelo D\u00e9da assinou decreto de nomea\u00e7\u00e3o dos habilitados e classificados no Concurso P\u00fablico n\u00ba 01\/2012, promovido pela Secretaria de Estado do Planejamento, Or\u00e7amento e Gest\u00e3o (Seplag).<\/p>\n<p style=\"text-align: justify;\">Os 195 nomeados ir\u00e3o exercer o cargo de Professor de Educa\u00e7\u00e3o B\u00e1sica, N\u00edvel 1, Classe A, da carreira do Magist\u00e9rio P\u00fablico Estadual, do Quadro Permanente de Pessoal Efetivo do Poder Executivo \u2013 Administra\u00e7\u00e3o Direta.<\/p>\n<p style=\"text-align: justify;\">\u201cO concurso p\u00fablico que realizamos recentemente para o cargo de professor de Educa\u00e7\u00e3o B\u00e1sica n\u00edvel 1, classe A da carreira do magist\u00e9rio p\u00fablico ir\u00e1 atender a demanda da nossa rede p\u00fablica, substituindo v\u00ednculos prec\u00e1rios por servidores estatut\u00e1rios. O governo realiza um grande esfor\u00e7o objetivando melhorar o atendimento de nossos jovens e adolescentes que frequentam a rede p\u00fablica. Esses professores ser\u00e3o distribu\u00eddos em todas as diretorias regionais, buscando suprir a demanda\u201d, afirmou D\u00e9da.<\/p>\n<p style=\"text-align: justify;\">Realizada no \u00faltimo m\u00eas de abril, o certame foi promovido para ocupa\u00e7\u00e3o de 1.700 vagas no Magist\u00e9rio estadual. A sele\u00e7\u00e3o visa suprir o d\u00e9ficit de docentes da rede, provocado pela aposentadoria de centenas de profissionais, como tamb\u00e9m pela cria\u00e7\u00e3o e inser\u00e7\u00e3o de novas disciplinas e matizes curriculares em determinadas \u00e1reas de ensino.<\/p>\n<p style=\"text-align: justify;\">Marcelo D\u00e9da explicou que com a nomea\u00e7\u00e3o, os aprovados come\u00e7am a trabalhar j\u00e1 no segundo semestre do ano letivo corrente. \u201cCom o decreto assinado, esses professores passar\u00e3o a trabalhar j\u00e1 no segundo semestre, ajudando a organizar o nosso calend\u00e1rio e reduzir preju\u00edzos decorrentes da \u00faltima paralisa\u00e7\u00e3o. Esperamos que todos sejam muito bem vindos ao magist\u00e9rio p\u00fablico estadual. Temos confian\u00e7a que esses novos professores ajudar\u00e3o o nosso esfor\u00e7o de melhorar a qualidade da educa\u00e7\u00e3o, ampliar o acesso e garantir o funcionamento adequado para a rede estadual de ensino\u201d, disse.<\/p>\n<p style=\"text-align: justify;\">A realiza\u00e7\u00e3o de concursos p\u00fablicos legitima o compromisso do Estado com a qualidade dos servi\u00e7os prestados. O chefe do Executivo destacou o car\u00e1ter democr\u00e1tico da contrata\u00e7\u00e3o por sele\u00e7\u00e3o p\u00fablica. \u201cO decreto mostra mais uma vez o nosso compromisso com o concurso p\u00fablico. Ao longo desses \u00faltimos cinco anos e meio, mais de oito mil servidores de v\u00e1rias carreiras foram contratados pela via do concurso. Com isso, n\u00f3s homenageamos a Constitui\u00e7\u00e3o da Rep\u00fablica, valorizamos o conhecimento do cidad\u00e3o, a sua capacidade de estudo e a sua dedica\u00e7\u00e3o \u00e0 carreira que escolheu e reduzimos os v\u00ednculos prec\u00e1rios, criando um servi\u00e7o p\u00fablico cada vez mais estabilizado, dentro dos pressupostos da Constitui\u00e7\u00e3o\u201d, pontuou.<\/p>\n<p style=\"text-align: justify;\">Conforme solicita\u00e7\u00e3o da Secretaria de Estado de Educa\u00e7\u00e3o (Seed), os 195 aprovados nomeados ir\u00e3o compor os quadros das Diretorias de Educa\u00e7\u00e3o 4, 5 e 9 nas seguintes \u00e1reas: polivalente, biologia, f\u00edsica, geografia, educa\u00e7\u00e3o f\u00edsica, filosofia, hist\u00f3ria, l\u00edngua espanhola, l\u00edngua inglesa, matem\u00e1tica, qu\u00edmica e sociologia.<\/p>\n<p style=\"text-align: justify;\">Os professores convocados para a DRE 4, com sede em Japaratuba,\u00a0 atuar\u00e3o nos munic\u00edpios de Japaratuba, Pirambu, Carm\u00f3polis, General Maynard, Ros\u00e1rio do Catete, Maruim, Capela e Muribeca. J\u00e1 os convocados para DRE 5, cuja sede fica em Nossa Senhora das Dores,\u00a0\u00a0 trabalhar\u00e3o nos munic\u00edpios de Graccho Cardoso, Cumbe, Divina Pastora, Siriri e Nossa Senhora das Dores. Os convocados para DR 9 sediada em Nossa Senhora da Gl\u00f3ria, trabalhar\u00e3o em Canind\u00e9 do S\u00e3o Francisco, Po\u00e7o Redondo, Monte Alegre, Nossa Senhora da Gl\u00f3ria e Feira Nova.<\/p>\n<p style=\"text-align: justify;\"><strong>Secretaria de Estado da Comunica\u00e7\u00e3o Social\/Governo de Sergipe<\/strong><\/p>\n<p style=\"text-align: justify;\"><a href=\"http:\/\/www.seed.se.gov.br\/noticia.asp?cdnoticia=6560\" target=\"_blank\"><br \/>\n<strong>Acesse o decreto com a lista de convocados clicando aqui.<\/strong><\/a><\/p>\n","protected":false},"excerpt":{"rendered":"<p>Mais que expandir o quadro docente da rede estadual de ensino, o concurso p\u00fablico para professores fortalece a qualidade da educa\u00e7\u00e3o ofertada \u00e0 popula\u00e7\u00e3o, baseando a contrata\u00e7\u00e3o de servidores mediante uma concorr\u00eancia prerrogativa e democr\u00e1tica. Nesta ter\u00e7a-feira, 24, o governador Marcelo D\u00e9da assinou decreto de nomea\u00e7\u00e3o dos habilitados e classificados no Concurso P\u00fablico n\u00ba 01\/2012, [&hellip;]<\/p>\n","protected":false},"author":3,"featured_media":1718,"comment_status":"closed","ping_status":"closed","sticky":false,"template":"","format":"standard","meta":{"footnotes":""},"categories":[15,44],"tags":[],"class_list":{"0":"post-37491","1":"post","2":"type-post","3":"status-publish","4":"format-standard","5":"has-post-thumbnail","7":"category-destaques","8":"category-educacao"},"_links":{"self":[{"href":"https:\/\/senoticias.com.br\/se\/wp-json\/wp\/v2\/posts\/37491"}],"collection":[{"href":"https:\/\/senoticias.com.br\/se\/wp-json\/wp\/v2\/posts"}],"about":[{"href":"https:\/\/senoticias.com.br\/se\/wp-json\/wp\/v2\/types\/post"}],"author":[{"embeddable":true,"href":"https:\/\/senoticias.com.br\/se\/wp-json\/wp\/v2\/users\/3"}],"replies":[{"embeddable":true,"href":"https:\/\/senoticias.com.br\/se\/wp-json\/wp\/v2\/comments?post=37491"}],"version-history":[{"count":0,"href":"https:\/\/senoticias.com.br\/se\/wp-json\/wp\/v2\/posts\/37491\/revisions"}],"wp:featuredmedia":[{"embeddable":true,"href":"https:\/\/senoticias.com.br\/se\/wp-json\/wp\/v2\/media\/1718"}],"wp:attachment":[{"href":"https:\/\/senoticias.com.br\/se\/wp-json\/wp\/v2\/media?parent=37491"}],"wp:term":[{"taxonomy":"category","embeddable":true,"href":"https:\/\/senoticias.com.br\/se\/wp-json\/wp\/v2\/categories?post=37491"},{"taxonomy":"post_tag","embeddable":true,"href":"https:\/\/senoticias.com.br\/se\/wp-json\/wp\/v2\/tags?post=37491"}],"curies":[{"name":"wp","href":"https:\/\/api.w.org\/{rel}","templated":true}]}}