{"id":37485,"date":"2012-07-24T08:42:58","date_gmt":"2012-07-24T11:42:58","guid":{"rendered":"http:\/\/senoticias.com.br\/se\/?p=37485"},"modified":"2012-07-24T08:49:44","modified_gmt":"2012-07-24T11:49:44","slug":"37485","status":"publish","type":"post","link":"https:\/\/senoticias.com.br\/se\/37485\/","title":{"rendered":"Governo investe na profissionaliza\u00e7\u00e3o de adolescentes em risco social"},"content":{"rendered":"<p style=\"text-align: justify;\">Al\u00e9m de ser o primeiro passo para o ingresso no mercado de trabalho, a profissionaliza\u00e7\u00e3o \u00e9 um meio fundamental no processo de ressocializa\u00e7\u00e3o e reinser\u00e7\u00e3o do jovem na sociedade. Pensando nisso, a Funda\u00e7\u00e3o Renascer, atrav\u00e9s de um conv\u00eanio firmado com o Servi\u00e7o Nacional de Aprendizagem Comercial (Senac), tem se empenhado em oferecer cursos nas mais variadas \u00e1reas aos assistidos das unidades protetivas e socioeducativas.<\/p>\n<p style=\"text-align: justify;\">Diante da possibilidade de dar uma guinada na vida e de olho em um futuro promissor, os adolescentes t\u00eam correspondido \u00e0s expectativas e se empenhado em aprender. \u201c\u00c9 sempre bom participar de cursos. Antes n\u00e3o tinha essa oportunidade porque vivia na rua. Infelizmente acabei perdendo a liberdade, mas isso acabou servindo para perceber o seu valor e tamb\u00e9m aprender uma profiss\u00e3o, que espero seguir\u201d, revelou um adolescente que cumpre medida de interna\u00e7\u00e3o na Unidade Socioeducativa de Interna\u00e7\u00e3o Provis\u00f3ria (Usip).<\/p>\n<p style=\"text-align: justify;\">As aulas acontecem nas unidades e dentre os cursos oferecidos que, j\u00e1 foram realizados ou est\u00e3o em andamento, destacam-se os de inform\u00e1tica, instalador hidr\u00e1ulico e el\u00e9trico, pintura, texturiza\u00e7\u00e3o de parede, designer de estamparia em camisetas, preparo de bolos e tortas e flores emborrachadas e apliques. At\u00e9 o m\u00eas de outubro ser\u00e3o ofertados mais 11 cursos.<\/p>\n<p style=\"text-align: justify;\">Na quinta-feira, dia 19, o Senac iniciou mais uma turma do curso de instalador hidr\u00e1ulico na Usip. As aulas seguem o mesmo padr\u00e3o das que s\u00e3o ministradas na sede da institui\u00e7\u00e3o e ao final, os que tiverem 100% de aproveitamento, recebem certificados, podendo ainda, depois de deixarem o internamento ou progredirem para medida de semiliberdade serem encaminhados a uma vaga de emprego.<\/p>\n<p style=\"text-align: justify;\">A op\u00e7\u00e3o por cursos ligados a \u00e1rea da constru\u00e7\u00e3o civil se d\u00e1 pela grande procura de profissionais capacitados no mercado. \u201cEu quero trabalhar e mostrar que o passado ficou da porta para dentro da unidade. L\u00e1 fora vai ser vida nova\u201d, salientou um socioeducando. J\u00e1 no Centro de Atendimento ao Menor (Cenam) est\u00e1 em andamento o curso de T\u00e9cnicas b\u00e1sicas de pintura e texturiza\u00e7\u00e3o de parede com a participa\u00e7\u00e3o de dez adolescentes. A previs\u00e3o \u00e9 de que as aulas terminem no m\u00eas de agosto.<\/p>\n<p style=\"text-align: justify;\">Segundo o professor Lauro Alves, no curso os adolescentes t\u00eam a oportunidade de aprender v\u00e1rias t\u00e9cnicas de textura, sendo que as mais usadas s\u00e3o as de pingo de jaca, bambu e r\u00fastica. \u201cAl\u00e9m das t\u00e9cnicas j\u00e1 preexistentes, eu estimulo a criatividade do aluno para que ele possa desenvolver suas pr\u00f3prias t\u00e9cnicas e tipos de textura\u201d, destacou o professor, acrescentando que com as t\u00e9cnicas apresentadas em sala de aula o adolescente poder\u00e1 fazer trabalhos criativos. \u201cHoje no mercado, o profissional chega a ganhar com a aplica\u00e7\u00e3o da textura at\u00e9 R$ 7 por cada metro quadrado\u201d, informou.<\/p>\n<p style=\"text-align: justify;\">Esse mesmo curso foi conclu\u00eddo recentemente pelos socioeducandos da Comunidade de A\u00e7\u00e3o Socioeducativa S\u00e3o Francisco de Assis (Case), enquanto na Unidade Feminina (Unifem) foi realizado o curso de preparo de bolos e tortas.<\/p>\n<p style=\"text-align: justify;\"><strong>Protetivas<\/strong><\/p>\n<p style=\"text-align: justify;\">Os acolhidos do Centro Estudos e Observa\u00e7\u00e3o (CEO) est\u00e3o participando do curso de t\u00e9cnicas b\u00e1sicas de instala\u00e7\u00f5es el\u00e9tricas. \u201cJ\u00e1 participei de outros cursos e \u00e9 sempre bom ter mais um certificado para acrescentar ao curr\u00edculo\u201d, revelou um acolhido de 15 anos. Segundo a coordenadora de cursos do Senac Macelle Penalva, o mercado tem car\u00eancia de profissionais capacitados e qualificados. \u201cOs adolescentes est\u00e3o tendo a oportunidade de aprender desde a forma como atender ao cliente, o que \u00e9 muito importante, at\u00e9 como fazer uma instala\u00e7\u00e3o el\u00e9trica\u201d.<\/p>\n<p style=\"text-align: justify;\">Na unidade de acolhimento Izabel Abreu, as adolescentes t\u00eam demonstrado dedica\u00e7\u00e3o nas aulas de Serigrafia. O curso come\u00e7ou na \u00faltima ter\u00e7a-feira e se encerra no pr\u00f3ximo m\u00eas. A analista de forma\u00e7\u00e3o profissional do Senac, Elizabete dos Santos, acompanhou a aula inaugural e aproveitou o momento para conversar com as acolhidas. Ela ressaltou a import\u00e2ncia da capacita\u00e7\u00e3o profissional e do valor que tem um certificado emitido pela institui\u00e7\u00e3o.<\/p>\n<p style=\"text-align: justify;\">\u201cFinalizando o curso voc\u00eas ir\u00e3o receber um certificado reconhecido nacionalmente, mostrando que est\u00e3o aptas a desenvolver profissionalmente as t\u00e9cnicas de design\u201d, explicou Elizabete. As aulas s\u00e3o ministradas pelo professor Jos\u00e9 Bomfim. Ele lembrou que, com a capacita\u00e7\u00e3o, as adolescentes poder\u00e3o trabalhar por conta pr\u00f3pria ou conciliar com outras atividades. \u201cElas poder\u00e3o fazer o hor\u00e1rio de trabalho. Sempre tem oportunidades nessa \u00e1rea\u201d, disse Bomfim.<\/p>\n<p style=\"text-align: justify;\">Para uma das acolhidas o in\u00edcio do curso gerou curiosidade. \u201cTinha apenas uma idea do que era, mas j\u00e1 estou agoniada para come\u00e7ar logo a parte pr\u00e1tica. O bom \u00e9 que a gente pode fazer a pr\u00f3pria roupa\u201d, disse a adolescente de 15 anos.<\/p>\n","protected":false},"excerpt":{"rendered":"<p>Al\u00e9m de ser o primeiro passo para o ingresso no mercado de trabalho, a profissionaliza\u00e7\u00e3o \u00e9 um meio fundamental no processo de ressocializa\u00e7\u00e3o e reinser\u00e7\u00e3o do jovem na sociedade. Pensando nisso, a Funda\u00e7\u00e3o Renascer, atrav\u00e9s de um conv\u00eanio firmado com o Servi\u00e7o Nacional de Aprendizagem Comercial (Senac), tem se empenhado em oferecer cursos nas mais [&hellip;]<\/p>\n","protected":false},"author":3,"featured_media":0,"comment_status":"closed","ping_status":"closed","sticky":false,"template":"","format":"standard","meta":{"footnotes":""},"categories":[1],"tags":[],"class_list":{"0":"post-37485","1":"post","2":"type-post","3":"status-publish","4":"format-standard","6":"category-sem-categoria"},"_links":{"self":[{"href":"https:\/\/senoticias.com.br\/se\/wp-json\/wp\/v2\/posts\/37485"}],"collection":[{"href":"https:\/\/senoticias.com.br\/se\/wp-json\/wp\/v2\/posts"}],"about":[{"href":"https:\/\/senoticias.com.br\/se\/wp-json\/wp\/v2\/types\/post"}],"author":[{"embeddable":true,"href":"https:\/\/senoticias.com.br\/se\/wp-json\/wp\/v2\/users\/3"}],"replies":[{"embeddable":true,"href":"https:\/\/senoticias.com.br\/se\/wp-json\/wp\/v2\/comments?post=37485"}],"version-history":[{"count":0,"href":"https:\/\/senoticias.com.br\/se\/wp-json\/wp\/v2\/posts\/37485\/revisions"}],"wp:attachment":[{"href":"https:\/\/senoticias.com.br\/se\/wp-json\/wp\/v2\/media?parent=37485"}],"wp:term":[{"taxonomy":"category","embeddable":true,"href":"https:\/\/senoticias.com.br\/se\/wp-json\/wp\/v2\/categories?post=37485"},{"taxonomy":"post_tag","embeddable":true,"href":"https:\/\/senoticias.com.br\/se\/wp-json\/wp\/v2\/tags?post=37485"}],"curies":[{"name":"wp","href":"https:\/\/api.w.org\/{rel}","templated":true}]}}