{"id":37477,"date":"2012-07-24T08:17:33","date_gmt":"2012-07-24T11:17:33","guid":{"rendered":"http:\/\/senoticias.com.br\/se\/?p=37477"},"modified":"2012-07-24T08:23:04","modified_gmt":"2012-07-24T11:23:04","slug":"camara-de-vereadores-de-aracaju-votara-mais-20-emendas-do-plano-diretor","status":"publish","type":"post","link":"https:\/\/senoticias.com.br\/se\/camara-de-vereadores-de-aracaju-votara-mais-20-emendas-do-plano-diretor\/","title":{"rendered":"Vereadores de Aracaju votar\u00e3o mais 20 emendas do Plano Diretor"},"content":{"rendered":"<div id=\"attachment_8936\" style=\"width: 310px\" class=\"wp-caption alignleft\"><a href=\"http:\/\/senoticias.com.br\/se\/wp-content\/uploads\/2011\/06\/Emanoel-Nascimento.jpg\"><img loading=\"lazy\" decoding=\"async\" aria-describedby=\"caption-attachment-8936\" class=\"size-full wp-image-8936\" title=\"Emanoel Nascimento\" src=\"http:\/\/senoticias.com.br\/se\/wp-content\/uploads\/2011\/06\/Emanoel-Nascimento.jpg\" alt=\"\" width=\"300\" height=\"199\" \/><\/a><p id=\"caption-attachment-8936\" class=\"wp-caption-text\">Emanoel Nascimento - Presidente da C\u00e2mara de Vereadores de Aracaju. (Alberto Dutra)<\/p><\/div>\n<p style=\"text-align: justify;\">Os vereadores da C\u00e2mara Municipal de Aracaju (CMA) se reunir\u00e3o mais uma vez para votar as emendas do Plano Diretor (PD). A Sess\u00e3o Plen\u00e1ria acontecer\u00e1 nesta ter\u00e7a-feira, 24\/7, a partir das 15h. As vota\u00e7\u00f5es ocorrem desde a semana passada e em um volume de 39 emendas, at\u00e9 ent\u00e3o os parlamentares j\u00e1 aprovaram 18, das quais 19 foram adiadas e duas rejeitadas.<\/p>\n<p style=\"text-align: justify;\">A relatora do PD, Miriam Ribeiro (PSD), explicou que para cada vota\u00e7\u00e3o de pauta referente a mat\u00e9ria do plano, s\u00e3o inclu\u00eddas 20 emendas. \u201cTodas as manh\u00e3s, no dia da vota\u00e7\u00e3o, eu ou sub-relator nos reunimos com a equipe t\u00e9cnica para avaliar quais emendas n\u00e3o geram tantos embates e podem ser inclusas nesta primeira etapa das vota\u00e7\u00f5es\u201d, disse.<\/p>\n<p style=\"text-align: justify;\">\u00c9 v\u00e1lido salientar que a primeira Sess\u00e3o Extraordin\u00e1ria do PD, ocorreu para que votassem o Regimento interno do plano, pois, estava desatualizado. Das sess\u00f5es correspondentes as emendas, aconteceram duas que contabilizaram o referido saldo. As emendas adiadas correspondem as consideradas conflitantes ou que precisem de mais esclarecimentos t\u00e9cnicos. Os parlamentares est\u00e3o votando as emendas consideradas consensuais, ou seja, aquelas que n\u00e3o geram embates.<\/p>\n<p style=\"text-align: justify;\">Quem quiser acompanhar, pode assistir em tempo real as vota\u00e7\u00f5es do Plano Diretor pelo canal legislativo (TV Alese \u2013 SIM TV \u2013 canal 16) ou atrav\u00e9s da internet (<a href=\" http:\/\/www.cmaju.se.gov.br\/\" target=\"_blank\"><strong>www.camaradearacaju.com.br<\/strong><\/a>) em \u00e1udio e v\u00eddeo. Outra op\u00e7\u00e3o \u00e9 ouvir transmiss\u00e3o ao vivo pela R\u00e1dio Liberdade 930 AM. O presidente da CMA, Emmanuel Nascimento (PT), ainda refor\u00e7a que \u201ca popula\u00e7\u00e3o pode acompanhar as sess\u00f5es na galeria do pr\u00e9dio da Casa\u201d.<\/p>\n<p style=\"text-align: justify;\"><em><strong>Assessoria de Imprensa\/CMA<\/strong><\/em><\/p>\n","protected":false},"excerpt":{"rendered":"<p>Os vereadores da C\u00e2mara Municipal de Aracaju (CMA) se reunir\u00e3o mais uma vez para votar as emendas do Plano Diretor (PD). A Sess\u00e3o Plen\u00e1ria acontecer\u00e1 nesta ter\u00e7a-feira, 24\/7, a partir das 15h. As vota\u00e7\u00f5es ocorrem desde a semana passada e em um volume de 39 emendas, at\u00e9 ent\u00e3o os parlamentares j\u00e1 aprovaram 18, das quais [&hellip;]<\/p>\n","protected":false},"author":3,"featured_media":8936,"comment_status":"closed","ping_status":"closed","sticky":false,"template":"","format":"standard","meta":{"footnotes":""},"categories":[6],"tags":[],"class_list":{"0":"post-37477","1":"post","2":"type-post","3":"status-publish","4":"format-standard","5":"has-post-thumbnail","7":"category-politica"},"_links":{"self":[{"href":"https:\/\/senoticias.com.br\/se\/wp-json\/wp\/v2\/posts\/37477"}],"collection":[{"href":"https:\/\/senoticias.com.br\/se\/wp-json\/wp\/v2\/posts"}],"about":[{"href":"https:\/\/senoticias.com.br\/se\/wp-json\/wp\/v2\/types\/post"}],"author":[{"embeddable":true,"href":"https:\/\/senoticias.com.br\/se\/wp-json\/wp\/v2\/users\/3"}],"replies":[{"embeddable":true,"href":"https:\/\/senoticias.com.br\/se\/wp-json\/wp\/v2\/comments?post=37477"}],"version-history":[{"count":0,"href":"https:\/\/senoticias.com.br\/se\/wp-json\/wp\/v2\/posts\/37477\/revisions"}],"wp:featuredmedia":[{"embeddable":true,"href":"https:\/\/senoticias.com.br\/se\/wp-json\/wp\/v2\/media\/8936"}],"wp:attachment":[{"href":"https:\/\/senoticias.com.br\/se\/wp-json\/wp\/v2\/media?parent=37477"}],"wp:term":[{"taxonomy":"category","embeddable":true,"href":"https:\/\/senoticias.com.br\/se\/wp-json\/wp\/v2\/categories?post=37477"},{"taxonomy":"post_tag","embeddable":true,"href":"https:\/\/senoticias.com.br\/se\/wp-json\/wp\/v2\/tags?post=37477"}],"curies":[{"name":"wp","href":"https:\/\/api.w.org\/{rel}","templated":true}]}}