{"id":37469,"date":"2012-07-24T07:15:14","date_gmt":"2012-07-24T10:15:14","guid":{"rendered":"http:\/\/senoticias.com.br\/se\/?p=37469"},"modified":"2012-07-24T10:43:31","modified_gmt":"2012-07-24T13:43:31","slug":"rixa-de-torcidas-tem-prisao-e-outra-morte-em-aracaju","status":"publish","type":"post","link":"https:\/\/senoticias.com.br\/se\/rixa-de-torcidas-tem-prisao-e-outra-morte-em-aracaju\/","title":{"rendered":"Rixa de torcidas tem pris\u00e3o e outra morte em Aracaju"},"content":{"rendered":"<p style=\"text-align: justify;\"><a href=\" http:\/\/jornaldodiase.com\/noticias_ler.php?id=1553\" target=\"_blank\"><span style=\"color: #333399;\"><strong>Gabriel Dam\u00e1sio &#8211; Jornal do Dia<\/strong><\/span><\/a><\/p>\n<div id=\"attachment_37473\" style=\"width: 310px\" class=\"wp-caption alignleft\"><a href=\"http:\/\/senoticias.com.br\/se\/wp-content\/uploads\/2012\/07\/foto.php_.jpg\"><img loading=\"lazy\" decoding=\"async\" aria-describedby=\"caption-attachment-37473\" class=\"size-medium wp-image-37473\" title=\"foto.php\" src=\"http:\/\/senoticias.com.br\/se\/wp-content\/uploads\/2012\/07\/foto.php_-300x225.jpg\" alt=\"\" width=\"300\" height=\"225\" srcset=\"https:\/\/senoticias.com.br\/se\/wp-content\/uploads\/2012\/07\/foto.php_-300x225.jpg 300w, https:\/\/senoticias.com.br\/se\/wp-content\/uploads\/2012\/07\/foto.php_-342x256.jpg 342w, https:\/\/senoticias.com.br\/se\/wp-content\/uploads\/2012\/07\/foto.php_-60x45.jpg 60w, https:\/\/senoticias.com.br\/se\/wp-content\/uploads\/2012\/07\/foto.php_-150x113.jpg 150w, https:\/\/senoticias.com.br\/se\/wp-content\/uploads\/2012\/07\/foto.php_-269x201.jpg 269w, https:\/\/senoticias.com.br\/se\/wp-content\/uploads\/2012\/07\/foto.php_.jpg 800w\" sizes=\"(max-width: 300px) 100vw, 300px\" \/><\/a><p id=\"caption-attachment-37473\" class=\"wp-caption-text\">A PM acaba confronto na torcida do Confian\u00e7a e leva torcedor preso ap\u00f3s o jogo.(Divulga\u00e7\u00e3o\/PM)<\/p><\/div>\n<p style=\"text-align: justify;\">A rixa entre as torcidas organizadas de futebol do Sergipe e do Confian\u00e7a teve dois novos lances neste final de semana, quando os dois times voltaram a se enfrentar pela Copa Governador do Estado. Em um deles, o estudante Felipe Gabriel Santos Pereira, 20 anos, foi morto a tiros na pra\u00e7a principal do Conjunto Augusto Franco (zona sul de Aracaju), por volta das 22h de domingo. No outro, o foragido Andr\u00e9 Renovato dos Santos, 21, que estava com sua pris\u00e3o decretada pela 8\u00aa Vara Criminal de Aracaju, foi detido durante o jogo, ao se envolver em uma briga dentro do Est\u00e1dio Lourival Baptista, no S\u00e3o Jos\u00e9 (zona sul).<\/p>\n<p style=\"text-align: justify;\">O crime do Augusto Franco tamb\u00e9m teve um suspeito preso pela PM: Ednaldo Jos\u00e9 dos Santos, 22, que foi capturado ainda no conjunto quando policiais da Companhia de Radiopatrulha (CPRp) faziam buscas pela regi\u00e3o do crime. Ele estava fugindo do local na garupa de uma moto que perdeu o controle e derrapou. O condutor da moto, j\u00e1 identificado pela pol\u00edcia, conseguiu escapar, apesar de tamb\u00e9m ter ca\u00eddo. Um rev\u00f3lver calibre 38 possivelmente usado no ataque foi apreendido, bem como um cigarro de maconha achado em uma das m\u00e3os da v\u00edtima.<\/p>\n<p style=\"text-align: justify;\">Em um v\u00eddeo gravado pelos policiais, o acusado admitiu ter matado Felipe e alegou que fez isso por causa de uma suposta briga em que se envolveram dias antes. Ednaldo afirmou ser da TEC (Torcida Esquadr\u00e3o Colorado), ligada ao Sergipe e indicou que a v\u00edtima seria da Trov\u00e3o Azul, do Confian\u00e7a. Apesar da confiss\u00e3o, os pr\u00f3prios policiais militares n\u00e3o acreditam na rela\u00e7\u00e3o entre o crime e as torcidas. Eles afirmam que o suspeito pode ter usado a rixa como pretexto para tentar justificar o assassinato. A fam\u00edlia de Felipe, abalada, n\u00e3o quis dar entrevistas e disse apenas desconhecer a suposta rixa entre ele e Ednaldo. O caso ser\u00e1 investigado pelo Departamento de Homic\u00eddios e Prote\u00e7\u00e3o \u00e0 Pessoa (DHPP).<\/p>\n<p style=\"text-align: justify;\">No est\u00e1dio &#8211; J\u00e1 no Batist\u00e3o, policiais do Batalh\u00e3o de Pol\u00edcia de Choque (BPChq) faziam o policiamento nas arquibancadas quando, ainda no primeiro tempo do jogo, foi chamada para separar uma briga entre um torcedor do Sergipe e outro do Confian\u00e7a. Ao deter os dois, os policiais identificaram Andr\u00e9, integrante da Trov\u00e3o, e, ao consultar o Infoseg, um sistema eletr\u00f4nico do Minist\u00e9rio da Justi\u00e7a, descobriram o mandado de pris\u00e3o, expedido por conta de um processo no qual \u00e9 acusado de assassinar um torcedor do Sergipe.<\/p>\n<p style=\"text-align: justify;\">O acusado foi levado para a Delegacia Plantonista e enviado a um pres\u00eddio. Andr\u00e9 j\u00e1 foi preso em 2011, depois de assaltar um passageiro dentro de um \u00f4nibus na Avenida Tancredo Neves, no Capucho (zona oeste), tendo alegado na ocasi\u00e3o que a v\u00edtima era um integrante da TEC. Ele respondeu a processo e cumpriu pena por crimes de roubo majorado e porte ilegal de arma. Ainda no jogo entre Sergipe e Confian\u00e7a, dois roj\u00f5es foram apreendidos com torcedores azulinos.<\/p>\n<p style=\"text-align: justify;\"><span style=\"color: #666699;\"><strong>Mat\u00e9ria postada originalmente no Jornal do Dia<\/strong><\/span><\/p>\n","protected":false},"excerpt":{"rendered":"<p>Gabriel Dam\u00e1sio &#8211; Jornal do Dia A rixa entre as torcidas organizadas de futebol do Sergipe e do Confian\u00e7a teve dois novos lances neste final de semana, quando os dois times voltaram a se enfrentar pela Copa Governador do Estado. Em um deles, o estudante Felipe Gabriel Santos Pereira, 20 anos, foi morto a tiros [&hellip;]<\/p>\n","protected":false},"author":3,"featured_media":37473,"comment_status":"closed","ping_status":"closed","sticky":false,"template":"","format":"standard","meta":{"footnotes":""},"categories":[7],"tags":[],"class_list":{"0":"post-37469","1":"post","2":"type-post","3":"status-publish","4":"format-standard","5":"has-post-thumbnail","7":"category-policia"},"_links":{"self":[{"href":"https:\/\/senoticias.com.br\/se\/wp-json\/wp\/v2\/posts\/37469"}],"collection":[{"href":"https:\/\/senoticias.com.br\/se\/wp-json\/wp\/v2\/posts"}],"about":[{"href":"https:\/\/senoticias.com.br\/se\/wp-json\/wp\/v2\/types\/post"}],"author":[{"embeddable":true,"href":"https:\/\/senoticias.com.br\/se\/wp-json\/wp\/v2\/users\/3"}],"replies":[{"embeddable":true,"href":"https:\/\/senoticias.com.br\/se\/wp-json\/wp\/v2\/comments?post=37469"}],"version-history":[{"count":0,"href":"https:\/\/senoticias.com.br\/se\/wp-json\/wp\/v2\/posts\/37469\/revisions"}],"wp:featuredmedia":[{"embeddable":true,"href":"https:\/\/senoticias.com.br\/se\/wp-json\/wp\/v2\/media\/37473"}],"wp:attachment":[{"href":"https:\/\/senoticias.com.br\/se\/wp-json\/wp\/v2\/media?parent=37469"}],"wp:term":[{"taxonomy":"category","embeddable":true,"href":"https:\/\/senoticias.com.br\/se\/wp-json\/wp\/v2\/categories?post=37469"},{"taxonomy":"post_tag","embeddable":true,"href":"https:\/\/senoticias.com.br\/se\/wp-json\/wp\/v2\/tags?post=37469"}],"curies":[{"name":"wp","href":"https:\/\/api.w.org\/{rel}","templated":true}]}}