{"id":37463,"date":"2012-07-24T07:04:32","date_gmt":"2012-07-24T10:04:32","guid":{"rendered":"http:\/\/senoticias.com.br\/se\/?p=37463"},"modified":"2012-07-24T07:06:18","modified_gmt":"2012-07-24T10:06:18","slug":"gusttavo-lima-beija-fa-na-boca-durante-show","status":"publish","type":"post","link":"https:\/\/senoticias.com.br\/se\/gusttavo-lima-beija-fa-na-boca-durante-show\/","title":{"rendered":"Sertanejo Gusttavo Lima beija f\u00e3 na boca durante show"},"content":{"rendered":"<div id=\"attachment_37464\" style=\"width: 310px\" class=\"wp-caption alignleft\"><a href=\"http:\/\/senoticias.com.br\/se\/wp-content\/uploads\/2012\/07\/f_114565.jpg\"><img loading=\"lazy\" decoding=\"async\" aria-describedby=\"caption-attachment-37464\" class=\"size-medium wp-image-37464\" title=\"Gusttavo Lima d\u00c3\u00a1 beij\u00c3\u00a3o em f\u00c3\u00a3 durante show\" src=\"http:\/\/senoticias.com.br\/se\/wp-content\/uploads\/2012\/07\/f_114565-300x200.jpg\" alt=\"\" width=\"300\" height=\"200\" srcset=\"https:\/\/senoticias.com.br\/se\/wp-content\/uploads\/2012\/07\/f_114565-300x200.jpg 300w, https:\/\/senoticias.com.br\/se\/wp-content\/uploads\/2012\/07\/f_114565-342x228.jpg 342w, https:\/\/senoticias.com.br\/se\/wp-content\/uploads\/2012\/07\/f_114565.jpg 610w\" sizes=\"(max-width: 300px) 100vw, 300px\" \/><\/a><p id=\"caption-attachment-37464\" class=\"wp-caption-text\">Gusttavo Lima d\u00e1 beij\u00e3o em f\u00e3 durante show \/ Marcos Madi\/Divulga\u00e7\u00e3o<\/p><\/div>\n<p style=\"text-align: justify;\">Gusttavo Lima n\u00e3o perdeu tempo e deu um belo beijo na boca de uma f\u00e3 durante sua apresenta\u00e7\u00e3o no Rio Preto Country Bulls, uma das etapas do Campeonato Brasileiro de Montarias, que aconteceu em S\u00e3o Jos\u00e9 do Rio Preto, neste domingo (22).<\/p>\n<p style=\"text-align: justify;\">Ele chamou a loira Alessandra que estava na plateia para subir ao palco e perguntou se ela toparia lhe dar um selinho. Com a resposta afirmativa da f\u00e3, ele n\u00e3o se contentou em dar apenas um beijinho de leve e resolveu caprichar.<\/p>\n<p style=\"text-align: justify;\">\u201cMacho que \u00e9 macho beija de l\u00edngua, n\u00e3o tem isso de selinho\u201d, brincou o cantor. Antes da mo\u00e7a ir embora, ele aproveitou ainda para dar outro beijo daqueles.<\/p>\n<p style=\"text-align: justify;\">Haja f\u00f4lego!<\/p>\n<p style=\"text-align: justify;\"><span style=\"color: #666699;\"><strong>PORTAL CARAS\/UOL<\/strong><\/span><\/p>\n","protected":false},"excerpt":{"rendered":"<p>Gusttavo Lima n\u00e3o perdeu tempo e deu um belo beijo na boca de uma f\u00e3 durante sua apresenta\u00e7\u00e3o no Rio Preto Country Bulls, uma das etapas do Campeonato Brasileiro de Montarias, que aconteceu em S\u00e3o Jos\u00e9 do Rio Preto, neste domingo (22). Ele chamou a loira Alessandra que estava na plateia para subir ao palco [&hellip;]<\/p>\n","protected":false},"author":3,"featured_media":37464,"comment_status":"closed","ping_status":"closed","sticky":false,"template":"","format":"standard","meta":{"footnotes":""},"categories":[15,22],"tags":[],"class_list":{"0":"post-37463","1":"post","2":"type-post","3":"status-publish","4":"format-standard","5":"has-post-thumbnail","7":"category-destaques","8":"category-famosos"},"_links":{"self":[{"href":"https:\/\/senoticias.com.br\/se\/wp-json\/wp\/v2\/posts\/37463"}],"collection":[{"href":"https:\/\/senoticias.com.br\/se\/wp-json\/wp\/v2\/posts"}],"about":[{"href":"https:\/\/senoticias.com.br\/se\/wp-json\/wp\/v2\/types\/post"}],"author":[{"embeddable":true,"href":"https:\/\/senoticias.com.br\/se\/wp-json\/wp\/v2\/users\/3"}],"replies":[{"embeddable":true,"href":"https:\/\/senoticias.com.br\/se\/wp-json\/wp\/v2\/comments?post=37463"}],"version-history":[{"count":0,"href":"https:\/\/senoticias.com.br\/se\/wp-json\/wp\/v2\/posts\/37463\/revisions"}],"wp:featuredmedia":[{"embeddable":true,"href":"https:\/\/senoticias.com.br\/se\/wp-json\/wp\/v2\/media\/37464"}],"wp:attachment":[{"href":"https:\/\/senoticias.com.br\/se\/wp-json\/wp\/v2\/media?parent=37463"}],"wp:term":[{"taxonomy":"category","embeddable":true,"href":"https:\/\/senoticias.com.br\/se\/wp-json\/wp\/v2\/categories?post=37463"},{"taxonomy":"post_tag","embeddable":true,"href":"https:\/\/senoticias.com.br\/se\/wp-json\/wp\/v2\/tags?post=37463"}],"curies":[{"name":"wp","href":"https:\/\/api.w.org\/{rel}","templated":true}]}}