{"id":37457,"date":"2012-07-24T06:46:02","date_gmt":"2012-07-24T09:46:02","guid":{"rendered":"http:\/\/senoticias.com.br\/se\/?p=37457"},"modified":"2012-07-25T06:35:28","modified_gmt":"2012-07-25T09:35:28","slug":"defesa-de-roberto-jefferson-dira-que-lula-sabia-do-mensalao","status":"publish","type":"post","link":"https:\/\/senoticias.com.br\/se\/defesa-de-roberto-jefferson-dira-que-lula-sabia-do-mensalao\/","title":{"rendered":"Defesa de Roberto Jefferson dir\u00e1 que Lula sabia do mensal\u00e3o"},"content":{"rendered":"<p><a href=\" http:\/\/oglobo.globo.com\/pais\/defesa-de-roberto-jefferson-dira-que-lula-sabia-do-mensalao-5564266\" target=\"_blank\"><span style=\"color: #0000ff;\"><strong>C\u00c1SSIO BRUNO\/O GLOBO<\/strong><\/span><\/a><\/p>\n<div id=\"attachment_37458\" style=\"width: 310px\" class=\"wp-caption alignleft\"><a href=\"http:\/\/senoticias.com.br\/se\/wp-content\/uploads\/2012\/07\/roberto-jefferson.jpg\"><img loading=\"lazy\" decoding=\"async\" aria-describedby=\"caption-attachment-37458\" class=\"size-medium wp-image-37458\" title=\"roberto-jefferson\" src=\"http:\/\/senoticias.com.br\/se\/wp-content\/uploads\/2012\/07\/roberto-jefferson-300x225.jpg\" alt=\"\" width=\"300\" height=\"225\" srcset=\"https:\/\/senoticias.com.br\/se\/wp-content\/uploads\/2012\/07\/roberto-jefferson-300x225.jpg 300w, https:\/\/senoticias.com.br\/se\/wp-content\/uploads\/2012\/07\/roberto-jefferson-342x256.jpg 342w, https:\/\/senoticias.com.br\/se\/wp-content\/uploads\/2012\/07\/roberto-jefferson-60x45.jpg 60w, https:\/\/senoticias.com.br\/se\/wp-content\/uploads\/2012\/07\/roberto-jefferson-150x113.jpg 150w, https:\/\/senoticias.com.br\/se\/wp-content\/uploads\/2012\/07\/roberto-jefferson-269x201.jpg 269w, https:\/\/senoticias.com.br\/se\/wp-content\/uploads\/2012\/07\/roberto-jefferson.jpg 500w\" sizes=\"(max-width: 300px) 100vw, 300px\" \/><\/a><p id=\"caption-attachment-37458\" class=\"wp-caption-text\">O ex-deputado Federal Roberto Jefferson, delator do esquema do mensal\u00e3o, em sua casa no munic\u00edpio de Comendador. (Levy Gasparian O Globo \/ Eduardo Naddar)<\/p><\/div>\n<p style=\"text-align: justify;\">A defesa do ex-deputado federal Roberto Jefferson (PTB-RJ), um dos 38 r\u00e9us do mensal\u00e3o, vai centrar fogo no ex-presidente Luiz In\u00e1cio Lula da Silva. Em sua sustenta\u00e7\u00e3o oral no julgamento, previsto para come\u00e7ar no pr\u00f3ximo dia 2, no Supremo Tribunal Federal (STF), o advogado de Jefferson, Luiz Francisco Corr\u00eaa Barbosa, dir\u00e1 que Lula n\u00e3o s\u00f3 sabia da exist\u00eancia de todo o esquema como \u201cordenou\u201d a sua execu\u00e7\u00e3o:<\/p>\n<p style=\"text-align: justify;\">\u2014 (Lula) N\u00e3o s\u00f3 sabia (do mensal\u00e3o) como ordenou toda essa lamban\u00e7a \u2014 revelou Barbosa ontem ao GLOBO. \u2014 N\u00e3o \u00e9 poss\u00edvel acusar os empregados e deixar o patr\u00e3o de fora.<\/p>\n<p style=\"text-align: justify;\">A tese da defesa, no entanto, contraria as declara\u00e7\u00f5es do pr\u00f3prio Jefferson, em 2005, durante seu depoimento na Comiss\u00e3o de \u00c9tica da C\u00e2mara. \u00c0 \u00e9poca, antes de ter seu mandato cassado, o presidente nacional do PTB contou que foi ele quem avisou Lula sobre a exist\u00eancia do mensal\u00e3o:<\/p>\n<p style=\"text-align: justify;\">\u2014 Eu contei e as l\u00e1grimas desceram dos olhos dele. O presidente Lula \u00e9 inocente nisso \u2014 afirmou Jefferson, na ocasi\u00e3o.<\/p>\n<p style=\"text-align: justify;\">No mesmo depoimento, ao se referir ao ex-chefe da Casa Civil Jos\u00e9 Dirceu (PT), outro r\u00e9u no processo e apontado na den\u00fancia como \u201cchefe da quadrilha\u201d, Jefferson voltou a defender Lula:<\/p>\n<p style=\"text-align: justify;\">\u2014 Z\u00e9 Dirceu, se voc\u00ea n\u00e3o sair r\u00e1pido da\u00ed (do governo), voc\u00ea vai fazer r\u00e9u um homem inocente, que \u00e9 o presidente Lula. R\u00e1pido, sai r\u00e1pido, Z\u00e9, para voc\u00ea n\u00e3o fazer mal a um homem bom, correto, que eu tenho orgulho de ter apertado a m\u00e3o.<\/p>\n<p style=\"text-align: justify;\">Nesta segunda-feira, por\u00e9m, Barbosa desconversou sobre a mudan\u00e7a de tom:<\/p>\n<p style=\"text-align: justify;\">\u2014 N\u00e3o respondo pelas palavras do Roberto. Sou o advogado dele.<\/p>\n<p style=\"text-align: justify;\"><strong>Defesa tamb\u00e9mquer atacar PGR<\/strong><\/p>\n<p style=\"text-align: justify;\">No julgamento, a defesa de Jefferson tamb\u00e9m atacar\u00e1 a Procuradoria-Geral da Rep\u00fablica (PGR) para desqualificar a den\u00fancia. Delator do mensal\u00e3o, o ex-deputado est\u00e1 sendo acusado pelos crimes de corrup\u00e7\u00e3o passiva e lavagem de dinheiro. Jefferson teria recebido R$ 4 milh\u00f5es do chamado valerioduto. Ele nega qualquer irregularidade. Segundo a PGR, o esquema era operado por Marcos Val\u00e9rio e abastecia parlamentares aliados para votarem a favor de projetos do governo Lula, entre 2003 e 2004.<\/p>\n<p style=\"text-align: justify;\"><strong>\u2014 N\u00e3o houve crime. Vou mostrar que o processo \u00e9 a\u00e7odado, incompleto \u2014 disse Barbosa.<\/strong><\/p>\n<p style=\"text-align: justify;\">Para Fernando Leal, professor da Escola de Direito da Funda\u00e7\u00e3o Getulio Vargas (FGV), a inten\u00e7\u00e3o de levar o nome de Lula ao julgamento pode ser uma tentativa de enfraquecer os argumentos da acusa\u00e7\u00e3o, uma vez que o STF n\u00e3o poderia deixar de condenar os r\u00e9us e excluir o suposto executor do esquema, no caso Lula. Leal disse que a iniciativa teria pouco efeito:<\/p>\n<p style=\"text-align: justify;\">\u2014 As alega\u00e7\u00f5es do advogado de Roberto Jefferson, do ponto de vista jur\u00eddico, n\u00e3o tendem a prosperar na a\u00e7\u00e3o penal. A prerrogativa de incluir novos r\u00e9us no processo \u00e9 exclusiva do Minist\u00e9rio P\u00fablico, que j\u00e1 optou expressamente por n\u00e3o faz\u00ea-lo.<\/p>\n<p style=\"text-align: justify;\">Procurado pelo GLOBO, Lula n\u00e3o quis comentar o caso.<\/p>\n<p style=\"text-align: justify;\">Jefferson chegou a arrolar Lula como testemunha da a\u00e7\u00e3o. Em outros momentos, ele tamb\u00e9m quis tornar o ex-presidente r\u00e9u do mensal\u00e3o, pedido negado pelo ministro Joaquim Barbosa, relator do processo, em 2010. O caso come\u00e7ou a tramitar no STF em 12 de novembro de 2007.<\/p>\n<p style=\"text-align: justify;\">Reeleito semana passada presidente do PTB, o ex-deputado, de 59 anos, ser\u00e1 operado no pr\u00f3ximo s\u00e1bado, no Hospital Samaritano, em Botafogo, para a retirada de um c\u00e2ncer no p\u00e2ncreas. O diagn\u00f3stico foi feito em fase inicial da doen\u00e7a. Ele dever\u00e1 ser internado quinta-feira.<\/p>\n<p style=\"text-align: justify;\">\u2014 O tumor no p\u00e2ncreas \u00e9 de natureza indeterminada. N\u00e3o existe um diagn\u00f3stico ainda. S\u00f3 vamos saber depois da cirurgia, que \u00e9 complexa, mas com grandes chances de recupera\u00e7\u00e3o \u2014 explicou o m\u00e9dico de Jefferson, Jos\u00e9 Ribamar Sab\u00f3ia de Azevedo.<\/p>\n","protected":false},"excerpt":{"rendered":"<p>C\u00c1SSIO BRUNO\/O GLOBO A defesa do ex-deputado federal Roberto Jefferson (PTB-RJ), um dos 38 r\u00e9us do mensal\u00e3o, vai centrar fogo no ex-presidente Luiz In\u00e1cio Lula da Silva. Em sua sustenta\u00e7\u00e3o oral no julgamento, previsto para come\u00e7ar no pr\u00f3ximo dia 2, no Supremo Tribunal Federal (STF), o advogado de Jefferson, Luiz Francisco Corr\u00eaa Barbosa, dir\u00e1 que [&hellip;]<\/p>\n","protected":false},"author":3,"featured_media":37458,"comment_status":"closed","ping_status":"closed","sticky":false,"template":"","format":"standard","meta":{"footnotes":""},"categories":[6],"tags":[],"class_list":{"0":"post-37457","1":"post","2":"type-post","3":"status-publish","4":"format-standard","5":"has-post-thumbnail","7":"category-politica"},"_links":{"self":[{"href":"https:\/\/senoticias.com.br\/se\/wp-json\/wp\/v2\/posts\/37457"}],"collection":[{"href":"https:\/\/senoticias.com.br\/se\/wp-json\/wp\/v2\/posts"}],"about":[{"href":"https:\/\/senoticias.com.br\/se\/wp-json\/wp\/v2\/types\/post"}],"author":[{"embeddable":true,"href":"https:\/\/senoticias.com.br\/se\/wp-json\/wp\/v2\/users\/3"}],"replies":[{"embeddable":true,"href":"https:\/\/senoticias.com.br\/se\/wp-json\/wp\/v2\/comments?post=37457"}],"version-history":[{"count":0,"href":"https:\/\/senoticias.com.br\/se\/wp-json\/wp\/v2\/posts\/37457\/revisions"}],"wp:featuredmedia":[{"embeddable":true,"href":"https:\/\/senoticias.com.br\/se\/wp-json\/wp\/v2\/media\/37458"}],"wp:attachment":[{"href":"https:\/\/senoticias.com.br\/se\/wp-json\/wp\/v2\/media?parent=37457"}],"wp:term":[{"taxonomy":"category","embeddable":true,"href":"https:\/\/senoticias.com.br\/se\/wp-json\/wp\/v2\/categories?post=37457"},{"taxonomy":"post_tag","embeddable":true,"href":"https:\/\/senoticias.com.br\/se\/wp-json\/wp\/v2\/tags?post=37457"}],"curies":[{"name":"wp","href":"https:\/\/api.w.org\/{rel}","templated":true}]}}