{"id":37440,"date":"2012-07-23T16:58:46","date_gmt":"2012-07-23T19:58:46","guid":{"rendered":"http:\/\/senoticias.com.br\/se\/?p=37440"},"modified":"2012-07-23T19:16:59","modified_gmt":"2012-07-23T22:16:59","slug":"policia-prende-homem-por-pote-ilegal-de-arma-de-fogo-em-propria","status":"publish","type":"post","link":"https:\/\/senoticias.com.br\/se\/policia-prende-homem-por-pote-ilegal-de-arma-de-fogo-em-propria\/","title":{"rendered":"Pol\u00edcia prende homem por porte ilegal de arma de fogo em Propri\u00e1"},"content":{"rendered":"<div id=\"attachment_37441\" style=\"width: 310px\" class=\"wp-caption alignleft\"><a href=\"http:\/\/senoticias.com.br\/se\/wp-content\/uploads\/2012\/07\/Gati.jpg\"><img loading=\"lazy\" decoding=\"async\" aria-describedby=\"caption-attachment-37441\" class=\"size-medium wp-image-37441\" title=\"Gati\" src=\"http:\/\/senoticias.com.br\/se\/wp-content\/uploads\/2012\/07\/Gati-300x225.jpg\" alt=\"\" width=\"300\" height=\"225\" srcset=\"https:\/\/senoticias.com.br\/se\/wp-content\/uploads\/2012\/07\/Gati-300x225.jpg 300w, https:\/\/senoticias.com.br\/se\/wp-content\/uploads\/2012\/07\/Gati-342x256.jpg 342w, https:\/\/senoticias.com.br\/se\/wp-content\/uploads\/2012\/07\/Gati-60x45.jpg 60w, https:\/\/senoticias.com.br\/se\/wp-content\/uploads\/2012\/07\/Gati-150x113.jpg 150w, https:\/\/senoticias.com.br\/se\/wp-content\/uploads\/2012\/07\/Gati-269x201.jpg 269w, https:\/\/senoticias.com.br\/se\/wp-content\/uploads\/2012\/07\/Gati.jpg 560w\" sizes=\"(max-width: 300px) 100vw, 300px\" \/><\/a><p id=\"caption-attachment-37441\" class=\"wp-caption-text\">GATI, prendeu, na manh\u00e3 de s\u00e1bado, 21, Carlos Eduardo Poderoso dos Santos, 19 anos, por suspeita de porte ilegal de arma de fogo, no munic\u00edpio de Propri\u00e1.(Foto: GATI)<\/p><\/div>\n<p style=\"text-align: justify;\">A Pol\u00edcia Militar de Sergipe, atrav\u00e9s do Grupo de A\u00e7\u00f5es T\u00e1ticas do Interior (GATI), prendeu, na manh\u00e3 de s\u00e1bado, 21, Carlos Eduardo Poderoso dos Santos, 19 anos, por suspeita de porte ilegal de arma de fogo, no munic\u00edpio de Propri\u00e1, distante 98 quil\u00f4metros de Aracaju.<\/p>\n<p style=\"text-align: justify;\">O indiv\u00edduo, que reside em Propri\u00e1, foi flagrado portando um rev\u00f3lver calibre 38 com tr\u00eas muni\u00e7\u00f5es intactas, durante a\u00e7\u00f5es preventivas de abordagem realizadas pelo GATI na referida cidade. Ao notar um comportamento suspeito por parte do indiv\u00edduo, os militares o abordaram e, durante a revista, encontraram a arma de fogo, com numera\u00e7\u00e3o ileg\u00edvel, na altura da cintura do acusado.<\/p>\n<p style=\"text-align: justify;\">Carlos Eduardo foi conduzido \u00e0 delegacia local pela guarni\u00e7\u00e3o composta pelos soldados Wagner, Henrique, Eduardo e Franco. Vale salientar que as abordagens a pessoas e estabelecimentos comerciais t\u00eam sido refor\u00e7adas pelo GATI nos munic\u00edpios interioranos, com o intuito de prevenir a\u00e7\u00f5es delituosas na \u00e1rea de atua\u00e7\u00e3o do Comando do Policiamento Militar do Interior (CPMI). As a\u00e7\u00f5es fazem parte da chamada \u2018Opera\u00e7\u00e3o Satura\u00e7\u00e3o\u2019.<\/p>\n<p style=\"text-align: justify;\">Ascom\/PM<\/p>\n","protected":false},"excerpt":{"rendered":"<p>A Pol\u00edcia Militar de Sergipe, atrav\u00e9s do Grupo de A\u00e7\u00f5es T\u00e1ticas do Interior (GATI), prendeu, na manh\u00e3 de s\u00e1bado, 21, Carlos Eduardo Poderoso dos Santos, 19 anos, por suspeita de porte ilegal de arma de fogo, no munic\u00edpio de Propri\u00e1, distante 98 quil\u00f4metros de Aracaju. O indiv\u00edduo, que reside em Propri\u00e1, foi flagrado portando um [&hellip;]<\/p>\n","protected":false},"author":3,"featured_media":37441,"comment_status":"closed","ping_status":"closed","sticky":false,"template":"","format":"standard","meta":{"footnotes":""},"categories":[7],"tags":[],"class_list":{"0":"post-37440","1":"post","2":"type-post","3":"status-publish","4":"format-standard","5":"has-post-thumbnail","7":"category-policia"},"_links":{"self":[{"href":"https:\/\/senoticias.com.br\/se\/wp-json\/wp\/v2\/posts\/37440"}],"collection":[{"href":"https:\/\/senoticias.com.br\/se\/wp-json\/wp\/v2\/posts"}],"about":[{"href":"https:\/\/senoticias.com.br\/se\/wp-json\/wp\/v2\/types\/post"}],"author":[{"embeddable":true,"href":"https:\/\/senoticias.com.br\/se\/wp-json\/wp\/v2\/users\/3"}],"replies":[{"embeddable":true,"href":"https:\/\/senoticias.com.br\/se\/wp-json\/wp\/v2\/comments?post=37440"}],"version-history":[{"count":0,"href":"https:\/\/senoticias.com.br\/se\/wp-json\/wp\/v2\/posts\/37440\/revisions"}],"wp:featuredmedia":[{"embeddable":true,"href":"https:\/\/senoticias.com.br\/se\/wp-json\/wp\/v2\/media\/37441"}],"wp:attachment":[{"href":"https:\/\/senoticias.com.br\/se\/wp-json\/wp\/v2\/media?parent=37440"}],"wp:term":[{"taxonomy":"category","embeddable":true,"href":"https:\/\/senoticias.com.br\/se\/wp-json\/wp\/v2\/categories?post=37440"},{"taxonomy":"post_tag","embeddable":true,"href":"https:\/\/senoticias.com.br\/se\/wp-json\/wp\/v2\/tags?post=37440"}],"curies":[{"name":"wp","href":"https:\/\/api.w.org\/{rel}","templated":true}]}}