{"id":37436,"date":"2012-07-23T16:31:52","date_gmt":"2012-07-23T19:31:52","guid":{"rendered":"http:\/\/senoticias.com.br\/se\/?p=37436"},"modified":"2012-07-23T16:33:31","modified_gmt":"2012-07-23T19:33:31","slug":"mpe-propoe-acoes-de-impugnacao-em-siriri-e-nossa-senhora-das-dores","status":"publish","type":"post","link":"https:\/\/senoticias.com.br\/se\/mpe-propoe-acoes-de-impugnacao-em-siriri-e-nossa-senhora-das-dores\/","title":{"rendered":"MPE prop\u00f5e A\u00e7\u00f5es de Impugna\u00e7\u00e3o em Siriri e Nossa Senhora das Dores"},"content":{"rendered":"<p style=\"text-align: justify;\">O Promotor de Justi\u00e7a Dr. Ant\u00f4nio Forte de Souza Junior, atuando junto \u00e0 16\u00aa Zona Eleitoral, que abrange os Munic\u00edpios de Nossa Senhora das Dores e Siriri, prop\u00f4s a impugna\u00e7\u00e3o de registros de candidatura e de Demonstrativos de Regularidade de Atos Partid\u00e1rios (DRAP) na regi\u00e3o.<\/p>\n<p style=\"text-align: justify;\">Quanto aos DRAP, foram verificadas irregularidades relativas ao Partido Democr\u00e1tico Trabalhista \u2013 PDT. A agremia\u00e7\u00e3o apresentou ata de uma conven\u00e7\u00e3o partid\u00e1ria ocorrida no dia 26 de junho formando coliga\u00e7\u00f5es para as chapas majorit\u00e1ria e proporcional. Ocorre que o Diret\u00f3rio Regional do PDT, em 27 de junho, anulou as decis\u00f5es da inst\u00e2ncia municipal e realizou outra conven\u00e7\u00e3o (em 30 de junho), apresentando novos nomes e formando novas coliga\u00e7\u00f5es para a disputar pleito.<\/p>\n<p style=\"text-align: justify;\">J\u00e1 os registros de candidatura impugnados dizem respeito a dois candidatos ao cargo de vice-prefeito: um da cidade de Dores e outro de Siriri. O primeiro n\u00e3o tinha certid\u00e3o de quita\u00e7\u00e3o eleitoral em decorr\u00eancia de irregularidades na presta\u00e7\u00e3o de contas da campanha ocorrida em 2008. O segundo encontra-se ineleg\u00edvel porque teve as contras rejeitadas pelo Tribunal de Contas do Estado (TCE) relativamente ao per\u00edodo em que esteve \u00e0 frente da C\u00e2mara Municipal, nos exerc\u00edcios de 2003 e 2005. Segundo a exordial, no caso de Siriri, h\u00e1 ind\u00edcios da pr\u00e1tica de atos de improbidade administrativa, visto que o er\u00e1rio fora lesionado.<\/p>\n<p style=\"text-align: justify;\">O Promotor de Justi\u00e7a pediu o indeferimento definitivo dos pedidos de registro de candidatura em desacordo com a legisla\u00e7\u00e3o, bem como dos DRAP de Nossa Senhora das Dores em disson\u00e2ncia com as decis\u00f5es da inst\u00e2ncia superior do PTD.<\/p>\n<p style=\"text-align: justify;\"><strong>Hebert Ferreira<\/strong><br \/>\n<strong>Coordenadoria de Comunica\u00e7\u00e3o \u2013 MP\/SE<\/strong><\/p>\n","protected":false},"excerpt":{"rendered":"<p>O Promotor de Justi\u00e7a Dr. Ant\u00f4nio Forte de Souza Junior, atuando junto \u00e0 16\u00aa Zona Eleitoral, que abrange os Munic\u00edpios de Nossa Senhora das Dores e Siriri, prop\u00f4s a impugna\u00e7\u00e3o de registros de candidatura e de Demonstrativos de Regularidade de Atos Partid\u00e1rios (DRAP) na regi\u00e3o. Quanto aos DRAP, foram verificadas irregularidades relativas ao Partido Democr\u00e1tico [&hellip;]<\/p>\n","protected":false},"author":2,"featured_media":0,"comment_status":"closed","ping_status":"closed","sticky":false,"template":"","format":"standard","meta":{"footnotes":""},"categories":[1],"tags":[],"class_list":{"0":"post-37436","1":"post","2":"type-post","3":"status-publish","4":"format-standard","6":"category-sem-categoria"},"_links":{"self":[{"href":"https:\/\/senoticias.com.br\/se\/wp-json\/wp\/v2\/posts\/37436"}],"collection":[{"href":"https:\/\/senoticias.com.br\/se\/wp-json\/wp\/v2\/posts"}],"about":[{"href":"https:\/\/senoticias.com.br\/se\/wp-json\/wp\/v2\/types\/post"}],"author":[{"embeddable":true,"href":"https:\/\/senoticias.com.br\/se\/wp-json\/wp\/v2\/users\/2"}],"replies":[{"embeddable":true,"href":"https:\/\/senoticias.com.br\/se\/wp-json\/wp\/v2\/comments?post=37436"}],"version-history":[{"count":0,"href":"https:\/\/senoticias.com.br\/se\/wp-json\/wp\/v2\/posts\/37436\/revisions"}],"wp:attachment":[{"href":"https:\/\/senoticias.com.br\/se\/wp-json\/wp\/v2\/media?parent=37436"}],"wp:term":[{"taxonomy":"category","embeddable":true,"href":"https:\/\/senoticias.com.br\/se\/wp-json\/wp\/v2\/categories?post=37436"},{"taxonomy":"post_tag","embeddable":true,"href":"https:\/\/senoticias.com.br\/se\/wp-json\/wp\/v2\/tags?post=37436"}],"curies":[{"name":"wp","href":"https:\/\/api.w.org\/{rel}","templated":true}]}}