{"id":37428,"date":"2012-07-23T15:56:36","date_gmt":"2012-07-23T18:56:36","guid":{"rendered":"http:\/\/senoticias.com.br\/se\/?p=37428"},"modified":"2012-07-23T15:58:40","modified_gmt":"2012-07-23T18:58:40","slug":"justica-federal-condena-prefeito-de-indiaroba-a-perda-do-cargo","status":"publish","type":"post","link":"https:\/\/senoticias.com.br\/se\/justica-federal-condena-prefeito-de-indiaroba-a-perda-do-cargo\/","title":{"rendered":"Justi\u00e7a Federal condena prefeito de Indiaroba \u00e0 perda do cargo"},"content":{"rendered":"<div id=\"attachment_28017\" style=\"width: 210px\" class=\"wp-caption alignleft\"><a href=\"http:\/\/senoticias.com.br\/se\/wp-content\/uploads\/2012\/03\/Jo%C3%A3o-Eduardo.jpg\"><img loading=\"lazy\" decoding=\"async\" aria-describedby=\"caption-attachment-28017\" class=\"size-medium wp-image-28017\" title=\"Jo\u00e3o Eduardo\" src=\"http:\/\/senoticias.com.br\/se\/wp-content\/uploads\/2012\/03\/Jo%C3%A3o-Eduardo-200x300.jpg\" alt=\"\" width=\"200\" height=\"300\" \/><\/a><p id=\"caption-attachment-28017\" class=\"wp-caption-text\">Prefeito de Indiaroba, Jo\u00e3o Eduardo de Ara\u00fajo. (Foto: Juarez Silveira \/ Reprodu\u00e7\u00e3o)<\/p><\/div>\n<p style=\"text-align: justify;\">O prefeito de Indiaroba, Jo\u00e3o Eduardo Viegas de Ara\u00fajo, foi condenado \u00e0 perda da fun\u00e7\u00e3o p\u00fablica pela Justi\u00e7a Federal em processo de improbidade administrativa. O prefeito deixou de responder e cumprir ordens judiciais emitidas pela 7\u00aa Vara Federal, que o obrigavam a efetuar o pagamento de honor\u00e1rios advocat\u00edcios de outro processo judicial. Esta \u00e9 a terceira condena\u00e7\u00e3o em primeira inst\u00e2ncia que obriga Viegas a deixar a prefeitura de Indiaroba.<\/p>\n<p style=\"text-align: justify;\">Neste processo, o prefeito de Indiaroba recebeu cinco ordens judiciais para quitar a d\u00edvida, de R$ 1.093,32. Inclusive, uma das intima\u00e7\u00f5es foi feita pessoalmente, informando sobre a possibilidade de agravamento da multa inicial. Como mesmo assim n\u00e3o houve resposta, a Vara Federal determinou o bloqueio de R$ 2.221,20 da conta do munic\u00edpio.<\/p>\n<p style=\"text-align: justify;\">Na a\u00e7\u00e3o, o MPF defendeu que pouco importava o valor da d\u00edvida, mas sim, o desprest\u00edgio e o pouco caso para com o Poder Judici\u00e1rio. Pelo descumprimento da ordem judicial e consequente ato de improbidade administrativa, al\u00e9m de perda da fun\u00e7\u00e3o p\u00fablica, Jo\u00e3o Eduardo Viegas teve os direitos pol\u00edticos suspensos por tr\u00eas anos.<\/p>\n<p style=\"text-align: justify;\">O prefeito tamb\u00e9m foi condenado ao ressarcimento integral do dano que, neste caso, \u00e9 o valor das multas aplicadas \u00e0 prefeitura por descumprimento das ordens judiciais. Viegas dever\u00e1 ainda pagar multa civil de equivalente a dez remunera\u00e7\u00f5es mensais, destinadas ao Fundo de Direitos Difusos e Coletivos.<\/p>\n<p style=\"text-align: justify;\">O prefeito j\u00e1 recorreu da decis\u00e3o e o MPF\/SE j\u00e1 apresentou as contrarraz\u00f5es ao recurso, para an\u00e1lise da Justi\u00e7a Federal. O n\u00famero da a\u00e7\u00e3o \u00e9 0000.253-31.2011.4.05.8502<\/p>\n<p style=\"text-align: justify;\"><strong>Outras condena\u00e7\u00f5es \u2013<\/strong> Em junho, Jo\u00e3o Eduardo Viegas foi condenado \u00e0 perda do cargo em outros dois processos. Em uma das a\u00e7\u00f5es, foram analisadas irregularidades em contrata\u00e7\u00f5es de transporte escolar, no valor de R$ 650 mil. No segundo processo, o alvo era o contrato irregular para constru\u00e7\u00e3o de m\u00f3dulos sanit\u00e1rios no munic\u00edpio, no valor de R$ 200 mil. Nas duas a\u00e7\u00f5es, cabe recurso.<\/p>\n<p style=\"text-align: justify;\"><em><strong>Assessoria de Comunica\u00e7\u00e3o<\/strong><\/em><br \/>\n<em><strong>Minist\u00e9rio P\u00fablico Federal em Sergipe<\/strong><\/em><\/p>\n","protected":false},"excerpt":{"rendered":"<p>O prefeito de Indiaroba, Jo\u00e3o Eduardo Viegas de Ara\u00fajo, foi condenado \u00e0 perda da fun\u00e7\u00e3o p\u00fablica pela Justi\u00e7a Federal em processo de improbidade administrativa. O prefeito deixou de responder e cumprir ordens judiciais emitidas pela 7\u00aa Vara Federal, que o obrigavam a efetuar o pagamento de honor\u00e1rios advocat\u00edcios de outro processo judicial. Esta \u00e9 a [&hellip;]<\/p>\n","protected":false},"author":3,"featured_media":28017,"comment_status":"closed","ping_status":"closed","sticky":false,"template":"","format":"standard","meta":{"footnotes":""},"categories":[6],"tags":[],"class_list":{"0":"post-37428","1":"post","2":"type-post","3":"status-publish","4":"format-standard","5":"has-post-thumbnail","7":"category-politica"},"_links":{"self":[{"href":"https:\/\/senoticias.com.br\/se\/wp-json\/wp\/v2\/posts\/37428"}],"collection":[{"href":"https:\/\/senoticias.com.br\/se\/wp-json\/wp\/v2\/posts"}],"about":[{"href":"https:\/\/senoticias.com.br\/se\/wp-json\/wp\/v2\/types\/post"}],"author":[{"embeddable":true,"href":"https:\/\/senoticias.com.br\/se\/wp-json\/wp\/v2\/users\/3"}],"replies":[{"embeddable":true,"href":"https:\/\/senoticias.com.br\/se\/wp-json\/wp\/v2\/comments?post=37428"}],"version-history":[{"count":0,"href":"https:\/\/senoticias.com.br\/se\/wp-json\/wp\/v2\/posts\/37428\/revisions"}],"wp:featuredmedia":[{"embeddable":true,"href":"https:\/\/senoticias.com.br\/se\/wp-json\/wp\/v2\/media\/28017"}],"wp:attachment":[{"href":"https:\/\/senoticias.com.br\/se\/wp-json\/wp\/v2\/media?parent=37428"}],"wp:term":[{"taxonomy":"category","embeddable":true,"href":"https:\/\/senoticias.com.br\/se\/wp-json\/wp\/v2\/categories?post=37428"},{"taxonomy":"post_tag","embeddable":true,"href":"https:\/\/senoticias.com.br\/se\/wp-json\/wp\/v2\/tags?post=37428"}],"curies":[{"name":"wp","href":"https:\/\/api.w.org\/{rel}","templated":true}]}}