{"id":37422,"date":"2012-07-23T14:17:51","date_gmt":"2012-07-23T17:17:51","guid":{"rendered":"http:\/\/senoticias.com.br\/se\/?p=37422"},"modified":"2012-07-24T17:02:12","modified_gmt":"2012-07-24T20:02:12","slug":"anatel-fiscaliza-cumprimento-da-medida-que-proibe-vendas-de-novas-linhas-da-claro-em-sergipe","status":"publish","type":"post","link":"https:\/\/senoticias.com.br\/se\/anatel-fiscaliza-cumprimento-da-medida-que-proibe-vendas-de-novas-linhas-da-claro-em-sergipe\/","title":{"rendered":"Anatel fiscaliza cumprimento da medida que proibe vendas de novas linhas da Claro em Sergipe"},"content":{"rendered":"<p style=\"text-align: justify;\"><span style=\"color: #333333;\"><strong>O trabalho aconteceu ontem 23, nos pontos de vendas da operadora. Em cada loja foi afixado um aviso informando aos consumidores sobre a proibi\u00e7\u00e3o.<\/strong><\/span><\/p>\n<div id=\"attachment_37423\" style=\"width: 310px\" class=\"wp-caption alignleft\"><a href=\"http:\/\/senoticias.com.br\/se\/wp-content\/uploads\/2012\/07\/foto13.jpg\"><img loading=\"lazy\" decoding=\"async\" aria-describedby=\"caption-attachment-37423\" class=\"size-medium wp-image-37423\" title=\"foto(1)\" src=\"http:\/\/senoticias.com.br\/se\/wp-content\/uploads\/2012\/07\/foto13-300x225.jpg\" alt=\"\" width=\"300\" height=\"225\" srcset=\"https:\/\/senoticias.com.br\/se\/wp-content\/uploads\/2012\/07\/foto13-300x225.jpg 300w, https:\/\/senoticias.com.br\/se\/wp-content\/uploads\/2012\/07\/foto13-342x256.jpg 342w, https:\/\/senoticias.com.br\/se\/wp-content\/uploads\/2012\/07\/foto13-60x45.jpg 60w, https:\/\/senoticias.com.br\/se\/wp-content\/uploads\/2012\/07\/foto13-150x113.jpg 150w, https:\/\/senoticias.com.br\/se\/wp-content\/uploads\/2012\/07\/foto13-269x201.jpg 269w, https:\/\/senoticias.com.br\/se\/wp-content\/uploads\/2012\/07\/foto13.jpg 672w\" sizes=\"(max-width: 300px) 100vw, 300px\" \/><\/a><p id=\"caption-attachment-37423\" class=\"wp-caption-text\">O trabalho aconteceu ontem 23, nos pontos de vendas da operadora.(Foto: Evenilson Santana)<\/p><\/div>\n<p style=\"text-align: justify;\">Em alguns locais, a visita foi feita pelo pr\u00f3prio Gerente da Ag\u00eancia em Sergipe, Odiley Ara\u00fajo e pelo substituto dele, Breno C\u00e9sar. Segundo Odiley, para se certificar de que a Claro est\u00e1 cumprindo a medida foi reita uma verifica\u00e7\u00e3o no sistema da operadora e, inclusive, tirada uma foto do painel em que mostra a quantidade atual de clientes.\u00a0 Ele informou tamb\u00e9m que h\u00e1 fiscais atuando em todo o Estado e colocou o n\u00famero da Anatel \u00e0 diosi\u00e7\u00e3o do p\u00fablico: 1331.<\/p>\n<p style=\"text-align: justify;\">CLARO Pelo menos na capital, a fiscaliza\u00e7\u00e3o da Anatel foi acompanhada pelo Gerente de Varejo BA\/SE, Gilvandro Neto e pelo Gerente da filial SE, Astor Cirne. Em Sergipe existem duas lojas pr\u00f3prias na Capital, uma no Centro e outra no Shopping Jardins e mais 60 pontos de revenda no Estado. De acordo com os gestores, todas as lojas est\u00e3o orientadas a cumprirem a medida.<\/p>\n<p style=\"text-align: justify;\"><a href=\"  http:\/\/evenilsonsantana.blogspot.com.br\/2012\/07\/anatel-fiscaliza-cumprmento-da-medida.html\" target=\"_blank\"><span style=\"color: #000080;\"><strong>Por Evenilson Santana<\/strong><\/span><\/a><\/p>\n","protected":false},"excerpt":{"rendered":"<p>O trabalho aconteceu ontem 23, nos pontos de vendas da operadora. Em cada loja foi afixado um aviso informando aos consumidores sobre a proibi\u00e7\u00e3o. Em alguns locais, a visita foi feita pelo pr\u00f3prio Gerente da Ag\u00eancia em Sergipe, Odiley Ara\u00fajo e pelo substituto dele, Breno C\u00e9sar. Segundo Odiley, para se certificar de que a Claro [&hellip;]<\/p>\n","protected":false},"author":3,"featured_media":37423,"comment_status":"closed","ping_status":"closed","sticky":false,"template":"","format":"standard","meta":{"footnotes":""},"categories":[38],"tags":[],"class_list":{"0":"post-37422","1":"post","2":"type-post","3":"status-publish","4":"format-standard","5":"has-post-thumbnail","7":"category-municipios"},"_links":{"self":[{"href":"https:\/\/senoticias.com.br\/se\/wp-json\/wp\/v2\/posts\/37422"}],"collection":[{"href":"https:\/\/senoticias.com.br\/se\/wp-json\/wp\/v2\/posts"}],"about":[{"href":"https:\/\/senoticias.com.br\/se\/wp-json\/wp\/v2\/types\/post"}],"author":[{"embeddable":true,"href":"https:\/\/senoticias.com.br\/se\/wp-json\/wp\/v2\/users\/3"}],"replies":[{"embeddable":true,"href":"https:\/\/senoticias.com.br\/se\/wp-json\/wp\/v2\/comments?post=37422"}],"version-history":[{"count":0,"href":"https:\/\/senoticias.com.br\/se\/wp-json\/wp\/v2\/posts\/37422\/revisions"}],"wp:featuredmedia":[{"embeddable":true,"href":"https:\/\/senoticias.com.br\/se\/wp-json\/wp\/v2\/media\/37423"}],"wp:attachment":[{"href":"https:\/\/senoticias.com.br\/se\/wp-json\/wp\/v2\/media?parent=37422"}],"wp:term":[{"taxonomy":"category","embeddable":true,"href":"https:\/\/senoticias.com.br\/se\/wp-json\/wp\/v2\/categories?post=37422"},{"taxonomy":"post_tag","embeddable":true,"href":"https:\/\/senoticias.com.br\/se\/wp-json\/wp\/v2\/tags?post=37422"}],"curies":[{"name":"wp","href":"https:\/\/api.w.org\/{rel}","templated":true}]}}