{"id":37417,"date":"2012-07-23T13:58:24","date_gmt":"2012-07-23T16:58:24","guid":{"rendered":"http:\/\/senoticias.com.br\/se\/?p=37417"},"modified":"2012-07-24T14:22:41","modified_gmt":"2012-07-24T17:22:41","slug":"almeida-lima-pega-onibus-e-diz-que-quer-conhecer-a-realidade-de-aracaju","status":"publish","type":"post","link":"https:\/\/senoticias.com.br\/se\/almeida-lima-pega-onibus-e-diz-que-quer-conhecer-a-realidade-de-aracaju\/","title":{"rendered":"Almeida Lima pega \u00f4nibus e diz que quer conhecer a realidade de Aracaju"},"content":{"rendered":"<div id=\"attachment_37418\" style=\"width: 235px\" class=\"wp-caption alignleft\"><a href=\"http:\/\/senoticias.com.br\/se\/wp-content\/uploads\/2012\/07\/Almeida-no-%C3%B4nibus.jpg\"><img loading=\"lazy\" decoding=\"async\" aria-describedby=\"caption-attachment-37418\" class=\"size-medium wp-image-37418\" title=\"Almeida no \u00f4nibus\" src=\"http:\/\/senoticias.com.br\/se\/wp-content\/uploads\/2012\/07\/Almeida-no-%C3%B4nibus-225x300.jpg\" alt=\"\" width=\"225\" height=\"300\" \/><\/a><p id=\"caption-attachment-37418\" class=\"wp-caption-text\">A foto foi postada no per\u00edodo da manh\u00e3 e rapidamente se propagou pelas redes sociais, atrav\u00e9s de r\u00e1pidos compartilhamentos. (Foto: Reprodu\u00e7\u00e3o)<\/p><\/div>\n<p style=\"text-align: justify;\">Devidamente acompanhado da sua equipe de assessoria de imprensa, com fot\u00f3grafo e cinegrafista, o deputado federal e candidato \u00e0 Prefeitura de Aracaju, Almeida Lima (PPS) postou em seu perfil no Facebook uma foto dele dentro de um \u00f4nibus que realiza o transporte p\u00fablico na capital, com a seguinte legenda: &#8220;Estou nos \u00f4nibus conhecendo de perto a realidade do povo Aracajuano&#8221;.<\/p>\n<p style=\"text-align: justify;\">A foto foi postada no per\u00edodo da manh\u00e3 e rapidamente se propagou pelas redes sociais, atrav\u00e9s de r\u00e1pidos compartilhamentos. Alguns consideraram v\u00e1lida a atitude do candidato, mas n\u00e3o foram poucos os que ironizaram ou criticaram &#8211; principalmente pelo fato de Almeida tomar essa atitude em plena campanha eleitoral. Veja a foto e avalie voc\u00ea mesmo, caro leitor!<\/p>\n<p style=\"text-align: justify;\"><em><strong>Fonte: Blog do Max Augusto<\/strong><\/em><\/p>\n","protected":false},"excerpt":{"rendered":"<p>Devidamente acompanhado da sua equipe de assessoria de imprensa, com fot\u00f3grafo e cinegrafista, o deputado federal e candidato \u00e0 Prefeitura de Aracaju, Almeida Lima (PPS) postou em seu perfil no Facebook uma foto dele dentro de um \u00f4nibus que realiza o transporte p\u00fablico na capital, com a seguinte legenda: &#8220;Estou nos \u00f4nibus conhecendo de perto [&hellip;]<\/p>\n","protected":false},"author":3,"featured_media":37418,"comment_status":"closed","ping_status":"closed","sticky":false,"template":"","format":"standard","meta":{"footnotes":""},"categories":[6],"tags":[],"class_list":{"0":"post-37417","1":"post","2":"type-post","3":"status-publish","4":"format-standard","5":"has-post-thumbnail","7":"category-politica"},"_links":{"self":[{"href":"https:\/\/senoticias.com.br\/se\/wp-json\/wp\/v2\/posts\/37417"}],"collection":[{"href":"https:\/\/senoticias.com.br\/se\/wp-json\/wp\/v2\/posts"}],"about":[{"href":"https:\/\/senoticias.com.br\/se\/wp-json\/wp\/v2\/types\/post"}],"author":[{"embeddable":true,"href":"https:\/\/senoticias.com.br\/se\/wp-json\/wp\/v2\/users\/3"}],"replies":[{"embeddable":true,"href":"https:\/\/senoticias.com.br\/se\/wp-json\/wp\/v2\/comments?post=37417"}],"version-history":[{"count":0,"href":"https:\/\/senoticias.com.br\/se\/wp-json\/wp\/v2\/posts\/37417\/revisions"}],"wp:featuredmedia":[{"embeddable":true,"href":"https:\/\/senoticias.com.br\/se\/wp-json\/wp\/v2\/media\/37418"}],"wp:attachment":[{"href":"https:\/\/senoticias.com.br\/se\/wp-json\/wp\/v2\/media?parent=37417"}],"wp:term":[{"taxonomy":"category","embeddable":true,"href":"https:\/\/senoticias.com.br\/se\/wp-json\/wp\/v2\/categories?post=37417"},{"taxonomy":"post_tag","embeddable":true,"href":"https:\/\/senoticias.com.br\/se\/wp-json\/wp\/v2\/tags?post=37417"}],"curies":[{"name":"wp","href":"https:\/\/api.w.org\/{rel}","templated":true}]}}