{"id":37345,"date":"2012-07-21T16:35:28","date_gmt":"2012-07-21T19:35:28","guid":{"rendered":"http:\/\/senoticias.com.br\/se\/?p=37345"},"modified":"2012-07-23T08:52:15","modified_gmt":"2012-07-23T11:52:15","slug":"morre-o-professor-carlos-alberto-do-instituto-federal-de-sergipe","status":"publish","type":"post","link":"https:\/\/senoticias.com.br\/se\/morre-o-professor-carlos-alberto-do-instituto-federal-de-sergipe\/","title":{"rendered":"Morre o professor Carlos Alberto, do Instituto Federal de Sergipe"},"content":{"rendered":"<p><span style=\"color: #333333;\"><strong>\u00c9 com pesar que o Instituto Federal de Sergipe (IFS) informa o falecimento do Prof. Carlos Alberto de Jesus (Naput), neste s\u00e1bado, 21.<\/strong><\/span><\/p>\n<div id=\"attachment_37346\" style=\"width: 310px\" class=\"wp-caption alignleft\"><a href=\"http:\/\/senoticias.com.br\/se\/wp-content\/uploads\/2012\/07\/Prof.-Naput.jpg\"><img loading=\"lazy\" decoding=\"async\" aria-describedby=\"caption-attachment-37346\" class=\"size-medium wp-image-37346\" title=\"Prof. Naput\" src=\"http:\/\/senoticias.com.br\/se\/wp-content\/uploads\/2012\/07\/Prof.-Naput-300x225.jpg\" alt=\"\" width=\"300\" height=\"225\" srcset=\"https:\/\/senoticias.com.br\/se\/wp-content\/uploads\/2012\/07\/Prof.-Naput-300x225.jpg 300w, https:\/\/senoticias.com.br\/se\/wp-content\/uploads\/2012\/07\/Prof.-Naput-342x256.jpg 342w, https:\/\/senoticias.com.br\/se\/wp-content\/uploads\/2012\/07\/Prof.-Naput-60x45.jpg 60w, https:\/\/senoticias.com.br\/se\/wp-content\/uploads\/2012\/07\/Prof.-Naput-150x113.jpg 150w, https:\/\/senoticias.com.br\/se\/wp-content\/uploads\/2012\/07\/Prof.-Naput-269x201.jpg 269w, https:\/\/senoticias.com.br\/se\/wp-content\/uploads\/2012\/07\/Prof.-Naput.jpg 560w\" sizes=\"(max-width: 300px) 100vw, 300px\" \/><\/a><p id=\"caption-attachment-37346\" class=\"wp-caption-text\">Professor Carlos Alberto de Jesus, \u201cProf. Naput\u201d, nasceu no dia 18 de abril de 1962. (Reprodu\u00e7\u00e3o)<\/p><\/div>\n<p style=\"text-align: justify;\">O professor Carlos Alberto de Jesus, \u201cProf. Naput\u201d, nasceu no dia 18 de abril de 1962. Professor efetivo do Instituto Federal de Sergipe &#8211; Campus Aracaju, sempre foi um apaixonado pela sua profiss\u00e3o, atuando de forma efetiva nas \u00e1reas da ci\u00eancia, pesquisa e extens\u00e3o.<\/p>\n<p style=\"text-align: justify;\">Naput sempre falava da sua rela\u00e7\u00e3o com a ci\u00eancia, que come\u00e7ou de forma t\u00edmida, ainda na gradua\u00e7\u00e3o, quando participou do antigo Projeto Rondon. \u201cL\u00e1 fizemos um diagn\u00f3stico de um munic\u00edpio sergipano, foi quando comecei a compreender a import\u00e2ncia de uma fundamenta\u00e7\u00e3o te\u00f3rica, da argumenta\u00e7\u00e3o e principalmente do tratamento de dados\u201d, dizia.<\/p>\n<p style=\"text-align: justify;\">Doutor em Educa\u00e7\u00e3o pela Universidade Federal do Rio Grande do Norte (2009), na linha de pesquisa Estrat\u00e9gias do Pensamento e Produ\u00e7\u00e3o do Conhecimento, Grupo de Estudos de Pr\u00e1ticas Educativas em Movimento, Mestre em Tecnologia, \u00eanfase em Educa\u00e7\u00e3o Tecnol\u00f3gica pelo Centro Federal de Educa\u00e7\u00e3o Tecnol\u00f3gica Celso Suckow da Fonseca &#8211; Rio de Janeiro (1997), Especialista em Educa\u00e7\u00e3o Tecnol\u00f3gica pelo Centro Federal de Educa\u00e7\u00e3o Tecnol\u00f3gica de Minas Gerais(1994) e Licenciado em F\u00edsica pela Universidade Federal de Sergipe (1987).<\/p>\n<p style=\"text-align: justify;\">Tinha experi\u00eancia na \u00e1rea de Educa\u00e7\u00e3o, com \u00eanfase em Ensino de F\u00edsica, Ci\u00eancias da Natureza e Matem\u00e1tica, Metodologia Cient\u00edfica e Did\u00e1tica, Pr\u00e1xis Pedag\u00f3gicas e Curriculo, atuando principalmente nos seguintes temas: F\u00edsica Geral Cl\u00e1ssica e do Quotidiano, Hist\u00f3ria da Ci\u00eancia, Ci\u00eancia e Tecnologia, Forma\u00e7\u00e3o de Professores, Educa\u00e7\u00e3o Profissional, Educa\u00e7\u00e3o do Campo, Pol\u00edticas P\u00fablicas em Educa\u00e7\u00e3o, Pol\u00edticas de conhecimento, Saberes e Pr\u00e1ticas Educativas emancipat\u00f3rias, Curr\u00edculo e Interdisciplinaridade. Pesquisador do Grupo de Pesquisa em Educa\u00e7\u00e3o e Movimentos Sociais da Universidade Federal de Sergipe, atuou como professor colaborador da Licenciatura em Educa\u00e7\u00e3o do Campo, do Departamento de Educa\u00e7\u00e3o da UFS, na \u00e1rea de Ci\u00eancas da Natureza, orientava monografias de conclus\u00e3o de curso e foi L\u00edder do Grupo de Pesquisa em Educa\u00e7\u00e3o, Ensino Profissional e Tecnologia (GPEEPT) no IFS.<\/p>\n<p>A fam\u00edlia IFS se solidariza com sua esposa, Prof. S\u00f4nia, e toda sua fam\u00edlia.<\/p>\n<p><strong>Homenagem de seus amigos e dos servidores do IFS:<\/strong><\/p>\n<p>Can\u00e7\u00e3o da Am\u00e9rica<br \/>\nMilton Nascimento<\/p>\n<p>&#8220;Amigo \u00e9 coisa para se guardar<br \/>\nDebaixo de sete chaves<br \/>\nDentro do cora\u00e7\u00e3o<br \/>\nAssim falava a can\u00e7\u00e3o que na Am\u00e9rica ouvi<br \/>\nMas quem cantava chorou<br \/>\nAo ver o seu amigo partir<\/p>\n<p>Mas quem ficou, no pensamento voou<br \/>\nCom seu canto que o outro lembrou<br \/>\nE quem voou, no pensamento ficou<br \/>\nCom a lembran\u00e7a que o outro cantou<\/p>\n<p>Amigo \u00e9 coisa para se guardar<br \/>\nNo lado esquerdo do peito<br \/>\nMesmo que o tempo e a dist\u00e2ncia digam &#8220;n\u00e3o&#8221;<br \/>\nMesmo esquecendo a can\u00e7\u00e3o<br \/>\nO que importa \u00e9 ouvir<br \/>\nA voz que vem do cora\u00e7\u00e3o<\/p>\n<p>Pois seja o que vier, venha o que vier<br \/>\nQualquer dia, amigo, eu volto<br \/>\nA te encontrar<br \/>\nQualquer dia, amigo, a gente vai se encontrar.&#8221;<\/p>\n<p>&#8220;DESCANSE EM PAZ&#8221;<\/p>\n<p><span style=\"color: #333333;\"><strong>Coordena\u00e7\u00e3o de Comunica\u00e7\u00e3o Social e Eventos &#8211; CCOM<\/strong><\/span><\/p>\n","protected":false},"excerpt":{"rendered":"<p>\u00c9 com pesar que o Instituto Federal de Sergipe (IFS) informa o falecimento do Prof. Carlos Alberto de Jesus (Naput), neste s\u00e1bado, 21. O professor Carlos Alberto de Jesus, \u201cProf. Naput\u201d, nasceu no dia 18 de abril de 1962. Professor efetivo do Instituto Federal de Sergipe &#8211; Campus Aracaju, sempre foi um apaixonado pela sua [&hellip;]<\/p>\n","protected":false},"author":3,"featured_media":37346,"comment_status":"closed","ping_status":"closed","sticky":false,"template":"","format":"standard","meta":{"footnotes":""},"categories":[44,26],"tags":[],"class_list":{"0":"post-37345","1":"post","2":"type-post","3":"status-publish","4":"format-standard","5":"has-post-thumbnail","7":"category-educacao","8":"category-esportes"},"_links":{"self":[{"href":"https:\/\/senoticias.com.br\/se\/wp-json\/wp\/v2\/posts\/37345"}],"collection":[{"href":"https:\/\/senoticias.com.br\/se\/wp-json\/wp\/v2\/posts"}],"about":[{"href":"https:\/\/senoticias.com.br\/se\/wp-json\/wp\/v2\/types\/post"}],"author":[{"embeddable":true,"href":"https:\/\/senoticias.com.br\/se\/wp-json\/wp\/v2\/users\/3"}],"replies":[{"embeddable":true,"href":"https:\/\/senoticias.com.br\/se\/wp-json\/wp\/v2\/comments?post=37345"}],"version-history":[{"count":0,"href":"https:\/\/senoticias.com.br\/se\/wp-json\/wp\/v2\/posts\/37345\/revisions"}],"wp:featuredmedia":[{"embeddable":true,"href":"https:\/\/senoticias.com.br\/se\/wp-json\/wp\/v2\/media\/37346"}],"wp:attachment":[{"href":"https:\/\/senoticias.com.br\/se\/wp-json\/wp\/v2\/media?parent=37345"}],"wp:term":[{"taxonomy":"category","embeddable":true,"href":"https:\/\/senoticias.com.br\/se\/wp-json\/wp\/v2\/categories?post=37345"},{"taxonomy":"post_tag","embeddable":true,"href":"https:\/\/senoticias.com.br\/se\/wp-json\/wp\/v2\/tags?post=37345"}],"curies":[{"name":"wp","href":"https:\/\/api.w.org\/{rel}","templated":true}]}}