{"id":37273,"date":"2012-07-20T14:18:57","date_gmt":"2012-07-20T17:18:57","guid":{"rendered":"http:\/\/senoticias.com.br\/se\/?p=37273"},"modified":"2013-05-18T12:59:31","modified_gmt":"2013-05-18T15:59:31","slug":"alunos-da-escola-que-o-telhado-caiu-nao-sabem-onde-vao-ter-aula-em-se","status":"publish","type":"post","link":"https:\/\/senoticias.com.br\/se\/alunos-da-escola-que-o-telhado-caiu-nao-sabem-onde-vao-ter-aula-em-se\/","title":{"rendered":"Alunos da escola que o telhado caiu n\u00e3o sabem onde v\u00e3o ter aula em SE"},"content":{"rendered":"<p><a href=\" http:\/\/g1.globo.com\/se\/sergipe\/noticia\/2012\/07\/alunos-da-escola-que-o-telhado-caiu-nao-sabem-onde-vao-ter-aula-em-se.html\" target=\"_blank\"><em><strong>Marina Fontenele Do G1 SE<\/strong><\/em><\/a><\/p>\n<div id=\"attachment_37274\" style=\"width: 310px\" class=\"wp-caption alignleft\"><a href=\"http:\/\/senoticias.com.br\/se\/wp-content\/uploads\/2012\/07\/aluna.jpg\"><img loading=\"lazy\" decoding=\"async\" aria-describedby=\"caption-attachment-37274\" class=\"size-full wp-image-37274\" title=\"aluna\" src=\"http:\/\/senoticias.com.br\/se\/wp-content\/uploads\/2012\/07\/aluna.jpg\" alt=\"\" width=\"300\" height=\"225\" srcset=\"https:\/\/senoticias.com.br\/se\/wp-content\/uploads\/2012\/07\/aluna.jpg 300w, https:\/\/senoticias.com.br\/se\/wp-content\/uploads\/2012\/07\/aluna-60x45.jpg 60w, https:\/\/senoticias.com.br\/se\/wp-content\/uploads\/2012\/07\/aluna-150x113.jpg 150w, https:\/\/senoticias.com.br\/se\/wp-content\/uploads\/2012\/07\/aluna-269x201.jpg 269w\" sizes=\"(max-width: 300px) 100vw, 300px\" \/><\/a><p id=\"caption-attachment-37274\" class=\"wp-caption-text\">Juliana e a irm\u00e3 que estudam na mesma escola n\u00e3o sabem quando voltar\u00e3o \u00e0s aulas (Foto: Marina Fontenele\/G1 SE)<\/p><\/div>\n<p style=\"text-align: justify;\">Parte do telhado da Escola Municipal Felisberto Paes Andrade localizada no Povoado Aldeia em S\u00e3o Crist\u00f3v\u00e3o, Sergipe, <a href=\"  http:\/\/senoticias.com.br\/se\/?p=36737\" target=\"_blank\"><strong>desabou no dia 8 de julho e at\u00e9 esta sexta-feira (20)<\/strong> <\/a>nada foi feito para reverter a situa\u00e7\u00e3o. Enquanto isso, alunos n\u00e3o sabem quando v\u00e3o retornar \u00e0s salas de aula, mas a administra\u00e7\u00e3o do munic\u00edpio garante que per\u00edodo letivo est\u00e1 mantido para a data programada.<\/p>\n<p style=\"text-align: justify;\">&#8220;Uma equipe vai come\u00e7ar a trabalhar no reparo do telhado na segunda-feira (23) e as aulas v\u00e3o reiniciar no dia 6 de agosto. At\u00e9 ent\u00e3o estavam sendo feitos os trabalhos burocr\u00e1ticos para o conserto\u201d, garante a assessoria de comunica\u00e7\u00e3o da prefeitura.<\/p>\n<p style=\"text-align: justify;\">A queda de uma pilastra de sustenta\u00e7\u00e3o causou o desabamento parcial da institui\u00e7\u00e3o de ensino que tem mais de 15 anos e nunca passou por reforma. \u201cO telhado caiu por volta das 6h de um domingo, a sorte \u00e9 que n\u00e3o tinha ningu\u00e9m na escola. Eu acordei com um barulho muito alto, pensei at\u00e9 que fosse a minha casa caindo\u201d, relata Jo\u00e3o Ara\u00fajo Santos J\u00fanior, que mora vizinho a escola.<\/p>\n<p style=\"text-align: justify;\">Segundo a estudante Juliana dos Santos, tr\u00eas salas s\u00e3o ocupadas durante as aulas para cerca de 50 alunos do ensino fundamental que no hor\u00e1rio do intervalo ficam na \u00e1rea atingida pelo desabamento. Ela diz que ainda n\u00e3o sabe quando voltar\u00e1 a estudar. \u201cUma amiga me contou que um \u00f4nibus vai levar a gente para assistir aula no Povoado Aninga, at\u00e9 agora n\u00e3o sei como vai ser\u201d, afirma.<\/p>\n<p style=\"text-align: justify;\"><em><strong>Veja tamb\u00e9m!<\/strong><\/em><\/p>\n<p style=\"text-align: justify;\"><a href=\" http:\/\/senoticias.com.br\/se\/?p=36737\" target=\"_blank\"><span style=\"color: #0000ff;\"><strong>Telhado de Escola desaba em S\u00e3o Crist\u00f3v\u00e3o \u2013 SE<\/strong><\/span><\/a><\/p>\n","protected":false},"excerpt":{"rendered":"<p>Marina Fontenele Do G1 SE Parte do telhado da Escola Municipal Felisberto Paes Andrade localizada no Povoado Aldeia em S\u00e3o Crist\u00f3v\u00e3o, Sergipe, desabou no dia 8 de julho e at\u00e9 esta sexta-feira (20) nada foi feito para reverter a situa\u00e7\u00e3o. Enquanto isso, alunos n\u00e3o sabem quando v\u00e3o retornar \u00e0s salas de aula, mas a administra\u00e7\u00e3o [&hellip;]<\/p>\n","protected":false},"author":3,"featured_media":37274,"comment_status":"closed","ping_status":"closed","sticky":false,"template":"","format":"standard","meta":{"footnotes":""},"categories":[15,44,26,38,3],"tags":[],"class_list":{"0":"post-37273","1":"post","2":"type-post","3":"status-publish","4":"format-standard","5":"has-post-thumbnail","7":"category-destaques","8":"category-educacao","9":"category-esportes","10":"category-municipios","11":"category-saocristovao"},"_links":{"self":[{"href":"https:\/\/senoticias.com.br\/se\/wp-json\/wp\/v2\/posts\/37273"}],"collection":[{"href":"https:\/\/senoticias.com.br\/se\/wp-json\/wp\/v2\/posts"}],"about":[{"href":"https:\/\/senoticias.com.br\/se\/wp-json\/wp\/v2\/types\/post"}],"author":[{"embeddable":true,"href":"https:\/\/senoticias.com.br\/se\/wp-json\/wp\/v2\/users\/3"}],"replies":[{"embeddable":true,"href":"https:\/\/senoticias.com.br\/se\/wp-json\/wp\/v2\/comments?post=37273"}],"version-history":[{"count":0,"href":"https:\/\/senoticias.com.br\/se\/wp-json\/wp\/v2\/posts\/37273\/revisions"}],"wp:featuredmedia":[{"embeddable":true,"href":"https:\/\/senoticias.com.br\/se\/wp-json\/wp\/v2\/media\/37274"}],"wp:attachment":[{"href":"https:\/\/senoticias.com.br\/se\/wp-json\/wp\/v2\/media?parent=37273"}],"wp:term":[{"taxonomy":"category","embeddable":true,"href":"https:\/\/senoticias.com.br\/se\/wp-json\/wp\/v2\/categories?post=37273"},{"taxonomy":"post_tag","embeddable":true,"href":"https:\/\/senoticias.com.br\/se\/wp-json\/wp\/v2\/tags?post=37273"}],"curies":[{"name":"wp","href":"https:\/\/api.w.org\/{rel}","templated":true}]}}