{"id":37256,"date":"2012-07-20T06:09:34","date_gmt":"2012-07-20T09:09:34","guid":{"rendered":"http:\/\/senoticias.com.br\/se\/?p=37256"},"modified":"2012-07-20T06:12:34","modified_gmt":"2012-07-20T09:12:34","slug":"mec-libera-2%c2%aa-chamada-do-prouni-confira-o-resultado","status":"publish","type":"post","link":"https:\/\/senoticias.com.br\/se\/mec-libera-2%c2%aa-chamada-do-prouni-confira-o-resultado\/","title":{"rendered":"MEC libera 2\u00aa chamada do Prouni; confira o resultado"},"content":{"rendered":"<p style=\"text-align: justify;\"><a href=\"http:\/\/senoticias.com.br\/se\/wp-content\/uploads\/2012\/07\/Sisu.jpeg\"><img loading=\"lazy\" decoding=\"async\" class=\"alignleft size-thumbnail wp-image-36762\" title=\"Sisu\" src=\"http:\/\/senoticias.com.br\/se\/wp-content\/uploads\/2012\/07\/Sisu-150x150.jpg\" alt=\"\" width=\"150\" height=\"150\" srcset=\"https:\/\/senoticias.com.br\/se\/wp-content\/uploads\/2012\/07\/Sisu-150x150.jpg 150w, https:\/\/senoticias.com.br\/se\/wp-content\/uploads\/2012\/07\/Sisu-50x50.jpg 50w, https:\/\/senoticias.com.br\/se\/wp-content\/uploads\/2012\/07\/Sisu-70x70.jpg 70w, https:\/\/senoticias.com.br\/se\/wp-content\/uploads\/2012\/07\/Sisu-55x55.jpg 55w\" sizes=\"(max-width: 150px) 100vw, 150px\" \/><\/a>O MEC (Minist\u00e9rio da Educa\u00e7\u00e3o) divulgou nesta sexta-feira (20) a segunda chamada do Prouni (Programa Universidade para Todos) do segundo semestre de 2012. O resultado pode ser consultado pelo site do MEC, pelo telefone 0800-616161 ou nas institui\u00e7\u00f5es de ensino participantes. Fa\u00e7a sua consulta abaixo:<\/p>\n<p style=\"text-align: justify;\"><a href=\" http:\/\/prounialuno.mec.gov.br\/?c=4\" target=\"_blank\"><span style=\"color: #0000ff;\"><strong>Segunda chamada do Prouni (informe o n\u00famero de inscri\u00e7\u00e3o do Enem 2011 e o n\u00famero do CPF)<\/strong><\/span><\/a><\/p>\n<p style=\"text-align: justify;\">Os candidatos aprovados devem comprovar a situa\u00e7\u00e3o socioecon\u00f4mica, com a documenta\u00e7\u00e3o exigida, junto \u00e0s institui\u00e7\u00f5es de ensino superior e realizar a matr\u00edcula a partir desta sexta-feira (20) at\u00e9 o dia 26 de julho.<\/p>\n<p style=\"text-align: justify;\">Os candidatos que n\u00e3o forem convocados nas duas primeiras chamadas podem manifestar interesse em continuar concorrendo \u00e0s vagas nos dias 2, 3 e 4 de agosto. O resultado ser\u00e1 divulgado no dia 7 do mesmo m\u00eas.<\/p>\n<p style=\"text-align: justify;\"><strong>Inscritos<\/strong><\/p>\n<p style=\"text-align: justify;\">O sistema recebeu 874.273 inscri\u00e7\u00f5es de 456.973 candidatos &#8211; cada estudante poderia fazer at\u00e9 duas op\u00e7\u00f5es de cursos. As inscri\u00e7\u00f5es acabaram ontem (2).<\/p>\n<p style=\"text-align: justify;\">Segundo o MEC (Minist\u00e9rio da Educa\u00e7\u00e3o), as unidades da Federa\u00e7\u00e3o com maior n\u00famero de inscritos foram S\u00e3o Paulo (132.220), Minas Gerais (117.175), Bahia (72.233), Rio de Janeiro (64.776) e Rio Grande do Sul (62.585). S\u00e3o oferecidas 90.311 bolsas \u2014 52.487 integrais e 37.824 parciais (50% da mensalidade).<\/p>\n<p style=\"text-align: justify;\">Para concorrer a bolsas do Prouni os interessados deveriam ter realizado o Enem em 2011 e obtido, no m\u00ednimo, 400 pontos na m\u00e9dia das cinco provas (ci\u00eancias da natureza e suas tecnologias; ci\u00eancias humanas e suas tecnologias; linguagens, c\u00f3digos e suas tecnologias; matem\u00e1tica e suas tecnologias e reda\u00e7\u00e3o), e nota superior a zero na reda\u00e7\u00e3o. Al\u00e9m disso, deveriam se encaixar nos crit\u00e9rios socioecon\u00f4micos estipulados pelo MEC (Minist\u00e9rio da Educa\u00e7\u00e3o) \u2013 com bolsas integrais para os estudantes que tenham renda familiar, por pessoa, de at\u00e9 um sal\u00e1rio m\u00ednimo e meio (R$ 933) e bolsas parciais para alunos com renda familiar de at\u00e9 tr\u00eas sal\u00e1rios m\u00ednimos (R$ 1.866), por pessoa.<\/p>\n<p style=\"text-align: justify;\"><strong>O programa<\/strong><\/p>\n<p style=\"text-align: justify;\">O Prouni \u00e9 um programa do MEC, criado pelo Governo Federal em 2004, que oferece bolsas de estudos integrais e parciais (50% da mensalidade) em institui\u00e7\u00f5es de educa\u00e7\u00e3o superior privadas a estudantes pobres que tenham cursado o ensino m\u00e9dio em escola p\u00fablica.<\/p>\n<p style=\"text-align: justify;\"><em><strong>SE Not\u00edcias\/Portal UOL<\/strong><\/em><\/p>\n","protected":false},"excerpt":{"rendered":"<p>O MEC (Minist\u00e9rio da Educa\u00e7\u00e3o) divulgou nesta sexta-feira (20) a segunda chamada do Prouni (Programa Universidade para Todos) do segundo semestre de 2012. O resultado pode ser consultado pelo site do MEC, pelo telefone 0800-616161 ou nas institui\u00e7\u00f5es de ensino participantes. Fa\u00e7a sua consulta abaixo: Segunda chamada do Prouni (informe o n\u00famero de inscri\u00e7\u00e3o do [&hellip;]<\/p>\n","protected":false},"author":3,"featured_media":36762,"comment_status":"closed","ping_status":"closed","sticky":false,"template":"","format":"standard","meta":{"footnotes":""},"categories":[44,26],"tags":[],"class_list":{"0":"post-37256","1":"post","2":"type-post","3":"status-publish","4":"format-standard","5":"has-post-thumbnail","7":"category-educacao","8":"category-esportes"},"_links":{"self":[{"href":"https:\/\/senoticias.com.br\/se\/wp-json\/wp\/v2\/posts\/37256"}],"collection":[{"href":"https:\/\/senoticias.com.br\/se\/wp-json\/wp\/v2\/posts"}],"about":[{"href":"https:\/\/senoticias.com.br\/se\/wp-json\/wp\/v2\/types\/post"}],"author":[{"embeddable":true,"href":"https:\/\/senoticias.com.br\/se\/wp-json\/wp\/v2\/users\/3"}],"replies":[{"embeddable":true,"href":"https:\/\/senoticias.com.br\/se\/wp-json\/wp\/v2\/comments?post=37256"}],"version-history":[{"count":0,"href":"https:\/\/senoticias.com.br\/se\/wp-json\/wp\/v2\/posts\/37256\/revisions"}],"wp:featuredmedia":[{"embeddable":true,"href":"https:\/\/senoticias.com.br\/se\/wp-json\/wp\/v2\/media\/36762"}],"wp:attachment":[{"href":"https:\/\/senoticias.com.br\/se\/wp-json\/wp\/v2\/media?parent=37256"}],"wp:term":[{"taxonomy":"category","embeddable":true,"href":"https:\/\/senoticias.com.br\/se\/wp-json\/wp\/v2\/categories?post=37256"},{"taxonomy":"post_tag","embeddable":true,"href":"https:\/\/senoticias.com.br\/se\/wp-json\/wp\/v2\/tags?post=37256"}],"curies":[{"name":"wp","href":"https:\/\/api.w.org\/{rel}","templated":true}]}}