{"id":37094,"date":"2012-07-18T08:43:44","date_gmt":"2012-07-18T11:43:44","guid":{"rendered":"http:\/\/senoticias.com.br\/se\/?p=37094"},"modified":"2012-07-18T08:49:33","modified_gmt":"2012-07-18T11:49:33","slug":"aracaju-e-a-capital-com-maior-numero-de-suicidios","status":"publish","type":"post","link":"https:\/\/senoticias.com.br\/se\/aracaju-e-a-capital-com-maior-numero-de-suicidios\/","title":{"rendered":"Aracaju \u00e9 a capital com maior n\u00famero de suic\u00eddios"},"content":{"rendered":"<p style=\"text-align: justify;\">A capital de Sergipe, Aracaju, est\u00e1 em primeiro lugar na lista de capitais com maior n\u00famero de jovens que cometeram suic\u00eddio. A taxa foi de 4,5 por 100 mil habitantes. J\u00e1 em Jo\u00e3o Pessoa e Cuiab\u00e1 n\u00e3o houve nenhum caso entre a popula\u00e7\u00e3o de at\u00e9 19 anos em 2010.<\/p>\n<p style=\"text-align: justify;\">Entre as capitais brasileiras, o Nordeste apresenta a pior situa\u00e7\u00e3o no Mapa da Viol\u00eancia. A lideran\u00e7a na taxa de homic\u00eddios \u2014 79,8 por 100 mil \u2014 \u00e9 de Macei\u00f3. Em segundo lugar, vem uma capital do Sudeste, Vit\u00f3ria, com \u00edndice um pouco menor, de 76,8 por 100 mil. Em seguida, somente cidades nordestinas: Jo\u00e3o Pessoa (59,4), Salvador (58), Recife (41,8) e Fortaleza (41,1).<\/p>\n<p style=\"text-align: justify;\"><a href=\"  http:\/\/oglobo.globo.com\/pais\/nordeste-concentra-capitais-com-as-maiores-taxas-de-homicidio-no-pais-5506003\" target=\"_blank\"><strong>Leia mais em O GLOBO<\/strong><\/a><\/p>\n","protected":false},"excerpt":{"rendered":"<p>A capital de Sergipe, Aracaju, est\u00e1 em primeiro lugar na lista de capitais com maior n\u00famero de jovens que cometeram suic\u00eddio. A taxa foi de 4,5 por 100 mil habitantes. J\u00e1 em Jo\u00e3o Pessoa e Cuiab\u00e1 n\u00e3o houve nenhum caso entre a popula\u00e7\u00e3o de at\u00e9 19 anos em 2010. Entre as capitais brasileiras, o Nordeste [&hellip;]<\/p>\n","protected":false},"author":2,"featured_media":0,"comment_status":"closed","ping_status":"closed","sticky":false,"template":"","format":"standard","meta":{"footnotes":""},"categories":[1],"tags":[],"class_list":{"0":"post-37094","1":"post","2":"type-post","3":"status-publish","4":"format-standard","6":"category-sem-categoria"},"_links":{"self":[{"href":"https:\/\/senoticias.com.br\/se\/wp-json\/wp\/v2\/posts\/37094"}],"collection":[{"href":"https:\/\/senoticias.com.br\/se\/wp-json\/wp\/v2\/posts"}],"about":[{"href":"https:\/\/senoticias.com.br\/se\/wp-json\/wp\/v2\/types\/post"}],"author":[{"embeddable":true,"href":"https:\/\/senoticias.com.br\/se\/wp-json\/wp\/v2\/users\/2"}],"replies":[{"embeddable":true,"href":"https:\/\/senoticias.com.br\/se\/wp-json\/wp\/v2\/comments?post=37094"}],"version-history":[{"count":0,"href":"https:\/\/senoticias.com.br\/se\/wp-json\/wp\/v2\/posts\/37094\/revisions"}],"wp:attachment":[{"href":"https:\/\/senoticias.com.br\/se\/wp-json\/wp\/v2\/media?parent=37094"}],"wp:term":[{"taxonomy":"category","embeddable":true,"href":"https:\/\/senoticias.com.br\/se\/wp-json\/wp\/v2\/categories?post=37094"},{"taxonomy":"post_tag","embeddable":true,"href":"https:\/\/senoticias.com.br\/se\/wp-json\/wp\/v2\/tags?post=37094"}],"curies":[{"name":"wp","href":"https:\/\/api.w.org\/{rel}","templated":true}]}}