{"id":37088,"date":"2012-07-18T07:58:42","date_gmt":"2012-07-18T10:58:42","guid":{"rendered":"http:\/\/senoticias.com.br\/se\/?p=37088"},"modified":"2012-07-18T08:40:30","modified_gmt":"2012-07-18T11:40:30","slug":"terminam-hoje-as-matriculas-de-aprovados-na-2%c2%aa-chamada-do-sisu","status":"publish","type":"post","link":"https:\/\/senoticias.com.br\/se\/terminam-hoje-as-matriculas-de-aprovados-na-2%c2%aa-chamada-do-sisu\/","title":{"rendered":"Terminam hoje as matr\u00edculas de aprovados na 2\u00aa chamada do Sisu"},"content":{"rendered":"<p style=\"text-align: justify;\"><a href=\"http:\/\/senoticias.com.br\/se\/wp-content\/uploads\/2012\/07\/Sisu.jpeg\"><img loading=\"lazy\" decoding=\"async\" class=\"alignleft size-full wp-image-36762\" title=\"Sisu\" src=\"http:\/\/senoticias.com.br\/se\/wp-content\/uploads\/2012\/07\/Sisu.jpeg\" alt=\"\" width=\"259\" height=\"194\" srcset=\"https:\/\/senoticias.com.br\/se\/wp-content\/uploads\/2012\/07\/Sisu.jpeg 259w, https:\/\/senoticias.com.br\/se\/wp-content\/uploads\/2012\/07\/Sisu-60x45.jpg 60w, https:\/\/senoticias.com.br\/se\/wp-content\/uploads\/2012\/07\/Sisu-150x113.jpg 150w\" sizes=\"(max-width: 259px) 100vw, 259px\" \/><\/a>Termina nesta quarta-feira o prazo para os estudantes selecionados na segunda chamada do Sisu (Sistema de Sele\u00e7\u00e3o Unificada) fazerem as matr\u00edculas na institui\u00e7\u00e3o de ensino superior em que foi aprovado.<\/p>\n<p><a href=\" http:\/\/sisu.mec.gov.br\/selecionados\" target=\"_blank\"><strong>Veja a lista de aprovados no Sisu<\/strong><\/a><\/p>\n<p style=\"text-align: justify;\">Estudantes n\u00e3o selecionados nas duas primeiras chamadas poder\u00e3o declarar interesse na lista de espera at\u00e9 amanh\u00e3 (19). A convoca\u00e7\u00e3o dos candidatos para as vagas remanescentes ser\u00e1 realizada pelas institui\u00e7\u00f5es a partir de 24 de julho.<\/p>\n<p style=\"text-align: justify;\">Ao todo, 642.878 candidatos se inscreveram para disputar as mais de 30 mil vagas oferecidas em todo o pa\u00eds. A UFRJ (Universidade Federal do Rio de Janeiro) foi a institui\u00e7\u00e3o mais procurada, com 152.196 inscri\u00e7\u00f5es.<\/p>\n<p style=\"text-align: justify;\">Como cada candidato pode se inscrever em at\u00e9 duas op\u00e7\u00f5es de curso, o total de inscri\u00e7\u00f5es chegou a 1,2 milh\u00f5es. Os Estados com maior n\u00famero de inscri\u00e7\u00f5es s\u00e3o o Rio (245.716), Minas (166.162), Cear\u00e1 (156.343), Maranh\u00e3o (105.782) e Bahia (92.120).<\/p>\n<p style=\"text-align: justify;\">Entre as institui\u00e7\u00f5es, tiveram maior procura, al\u00e9m da UFRJ, a Universidade Federal do Cear\u00e1 (108.574 inscri\u00e7\u00f5es), a Universidade Federal do Maranh\u00e3o (103.829), a Universidade Federal do Paran\u00e1 (80.483) e a Universidade Federal de Ouro Preto (60.136).<\/p>\n<p style=\"text-align: justify;\">Ag\u00eancia Brasil<\/p>\n","protected":false},"excerpt":{"rendered":"<p>Termina nesta quarta-feira o prazo para os estudantes selecionados na segunda chamada do Sisu (Sistema de Sele\u00e7\u00e3o Unificada) fazerem as matr\u00edculas na institui\u00e7\u00e3o de ensino superior em que foi aprovado. Veja a lista de aprovados no Sisu Estudantes n\u00e3o selecionados nas duas primeiras chamadas poder\u00e3o declarar interesse na lista de espera at\u00e9 amanh\u00e3 (19). A [&hellip;]<\/p>\n","protected":false},"author":2,"featured_media":36762,"comment_status":"closed","ping_status":"closed","sticky":false,"template":"","format":"standard","meta":{"footnotes":""},"categories":[44,26,1],"tags":[],"class_list":{"0":"post-37088","1":"post","2":"type-post","3":"status-publish","4":"format-standard","5":"has-post-thumbnail","7":"category-educacao","8":"category-esportes","9":"category-sem-categoria"},"_links":{"self":[{"href":"https:\/\/senoticias.com.br\/se\/wp-json\/wp\/v2\/posts\/37088"}],"collection":[{"href":"https:\/\/senoticias.com.br\/se\/wp-json\/wp\/v2\/posts"}],"about":[{"href":"https:\/\/senoticias.com.br\/se\/wp-json\/wp\/v2\/types\/post"}],"author":[{"embeddable":true,"href":"https:\/\/senoticias.com.br\/se\/wp-json\/wp\/v2\/users\/2"}],"replies":[{"embeddable":true,"href":"https:\/\/senoticias.com.br\/se\/wp-json\/wp\/v2\/comments?post=37088"}],"version-history":[{"count":0,"href":"https:\/\/senoticias.com.br\/se\/wp-json\/wp\/v2\/posts\/37088\/revisions"}],"wp:featuredmedia":[{"embeddable":true,"href":"https:\/\/senoticias.com.br\/se\/wp-json\/wp\/v2\/media\/36762"}],"wp:attachment":[{"href":"https:\/\/senoticias.com.br\/se\/wp-json\/wp\/v2\/media?parent=37088"}],"wp:term":[{"taxonomy":"category","embeddable":true,"href":"https:\/\/senoticias.com.br\/se\/wp-json\/wp\/v2\/categories?post=37088"},{"taxonomy":"post_tag","embeddable":true,"href":"https:\/\/senoticias.com.br\/se\/wp-json\/wp\/v2\/tags?post=37088"}],"curies":[{"name":"wp","href":"https:\/\/api.w.org\/{rel}","templated":true}]}}