{"id":37084,"date":"2012-07-17T22:08:02","date_gmt":"2012-07-18T01:08:02","guid":{"rendered":"http:\/\/senoticias.com.br\/se\/?p=37084"},"modified":"2012-07-17T22:08:59","modified_gmt":"2012-07-18T01:08:59","slug":"carmen-lucia-ministra-do-tse-fala-sobre-a-lei-da-ficha-limpa-em-se","status":"publish","type":"post","link":"https:\/\/senoticias.com.br\/se\/carmen-lucia-ministra-do-tse-fala-sobre-a-lei-da-ficha-limpa-em-se\/","title":{"rendered":"C\u00e1rmen L\u00facia, ministra do TSE, fala sobre a Lei da Ficha Limpa em SE"},"content":{"rendered":"<p style=\"text-align: justify;\"><span style=\"color: #333333;\"><strong>Marina Fontenele do <a href=\"  http:\/\/g1.globo.com\/se\/sergipe\/eleicoes\/noticia\/2012\/07\/carmen-lucia-ministra-do-tse-fala-sobre-lei-da-ficha-limpa-em-se.html\" target=\"_blank\"><span style=\"color: #0000ff;\">G1 SE<\/span><\/a><\/strong><\/span><\/p>\n<p style=\"text-align: justify;\">A presidente do Tribunal Superior Eleitoral (TSE), Carm\u00e9n L\u00facia Antunes Rocha, esteve no Tribunal Regional Eleitoral (TRE) de Sergipe na manh\u00e3 desta ter\u00e7a-feira (17). Em reuni\u00e3o com ju\u00edzes, promotores, e demais servidores do Judici\u00e1rio ela falou sobre a Lei da Ficha Limpa, compras de votos, tropas federais e redes sociais.<\/p>\n<div id=\"attachment_37085\" style=\"width: 599px\" class=\"wp-caption aligncenter\"><a href=\"http:\/\/senoticias.com.br\/se\/wp-content\/uploads\/2012\/07\/ministra.jpg\"><img loading=\"lazy\" decoding=\"async\" aria-describedby=\"caption-attachment-37085\" class=\"size-full wp-image-37085\" title=\"ministra\" src=\"http:\/\/senoticias.com.br\/se\/wp-content\/uploads\/2012\/07\/ministra.jpg\" alt=\"\" width=\"589\" height=\"442\" srcset=\"https:\/\/senoticias.com.br\/se\/wp-content\/uploads\/2012\/07\/ministra.jpg 589w, https:\/\/senoticias.com.br\/se\/wp-content\/uploads\/2012\/07\/ministra-300x225.jpg 300w, https:\/\/senoticias.com.br\/se\/wp-content\/uploads\/2012\/07\/ministra-342x256.jpg 342w, https:\/\/senoticias.com.br\/se\/wp-content\/uploads\/2012\/07\/ministra-60x45.jpg 60w, https:\/\/senoticias.com.br\/se\/wp-content\/uploads\/2012\/07\/ministra-150x113.jpg 150w, https:\/\/senoticias.com.br\/se\/wp-content\/uploads\/2012\/07\/ministra-269x201.jpg 269w\" sizes=\"(max-width: 589px) 100vw, 589px\" \/><\/a><p id=\"caption-attachment-37085\" class=\"wp-caption-text\">Aparecida Gama e C\u00e1rmen L\u00facia falam sobre as pr\u00f3ximas elei\u00e7\u00f5es (Foto: Marina Fontenele\/G1 SE)<\/p><\/div>\n<p style=\"text-align: justify;\">\u201cA Lei da Ficha Limpa \u00e9 um grande avan\u00e7o para a cidadania brasileira e como toda lei nova pode acontecer que um juiz, que ainda n\u00e3o tenha mat\u00e9ria sobre isso, tenha alguma dificuldade. Por isso, o TSE est\u00e1 abrindo um espa\u00e7o no seu site com confer\u00eancias, pareceres e estudos doutrinados que v\u00e3o servir como fonte para que o juiz possa se valer desses dados para decidir sem nenhum desconforto. A lei n\u00e3o \u00e9 dif\u00edcil, pelo contr\u00e1rio, ela \u00e9 feita de forma que qualquer cidad\u00e3o possa entend\u00ea-la\u201d, explicou a presidente.<\/p>\n<p style=\"text-align: justify;\">A quantidade de processo contra candidatos aumentou com a nova lei, mas a presidente do TRE Aparecida Gama garantiu que os pedidos de impugna\u00e7\u00e3o ser\u00e3o julgados dentro do prazo estabelecido no calend\u00e1rio eleitoral. \u201cSe for preciso n\u00f3s vamos fazer sess\u00f5es extras para evitar o ac\u00famulo de processos e cumprir as metas. N\u00e3o se preocupem quanto a isso\u201d.<\/p>\n<p style=\"text-align: justify;\">C\u00e1rmen L\u00facia informou aos servidores da Justi\u00e7a Eleitoral que apoia todas as decis\u00f5es tomadas pelos ju\u00edzes dentro da legalidade e da aplica\u00e7\u00e3o da Lei da Ficha Limpa, al\u00e9m da preserva\u00e7\u00e3o dos direitos da cidadania e liberdade do eleitor.<\/p>\n<p style=\"text-align: justify;\">\u201cO nosso maior desafio \u00e9 garantir a elei\u00e7\u00e3o segura, moral e tranquila, com todo mundo podendo exercer o seu direito de falar, se expressar e principalmente escolher o seu candidato. Al\u00e9m disso, buscamos disponibilizar a resposta sobre isso cada vez mais r\u00e1pido\u201d, afirmou a ministra C\u00e1rmen L\u00facia. Para tornar o processo ainda mais seguro, todo o Estado de Sergipe vai ter elei\u00e7\u00f5es biom\u00e9tricas.<\/p>\n<p style=\"text-align: justify;\"><strong>Compra de votos<\/strong><\/p>\n<p style=\"text-align: justify;\">Sobre a pr\u00e1tica de compra de voto, crime que ainda \u00e9 comum, a ministra contradiz a sensa\u00e7\u00e3o de impunidade gerada pelos candidatos que desrespeitam a lei.<\/p>\n<p style=\"text-align: justify;\">\u201cA Justi\u00e7a Eleitoral tem punido com severidade, o problema \u00e9 que h\u00e1 quem compra porque h\u00e1 quem venda. O nosso empenho \u00e9 a imprensa nos ajudar a divulgar para o cidad\u00e3o que essa \u00e9 uma escolha sem volta e que vai interferir diretamente na vida dele\u201d, orienta C\u00e1rmen L\u00facia.<\/p>\n<p style=\"text-align: justify;\"><strong>For\u00e7a Nacional<\/strong><\/p>\n<p style=\"text-align: justify;\">Ap\u00f3s a reuni\u00e3o, a ministra concedeu entrevista coletiva onde disse que j\u00e1 come\u00e7ou a receber pedidos de tropas federais para garantir a seguran\u00e7a nas elei\u00e7\u00f5es municipais que acontecer\u00e3o no dia 7 de outubro. \u201cUma comiss\u00e3o est\u00e1 avaliando a objetividade, seriedade e principalmente transpar\u00eancia\u201d.<\/p>\n<p style=\"text-align: justify;\">Aparecida Gama adiantou que em Sergipe apenas os munic\u00edpios de Japaratuba e Lagarto devem solicitar a For\u00e7a Nacional, essas duas localidades tamb\u00e9m pediram o apoio no \u00faltimo pleito.<\/p>\n<p style=\"text-align: justify;\"><strong>Redes sociais<\/strong><\/p>\n<p style=\"text-align: justify;\">Sobre as novas m\u00eddias, C\u00e1rmen L\u00facia disse que n\u00e3o h\u00e1 orienta\u00e7\u00e3o \u00fanica para o meio que \u00e9 um espa\u00e7o livre e de atua\u00e7\u00e3o do cidad\u00e3o. \u201cIsso pode levar a excessos. Nesses casos compete ao juiz verificar o concreto porque n\u00e3o podemos barrar a liberdade de express\u00e3o depois de ter lutado tanto por ela\u201d, finalizou.<\/p>\n","protected":false},"excerpt":{"rendered":"<p>Marina Fontenele do G1 SE A presidente do Tribunal Superior Eleitoral (TSE), Carm\u00e9n L\u00facia Antunes Rocha, esteve no Tribunal Regional Eleitoral (TRE) de Sergipe na manh\u00e3 desta ter\u00e7a-feira (17). Em reuni\u00e3o com ju\u00edzes, promotores, e demais servidores do Judici\u00e1rio ela falou sobre a Lei da Ficha Limpa, compras de votos, tropas federais e redes sociais. [&hellip;]<\/p>\n","protected":false},"author":3,"featured_media":37085,"comment_status":"closed","ping_status":"closed","sticky":false,"template":"","format":"standard","meta":{"footnotes":""},"categories":[6],"tags":[],"class_list":{"0":"post-37084","1":"post","2":"type-post","3":"status-publish","4":"format-standard","5":"has-post-thumbnail","7":"category-politica"},"_links":{"self":[{"href":"https:\/\/senoticias.com.br\/se\/wp-json\/wp\/v2\/posts\/37084"}],"collection":[{"href":"https:\/\/senoticias.com.br\/se\/wp-json\/wp\/v2\/posts"}],"about":[{"href":"https:\/\/senoticias.com.br\/se\/wp-json\/wp\/v2\/types\/post"}],"author":[{"embeddable":true,"href":"https:\/\/senoticias.com.br\/se\/wp-json\/wp\/v2\/users\/3"}],"replies":[{"embeddable":true,"href":"https:\/\/senoticias.com.br\/se\/wp-json\/wp\/v2\/comments?post=37084"}],"version-history":[{"count":0,"href":"https:\/\/senoticias.com.br\/se\/wp-json\/wp\/v2\/posts\/37084\/revisions"}],"wp:featuredmedia":[{"embeddable":true,"href":"https:\/\/senoticias.com.br\/se\/wp-json\/wp\/v2\/media\/37085"}],"wp:attachment":[{"href":"https:\/\/senoticias.com.br\/se\/wp-json\/wp\/v2\/media?parent=37084"}],"wp:term":[{"taxonomy":"category","embeddable":true,"href":"https:\/\/senoticias.com.br\/se\/wp-json\/wp\/v2\/categories?post=37084"},{"taxonomy":"post_tag","embeddable":true,"href":"https:\/\/senoticias.com.br\/se\/wp-json\/wp\/v2\/tags?post=37084"}],"curies":[{"name":"wp","href":"https:\/\/api.w.org\/{rel}","templated":true}]}}