{"id":37080,"date":"2012-07-17T19:48:27","date_gmt":"2012-07-17T22:48:27","guid":{"rendered":"http:\/\/senoticias.com.br\/se\/?p=37080"},"modified":"2012-07-17T19:49:17","modified_gmt":"2012-07-17T22:49:17","slug":"congresso-aprova-lei-de-orcamento-com-minimo-de-r-66775","status":"publish","type":"post","link":"https:\/\/senoticias.com.br\/se\/congresso-aprova-lei-de-orcamento-com-minimo-de-r-66775\/","title":{"rendered":"Congresso aprova lei de Or\u00e7amento com m\u00ednimo de R$ 667,75"},"content":{"rendered":"<p style=\"text-align: justify;\">Em vota\u00e7\u00e3o no plen\u00e1rio, o Congresso Nacional aprovou no final da tarde desta ter\u00e7a-feira (17) a LDO (Lei de Diretrizes Or\u00e7ament\u00e1rias) 2013, que estabelece as metas e prioridades da administra\u00e7\u00e3o federal para o pr\u00f3ximo ano. O texto segue agora para san\u00e7\u00e3o presidencial.<\/p>\n<p style=\"text-align: justify;\">Com a aprova\u00e7\u00e3o da LDO, tem in\u00edcio o recesso parlamentar, que vai de 18 a 31 de julho.<\/p>\n<p style=\"text-align: justify;\">O relator da LDO, senador Antonio Carlos Valadares (PSB-SE), acrescentou ao texto dispositivos que v\u00e3o permitir maior divulga\u00e7\u00e3o dos gastos com pessoal nos \u00f3rg\u00e3os da administra\u00e7\u00e3o direta e indireta, incluindo ag\u00eancias reguladoras, bancos federais, estatais, e funda\u00e7\u00f5es. Os \u00f3rg\u00e3os ter\u00e3o que colocar na internet dados sobre os totais de cargos efetivos, comissionados e de confian\u00e7a.<\/p>\n<p style=\"text-align: justify;\">O texto do relator tamb\u00e9m abriu brechas para a inclus\u00e3o de reajustes salariais de servidores p\u00fablicos no Or\u00e7amento do ano que vem. O texto final n\u00e3o traz regras, mas acrescentou um dispositivo que autoriza, de forma gen\u00e9rica, a inclus\u00e3o de recursos para atendimento de reajustes salariais.<\/p>\n<p style=\"text-align: justify;\">A LDO orienta a elabora\u00e7\u00e3o e execu\u00e7\u00e3o do Or\u00e7amento anual, das altera\u00e7\u00f5es tribut\u00e1rias, dos gastos com pessoal, da pol\u00edtica fiscal e das transfer\u00eancias da Uni\u00e3o. Depois da aprova\u00e7\u00e3o da LDO, o governo tem at\u00e9 31 de agosto para encaminhar ao Congresso o projeto da LOA (Lei Or\u00e7ament\u00e1ria Anual). O documento estima as receitas que o governo espera arrecadar durante o ano e fixa os gastos a serem feitos (veja boxe abaixo).<\/p>\n<p style=\"text-align: justify;\">Nas sess\u00f5es conjuntas do Congresso Nacional, os destaques (trechos que alteram o texto-base) s\u00e3o votados antes. Dos tr\u00eas destaques apresentados, dois foram rejeitados pela maioria dos deputados e senadores presentes.<\/p>\n<p style=\"text-align: justify;\">O \u00fanico destaque aprovado foi a derrubada de uma proposta apresentada na Comiss\u00e3o Mista de Or\u00e7amento, ou seja, a lei foi mantida como j\u00e1 \u00e9. Assim, a Petrobras continuar\u00e1 tendo que seguir os pre\u00e7os de refer\u00eancia oficiais do governo para fazer suas licita\u00e7\u00f5es. O destaque era de autoria do senador Romero Juc\u00e1 (PMDB-RR).<\/p>\n<p style=\"text-align: justify;\"><strong>Indicadores econ\u00f4micos<\/strong><\/p>\n<p style=\"text-align: justify;\">No cen\u00e1rio econ\u00f4mico previsto na LDO, o crescimento do PIB (Produto Interno Bruto) ser\u00e1 de 5,5%, totalizando R$ 5,03 trilh\u00f5es, em 2013. O super\u00e1vit prim\u00e1rio previsto para o per\u00edodo \u00e9 de R$ 155,9 bilh\u00f5es para o setor p\u00fablico, sendo R$ 47,8 bilh\u00f5es de responsabilidade de Estados e munic\u00edpios. A d\u00edvida l\u00edquida do setor p\u00fablico, no ano que vem, deve ficar em 32,5% do PIB e o sal\u00e1rio m\u00ednimo a partir de 1\u00ba de janeiro de 2013 \u00e9 de R$ 667,75.<\/p>\n<p style=\"text-align: justify;\">Com rela\u00e7\u00e3o aos par\u00e2metros macroecon\u00f4micos, como crescimento do PIB e sal\u00e1rios, enviados pelo governo federal em abril, o relator Antonio Carlos Valadares afirmou que preferiu n\u00e3o alter\u00e1-los e esperar os n\u00fameros revisados pelo governo quando mandarem ao Congresso a LOA (Lei Or\u00e7ament\u00e1ria Anual).<\/p>\n<p style=\"text-align: justify;\">Hoje, o sal\u00e1rio m\u00ednimo est\u00e1 em R$ 622,00 e teria um reajuste de 7,35% para 2013. O texto da LDO tamb\u00e9m prev\u00ea que a taxa b\u00e1sica de juros, a Selic, fique em 9% no final de 2013. A estimativa foi feita antes das redu\u00e7\u00f5es realizadas pelo Copom (Comit\u00ea de Pol\u00edtica Monet\u00e1ria) e, ela j\u00e1 est\u00e1, atualmente, em 8%.<\/p>\n<p style=\"text-align: justify;\"><strong>Negocia\u00e7\u00f5es<\/strong><\/p>\n<p style=\"text-align: justify;\">Depois do acordo entre l\u00edderes partid\u00e1rios na noite de segunda-feira (16) no Senado, as duas MPs (medidas provis\u00f3rias) que comp\u00f5em o Plano Brasil Maior de incentivo \u00e0 ind\u00fastria dever\u00e3o ser votadas no Senado entre os dias 7 e 9 de agosto. O in\u00edcio do recesso permitiu que o prazo de vencimento das propostas fosse estendido at\u00e9 o dia 15 de agosto.<\/p>\n<p style=\"text-align: justify;\">Em prol do avan\u00e7o das negocia\u00e7\u00f5es, o senador Antonio Carlos Valadares tamb\u00e9m aceitou o pedido da oposi\u00e7\u00e3o para retirar do parecer dele os dispositivos que permitiam a execu\u00e7\u00e3o dos recursos em investimentos do PAC (Programa de Acelera\u00e7\u00e3o do Crescimento) e das estatais mesmo na aus\u00eancia de lei or\u00e7ament\u00e1ria sancionada at\u00e9 31 de dezembro.<\/p>\n<p style=\"text-align: justify;\">Este item era caro ao governo por tentar garantir que n\u00e3o houvesse descontinuidade em obras j\u00e1 iniciadas, como as de mobilidade urbana nas cidades-sedes dos eventos esportivos como a Copa do Mundo de 2014, por exemplo.<\/p>\n<p style=\"text-align: justify;\">Ainda na noite de ontem (16), uma conversa entre os l\u00edderes da base e da oposi\u00e7\u00e3o ao governo federal com o presidente da C\u00e2mara dos Deputados, Marco Maia (PT-RS), permitiu o entendimento para a vota\u00e7\u00e3o das duas MPs, que poderiam caducar, a 563 e a 564, e a LDO.<\/p>\n<p style=\"text-align: justify;\">Segundo o l\u00edder do DEM na C\u00e2mara, ACM Neto (BA), o acordo foi poss\u00edvel porque Maia se colocou como respons\u00e1vel\u00a0 de garantir o compromisso do governo federal de empenhar as emendas parlamentares dos deputados e senadores que comp\u00f5em os partidos da oposi\u00e7\u00e3o,\u00a0 DEM, PSDB e PPS.<\/p>\n<p style=\"text-align: justify;\">\u201cO compromisso era empenhar R$ 3 milh\u00f5es para cada parlamentar at\u00e9 o fim do m\u00eas e pagar os restos de obras em execu\u00e7\u00e3o, referente aos anos de 2009, 2010 e 2011(&#8230;). Vamos aguardar at\u00e9 o fim do m\u00eas [de julho]\u201d.<\/p>\n<p style=\"text-align: justify;\">Em nome do Planalto, a ministra da Secretaria de Rela\u00e7\u00f5es Institucionais, Ideli Salvatti, chegou a ter uma conversa com os parlamentares, h\u00e1 duas semanas, sobre o tema. Mas, na semana\u00a0 passada, o DEM, com apoio do PR, conseguia adiar para esta semana a vota\u00e7\u00e3o como forma de pressionar o governo para o pagamento das emendas.<\/p>\n<p style=\"text-align: justify;\">De acordo a assessoria da ministra, os empenhos das emendas foram feitos na sexta-feira (6), e os restos a pagar foram liberados na quarta-feira (11), mas os valores oficiais ainda n\u00e3o foram divulgados.<\/p>\n<p style=\"text-align: justify;\">Al\u00e9m das emendas, o l\u00edder do DEM afirma que tamb\u00e9m foi considerada pela oposi\u00e7\u00e3o a import\u00e2ncia das duas medidas de incentivo \u00e0 ind\u00fastria e de combate \u00e0 crise econ\u00f4mica internacional que, segundo Marco Maia, poderiam resultar em um preju\u00edzo de R$ 10 bilh\u00f5es caso perdessem a validade.<\/p>\n<p style=\"text-align: justify;\"><strong>Entenda a fun\u00e7\u00e3o da LDO<\/strong><\/p>\n<p style=\"text-align: justify;\">A LDO (Lei de Diretrizes Or\u00e7ament\u00e1rias) \u00e9 uma lei ordin\u00e1ria com validade apenas para um ano e inclui as metas e prioridades da administra\u00e7\u00e3o p\u00fablica federal, incluindo as despesas. Ela orientar\u00e1 a elabora\u00e7\u00e3o da Lei Or\u00e7ament\u00e1ria Anual (LOA), e incluir\u00e1 as altera\u00e7\u00f5es da legisla\u00e7\u00e3o tribut\u00e1ria e estabelecer\u00e1 a pol\u00edtica de aplica\u00e7\u00e3o das ag\u00eancias financeiras de fomento.<\/p>\n<p style=\"text-align: justify;\">A LOA (Lei Or\u00e7ament\u00e1ria Anual), por sua vez, \u00e9 igualmente uma lei ordin\u00e1ria que estima, de fato, o or\u00e7amento, a receita e fixa a despesa da Uni\u00e3o com validade para cada ano (exerc\u00edcio fiscal). De acordo com o artigo 165 da Constitui\u00e7\u00e3o, ela deve conter tr\u00eas or\u00e7amentos: o or\u00e7amento fiscal, o da seguridade social e o de investimento das empresas estatais.<\/p>\n<p style=\"text-align: justify;\">Os or\u00e7amentos fiscal e da seguridade social envolvem toda a programa\u00e7\u00e3o de gastos dos Poderes da Uni\u00e3o, seus fundos, autarquias e funda\u00e7\u00f5es, ou seja, abrangem toda a administra\u00e7\u00e3o p\u00fablica, direta e indireta.<\/p>\n<p style=\"text-align: justify;\">\n<p><span style=\"color: #333333;\"><strong>Camila Campanerut do UOL, em Bras\u00edlia<\/strong><\/span><\/p>\n","protected":false},"excerpt":{"rendered":"<p>Em vota\u00e7\u00e3o no plen\u00e1rio, o Congresso Nacional aprovou no final da tarde desta ter\u00e7a-feira (17) a LDO (Lei de Diretrizes Or\u00e7ament\u00e1rias) 2013, que estabelece as metas e prioridades da administra\u00e7\u00e3o federal para o pr\u00f3ximo ano. O texto segue agora para san\u00e7\u00e3o presidencial. Com a aprova\u00e7\u00e3o da LDO, tem in\u00edcio o recesso parlamentar, que vai de [&hellip;]<\/p>\n","protected":false},"author":3,"featured_media":0,"comment_status":"closed","ping_status":"closed","sticky":false,"template":"","format":"standard","meta":{"footnotes":""},"categories":[1],"tags":[],"class_list":{"0":"post-37080","1":"post","2":"type-post","3":"status-publish","4":"format-standard","6":"category-sem-categoria"},"_links":{"self":[{"href":"https:\/\/senoticias.com.br\/se\/wp-json\/wp\/v2\/posts\/37080"}],"collection":[{"href":"https:\/\/senoticias.com.br\/se\/wp-json\/wp\/v2\/posts"}],"about":[{"href":"https:\/\/senoticias.com.br\/se\/wp-json\/wp\/v2\/types\/post"}],"author":[{"embeddable":true,"href":"https:\/\/senoticias.com.br\/se\/wp-json\/wp\/v2\/users\/3"}],"replies":[{"embeddable":true,"href":"https:\/\/senoticias.com.br\/se\/wp-json\/wp\/v2\/comments?post=37080"}],"version-history":[{"count":0,"href":"https:\/\/senoticias.com.br\/se\/wp-json\/wp\/v2\/posts\/37080\/revisions"}],"wp:attachment":[{"href":"https:\/\/senoticias.com.br\/se\/wp-json\/wp\/v2\/media?parent=37080"}],"wp:term":[{"taxonomy":"category","embeddable":true,"href":"https:\/\/senoticias.com.br\/se\/wp-json\/wp\/v2\/categories?post=37080"},{"taxonomy":"post_tag","embeddable":true,"href":"https:\/\/senoticias.com.br\/se\/wp-json\/wp\/v2\/tags?post=37080"}],"curies":[{"name":"wp","href":"https:\/\/api.w.org\/{rel}","templated":true}]}}