{"id":37075,"date":"2012-07-17T19:16:23","date_gmt":"2012-07-17T22:16:23","guid":{"rendered":"http:\/\/senoticias.com.br\/se\/?p=37075"},"modified":"2012-07-17T19:18:20","modified_gmt":"2012-07-17T22:18:20","slug":"policia-civil-deflagra-operacao-contra-o-trafico-de-drogas-e-prende-18-pessoas-em-umbauba","status":"publish","type":"post","link":"https:\/\/senoticias.com.br\/se\/policia-civil-deflagra-operacao-contra-o-trafico-de-drogas-e-prende-18-pessoas-em-umbauba\/","title":{"rendered":"Pol\u00edcia Civil deflagra opera\u00e7\u00e3o contra o tr\u00e1fico de drogas e prende 18 pessoas em Umba\u00faba"},"content":{"rendered":"<p style=\"text-align: justify;\"><a href=\"http:\/\/senoticias.com.br\/se\/wp-content\/uploads\/2012\/07\/civil-1.jpg\"><img loading=\"lazy\" decoding=\"async\" class=\"alignleft size-medium wp-image-37077\" title=\"civil 1\" src=\"http:\/\/senoticias.com.br\/se\/wp-content\/uploads\/2012\/07\/civil-1-300x204.jpg\" alt=\"\" width=\"300\" height=\"204\" srcset=\"https:\/\/senoticias.com.br\/se\/wp-content\/uploads\/2012\/07\/civil-1-300x204.jpg 300w, https:\/\/senoticias.com.br\/se\/wp-content\/uploads\/2012\/07\/civil-1-342x233.jpg 342w, https:\/\/senoticias.com.br\/se\/wp-content\/uploads\/2012\/07\/civil-1.jpg 400w\" sizes=\"(max-width: 300px) 100vw, 300px\" \/><\/a>A Pol\u00edcia Civil de Sergipe deflagrou nesta ter\u00e7a-feira, 17, uma opera\u00e7\u00e3o na cidade de Umba\u00faba a fim de cumprir 11 mandados de pris\u00e3o e nove mandados de busca e apreens\u00e3o. A opera\u00e7\u00e3o foi fruto de uma investiga\u00e7\u00e3o de tr\u00eas meses iniciada pela equipe de investiga\u00e7\u00e3o do secret\u00e1rio-adjunto da Seguran\u00e7a P\u00fablica, delegado Jo\u00e3o Batista, Divis\u00e3o de Intelig\u00eancia da Pol\u00edcia Civil (Dipol), Grupamento Especial de Rondas e Blitz (Gerb), Coordenadoria de Pol\u00edcia do Interior (Copci), Departamento de Narc\u00f3ticos (Denarc), Delegacia de Umba\u00faba e demais delegacias do interior do Estado.<\/p>\n<p style=\"text-align: justify;\">Segundo a pol\u00edcia, o foco da opera\u00e7\u00e3o ficou concentrada na pris\u00e3o dos irm\u00e3os John Enne Ramos Lins e Amara\u00ed Ramos Lins, que juntamente com outros membros da fam\u00edlia, comandavam o tr\u00e1fico de entorpecentes em Umba\u00faba. John Enne, l\u00edder da quadrilha, foi preso em flagrante nesta segunda-feira, dia 16, na BR-101, com cerca de 20 c\u00e1psulas de coca\u00edna e R$ 456,00 em esp\u00e9cie quando retornava da cidade de Est\u00e2ncia. Informa\u00e7\u00f5es da pol\u00edcia d\u00e3o conta que o acusado costumava comprar drogas em Est\u00e2ncia.<\/p>\n<p style=\"text-align: justify;\">Junto com ele, a pol\u00edcia tamb\u00e9m prendeu St\u00eanio de Jesus Silva. Diante da pris\u00e3o em flagrante do l\u00edder do bando, a pol\u00edcia deflagrou o restante da opera\u00e7\u00e3o que acabou prendendo 13 pessoas, sendo quatro mulheres. O detalhe \u00e9 que dos 13 presos, oito fazem parte da mesma fam\u00edlia. Al\u00e9m dos irm\u00e3os e seu comparsa St\u00eanio, foram presos: C\u00edcero Johny Ramos Lins, M\u00e1rcio Jos\u00e9 Moreira do Nascimento, Railson Quintino dos Santos, Denisson Santana Mariano, M\u00e1rio Caic Ramos da Silva, Everton de Azevedo Lima, Edineide Mendes dos Santos, Jenhy Ramos Lins, Janiele Maria da Concei\u00e7\u00e3o e Deise Cristina de Barros.<\/p>\n<p style=\"text-align: justify;\">Tamb\u00e9m foram presos, por\u00e9m, no decorrer dos tr\u00eas meses de investiga\u00e7\u00f5es, Ismael Ferreira dos Santos, K\u00e9rcio Pereira de Menezes Silva, Jos\u00e9 Ailton dos Reis, Jos\u00e9 Cl\u00e1udio Oliveira dos Santos e Jos\u00e9 Valter de Souza. A opera\u00e7\u00e3o tamb\u00e9m apreendeu 100 c\u00e1psulas de coca\u00edna, 20 trouxas de maconha, 30 pedras de crack, mais de R$ 8.000 em dinheiro, al\u00e9m de um ve\u00edculo Golf, tr\u00eas motocicletas, dois aparelhos de televis\u00e3o e um aparelho de ar-condicionado.<\/p>\n<p style=\"text-align: justify;\">&#8220;O resultado da opera\u00e7\u00e3o foi mais que positivo. Esse \u00e9 o desfecho natural, quando se tem o apoio da comunidade e uma sintonia entre a Pol\u00edcia, o Poder Judici\u00e1rio e o Minist\u00e9rio P\u00fablico&#8221;, afirmou o coordenador da equipe de investiga\u00e7\u00f5es e opera\u00e7\u00f5es do secret\u00e1rio-adjunto da SSP, Adriano Machado Bandeira.<\/p>\n<p style=\"text-align: justify;\">&#8220;Essas pris\u00f5es foram muito importantes e, certamente, ir\u00e3o conferir uma maior tranquilidade ao povo da cidade de Umba\u00faba&#8221;, concluiu o delegado da cidade, J\u00falio Figueiredo de Aquino.<\/p>\n<p style=\"text-align: justify;\">SSP\/SE<\/p>\n","protected":false},"excerpt":{"rendered":"<p>A Pol\u00edcia Civil de Sergipe deflagrou nesta ter\u00e7a-feira, 17, uma opera\u00e7\u00e3o na cidade de Umba\u00faba a fim de cumprir 11 mandados de pris\u00e3o e nove mandados de busca e apreens\u00e3o. A opera\u00e7\u00e3o foi fruto de uma investiga\u00e7\u00e3o de tr\u00eas meses iniciada pela equipe de investiga\u00e7\u00e3o do secret\u00e1rio-adjunto da Seguran\u00e7a P\u00fablica, delegado Jo\u00e3o Batista, Divis\u00e3o de [&hellip;]<\/p>\n","protected":false},"author":3,"featured_media":37077,"comment_status":"closed","ping_status":"closed","sticky":false,"template":"","format":"standard","meta":{"footnotes":""},"categories":[7],"tags":[],"class_list":{"0":"post-37075","1":"post","2":"type-post","3":"status-publish","4":"format-standard","5":"has-post-thumbnail","7":"category-policia"},"_links":{"self":[{"href":"https:\/\/senoticias.com.br\/se\/wp-json\/wp\/v2\/posts\/37075"}],"collection":[{"href":"https:\/\/senoticias.com.br\/se\/wp-json\/wp\/v2\/posts"}],"about":[{"href":"https:\/\/senoticias.com.br\/se\/wp-json\/wp\/v2\/types\/post"}],"author":[{"embeddable":true,"href":"https:\/\/senoticias.com.br\/se\/wp-json\/wp\/v2\/users\/3"}],"replies":[{"embeddable":true,"href":"https:\/\/senoticias.com.br\/se\/wp-json\/wp\/v2\/comments?post=37075"}],"version-history":[{"count":0,"href":"https:\/\/senoticias.com.br\/se\/wp-json\/wp\/v2\/posts\/37075\/revisions"}],"wp:featuredmedia":[{"embeddable":true,"href":"https:\/\/senoticias.com.br\/se\/wp-json\/wp\/v2\/media\/37077"}],"wp:attachment":[{"href":"https:\/\/senoticias.com.br\/se\/wp-json\/wp\/v2\/media?parent=37075"}],"wp:term":[{"taxonomy":"category","embeddable":true,"href":"https:\/\/senoticias.com.br\/se\/wp-json\/wp\/v2\/categories?post=37075"},{"taxonomy":"post_tag","embeddable":true,"href":"https:\/\/senoticias.com.br\/se\/wp-json\/wp\/v2\/tags?post=37075"}],"curies":[{"name":"wp","href":"https:\/\/api.w.org\/{rel}","templated":true}]}}