{"id":36970,"date":"2012-07-16T16:30:35","date_gmt":"2012-07-16T19:30:35","guid":{"rendered":"http:\/\/senoticias.com.br\/se\/?p=36970"},"modified":"2012-07-16T18:46:57","modified_gmt":"2012-07-16T21:46:57","slug":"educacao-solicita-convocacao-de-218-professores-aprovados-em-concurso-publico","status":"publish","type":"post","link":"https:\/\/senoticias.com.br\/se\/educacao-solicita-convocacao-de-218-professores-aprovados-em-concurso-publico\/","title":{"rendered":"Educa\u00e7\u00e3o solicita convoca\u00e7\u00e3o de 218 professores aprovados em concurso p\u00fablico"},"content":{"rendered":"<div id=\"news-txt\">\n<div id=\"attachment_20012\" style=\"width: 310px\" class=\"wp-caption alignleft\"><a href=\"http:\/\/senoticias.com.br\/se\/wp-content\/uploads\/2011\/12\/belivaldo.jpeg\"><img loading=\"lazy\" decoding=\"async\" aria-describedby=\"caption-attachment-20012\" class=\"size-medium wp-image-20012\" title=\"belivaldo\" src=\"http:\/\/senoticias.com.br\/se\/wp-content\/uploads\/2011\/12\/belivaldo-300x200.jpg\" alt=\"\" width=\"300\" height=\"200\" srcset=\"https:\/\/senoticias.com.br\/se\/wp-content\/uploads\/2011\/12\/belivaldo-300x200.jpg 300w, https:\/\/senoticias.com.br\/se\/wp-content\/uploads\/2011\/12\/belivaldo-342x228.jpg 342w, https:\/\/senoticias.com.br\/se\/wp-content\/uploads\/2011\/12\/belivaldo.jpeg 640w\" sizes=\"(max-width: 300px) 100vw, 300px\" \/><\/a><p id=\"caption-attachment-20012\" class=\"wp-caption-text\">O secret\u00e1rio de Estado da Educa\u00e7\u00e3o, Belivaldo Chagas \/ Foto: Ascom\/Seed<\/p><\/div>\n<p style=\"text-align: justify;\">A Secretaria de Estado da Educa\u00e7\u00e3o (Seed) encaminhou nesta segunda-feira, 16, of\u00edcio \u00e0 Secretaria de Estado do Planejamento, Or\u00e7amento e Gest\u00e3o, solicitando que sejam convocados e empossados 218 professores da Educa\u00e7\u00e3o B\u00e1sica, aprovados em concurso p\u00fablico, para provimento de vagas do Quadro Geral de Pessoal do Poder Executivo do Estado de Sergipe, distribu\u00eddos por Diretorias Regionais de Educa\u00e7\u00e3o. O Governo de Sergipe promoveu no m\u00eas de abril passado o concurso p\u00fablico para ocupa\u00e7\u00e3o de 1.700 vagas no Magist\u00e9rio Estadual.<\/p>\n<p style=\"text-align: justify;\">Neste primeiro momento a Seed solicitou a convoca\u00e7\u00e3o de professores para atender a demanda das Diretorias de Educa\u00e7\u00e3o 04, 05 e 09. De acordo com o secret\u00e1rio Belivaldo Chagas, as convoca\u00e7\u00f5es ser\u00e3o feitas paulatinamente, at\u00e9 atender a demanda de todas as escolas da rede estadual de ensino. &#8220;Neste momento iremos encaminhar os primeiros convocados para tr\u00eas DRE&#8217;s, mas posteriormente estaremos fazendo novas convoca\u00e7\u00f5es at\u00e9 atendermos todas as 10 diretorias existentes&#8221;, explicou.<\/p>\n<p style=\"text-align: justify;\"><strong>Para a DRE- 04<\/strong>, com sede em Japaratuba, ser\u00e3o convocados 80 professores que atuar\u00e3o nos munic\u00edpios de Japaratuba, Pirambu, Carm\u00f3polis, General Maynard, Ros\u00e1rio do Catete, Maruim, Capela e Muribeca.<\/p>\n<p style=\"text-align: justify;\"><strong>J\u00e1 a DRE -05<\/strong>, cuja sede fica em Nossa Senhora das Dores, ser\u00e1 contemplada nesta primeira convoca\u00e7\u00e3o com 29 professores. Eles trabalhar\u00e3o nos munic\u00edpios de Graccho Cardoso, Cumbe, Divina Pastora, Siriri e Nossa Senhora das Dores.<\/p>\n<p style=\"text-align: justify;\"><strong>A DRE -9<\/strong>, com sede em Nossa Senhora da Gl\u00f3ria, ser\u00e3o convocados 109 professores aprovados no concurso. Eles trabalhar\u00e3o em Canind\u00e9 do S\u00e3o Francisco, Po\u00e7o Redondo, Monte Alegre, Nossa Senhora da Gl\u00f3ria e Feira Nova.<\/p>\n<p style=\"text-align: justify;\">\u00a0Ascom\/Seed<\/p>\n<\/div>\n","protected":false},"excerpt":{"rendered":"<p>A Secretaria de Estado da Educa\u00e7\u00e3o (Seed) encaminhou nesta segunda-feira, 16, of\u00edcio \u00e0 Secretaria de Estado do Planejamento, Or\u00e7amento e Gest\u00e3o, solicitando que sejam convocados e empossados 218 professores da Educa\u00e7\u00e3o B\u00e1sica, aprovados em concurso p\u00fablico, para provimento de vagas do Quadro Geral de Pessoal do Poder Executivo do Estado de Sergipe, distribu\u00eddos por Diretorias [&hellip;]<\/p>\n","protected":false},"author":3,"featured_media":20012,"comment_status":"closed","ping_status":"closed","sticky":false,"template":"","format":"standard","meta":{"footnotes":""},"categories":[9,15,44,26],"tags":[],"class_list":{"0":"post-36970","1":"post","2":"type-post","3":"status-publish","4":"format-standard","5":"has-post-thumbnail","7":"category-concursos","8":"category-destaques","9":"category-educacao","10":"category-esportes"},"_links":{"self":[{"href":"https:\/\/senoticias.com.br\/se\/wp-json\/wp\/v2\/posts\/36970"}],"collection":[{"href":"https:\/\/senoticias.com.br\/se\/wp-json\/wp\/v2\/posts"}],"about":[{"href":"https:\/\/senoticias.com.br\/se\/wp-json\/wp\/v2\/types\/post"}],"author":[{"embeddable":true,"href":"https:\/\/senoticias.com.br\/se\/wp-json\/wp\/v2\/users\/3"}],"replies":[{"embeddable":true,"href":"https:\/\/senoticias.com.br\/se\/wp-json\/wp\/v2\/comments?post=36970"}],"version-history":[{"count":0,"href":"https:\/\/senoticias.com.br\/se\/wp-json\/wp\/v2\/posts\/36970\/revisions"}],"wp:featuredmedia":[{"embeddable":true,"href":"https:\/\/senoticias.com.br\/se\/wp-json\/wp\/v2\/media\/20012"}],"wp:attachment":[{"href":"https:\/\/senoticias.com.br\/se\/wp-json\/wp\/v2\/media?parent=36970"}],"wp:term":[{"taxonomy":"category","embeddable":true,"href":"https:\/\/senoticias.com.br\/se\/wp-json\/wp\/v2\/categories?post=36970"},{"taxonomy":"post_tag","embeddable":true,"href":"https:\/\/senoticias.com.br\/se\/wp-json\/wp\/v2\/tags?post=36970"}],"curies":[{"name":"wp","href":"https:\/\/api.w.org\/{rel}","templated":true}]}}