{"id":36792,"date":"2012-07-13T17:28:38","date_gmt":"2012-07-13T20:28:38","guid":{"rendered":"http:\/\/senoticias.com.br\/se\/?p=36792"},"modified":"2012-07-13T17:29:55","modified_gmt":"2012-07-13T20:29:55","slug":"inscricoes-para-processo-seletivo-e-vestibular-do-ifs-sao-prorrogadas-ate-o-dia-19-de-julho","status":"publish","type":"post","link":"https:\/\/senoticias.com.br\/se\/inscricoes-para-processo-seletivo-e-vestibular-do-ifs-sao-prorrogadas-ate-o-dia-19-de-julho\/","title":{"rendered":"Inscri\u00e7\u00f5es para processo seletivo e vestibular do IFS s\u00e3o prorrogadas at\u00e9 o dia 19 de julho"},"content":{"rendered":"<p style=\"text-align: justify;\"><a href=\"http:\/\/senoticias.com.br\/se\/wp-content\/uploads\/2011\/09\/20110817_ifs.jpg\"><img loading=\"lazy\" decoding=\"async\" class=\"alignleft size-medium wp-image-12936\" title=\"20110817_ifs\" src=\"http:\/\/senoticias.com.br\/se\/wp-content\/uploads\/2011\/09\/20110817_ifs-300x169.jpg\" alt=\"\" width=\"300\" height=\"169\" srcset=\"https:\/\/senoticias.com.br\/se\/wp-content\/uploads\/2011\/09\/20110817_ifs-300x169.jpg 300w, https:\/\/senoticias.com.br\/se\/wp-content\/uploads\/2011\/09\/20110817_ifs-342x193.jpg 342w, https:\/\/senoticias.com.br\/se\/wp-content\/uploads\/2011\/09\/20110817_ifs.jpg 557w\" sizes=\"(max-width: 300px) 100vw, 300px\" \/><\/a>O Instituto Federal de Sergipe (IFS) prorrogou at\u00e9 o dia 19 de julho as inscri\u00e7\u00f5es para o processo seletivo para cursos t\u00e9cnicos de n\u00edvel m\u00e9dio subsequentes e o vestibular para cursos de n\u00edvel superior. Ao todo, est\u00e3o dispon\u00edveis 905 vagas, sendo 705 para subsequentes e 200 para cursos de gradua\u00e7\u00e3o.<\/p>\n<p style=\"text-align: justify;\">As inscri\u00e7\u00f5es podem ser feitas atrav\u00e9s da internet ou presencialmente, em cada campus. A taxa de inscri\u00e7\u00e3o para o processo seletivo \u00e9 de R$ 20 no Campus Aracaju e de R$ 10 nos demais campi. Para o vestibular, a taxa de inscri\u00e7\u00e3o \u00e9 de R$ 30 em todos os campi.<\/p>\n<p style=\"text-align: justify;\"><strong>Vagas<\/strong><\/p>\n<p style=\"text-align: justify;\">Entre os cursos t\u00e9cnicos, h\u00e1 vagas em Edifica\u00e7\u00f5es, Eletr\u00f4nica, Eletrot\u00e9cnica, Qu\u00edmica, Petr\u00f3leo e G\u00e1s, Inform\u00e1tica, Alimentos, Seguran\u00e7a no Trabalho, Hospedagem, Agrimensura, Eletromec\u00e2nica, Manuten\u00e7\u00e3o e Suporte de Inform\u00e1tica e Guia de Turismo. J\u00e1 entre as op\u00e7\u00f5es de n\u00edvel superior, h\u00e1 os cursos de Engenharia Civil, licenciaturas em Qu\u00edmica, F\u00edsica e Matem\u00e1tica, Gest\u00e3o de Turismo, Saneamento Ambiental, Sistemas de Informa\u00e7\u00e3o, Agroecologia e Automa\u00e7\u00e3o Industrial.<\/p>\n<p style=\"text-align: justify;\">As provas ser\u00e3o realizadas no dia 5 de agosto para os cursos t\u00e9cnicos, e no dia 12 do mesmo m\u00eas para os de n\u00edvel superior. O resultado final do processo seletivo ser\u00e1 divulgado no dia 17 de agosto. A lista de pr\u00e9-classificados no vestibular poder\u00e1 ser conferida no dia 16 de agosto e o resultado final est\u00e1 previsto para o dia 21 do mesmo m\u00eas.<\/p>\n<p><strong>Datas importantes para cursos t\u00e9cnicos de n\u00edvel m\u00e9dio subsequentes<\/strong><\/p>\n<p>Inscri\u00e7\u00f5es: at\u00e9 19\/07<\/p>\n<p>Provas: 05\/08<\/p>\n<p>Resultado final: 17\/08<\/p>\n<p>Datas importantes para cursos de gradua\u00e7\u00e3o<\/p>\n<p>Inscri\u00e7\u00f5es: at\u00e9 19\/07<\/p>\n<p>Provas: 12\/08<\/p>\n<p>Resultado final: 03\/09<\/p>\n<p>Confira o edital completo no site www.ifs.edu.br<\/p>\n<p><strong>Coordena\u00e7\u00e3o de Comunica\u00e7\u00e3o Social e Eventos &#8211; CCOM <\/strong><br \/>\n<strong>Instituto Federal de Sergipe &#8211; IFS<\/strong><\/p>\n","protected":false},"excerpt":{"rendered":"<p>O Instituto Federal de Sergipe (IFS) prorrogou at\u00e9 o dia 19 de julho as inscri\u00e7\u00f5es para o processo seletivo para cursos t\u00e9cnicos de n\u00edvel m\u00e9dio subsequentes e o vestibular para cursos de n\u00edvel superior. Ao todo, est\u00e3o dispon\u00edveis 905 vagas, sendo 705 para subsequentes e 200 para cursos de gradua\u00e7\u00e3o. As inscri\u00e7\u00f5es podem ser feitas [&hellip;]<\/p>\n","protected":false},"author":3,"featured_media":12936,"comment_status":"closed","ping_status":"closed","sticky":false,"template":"","format":"standard","meta":{"footnotes":""},"categories":[44,26],"tags":[],"class_list":{"0":"post-36792","1":"post","2":"type-post","3":"status-publish","4":"format-standard","5":"has-post-thumbnail","7":"category-educacao","8":"category-esportes"},"_links":{"self":[{"href":"https:\/\/senoticias.com.br\/se\/wp-json\/wp\/v2\/posts\/36792"}],"collection":[{"href":"https:\/\/senoticias.com.br\/se\/wp-json\/wp\/v2\/posts"}],"about":[{"href":"https:\/\/senoticias.com.br\/se\/wp-json\/wp\/v2\/types\/post"}],"author":[{"embeddable":true,"href":"https:\/\/senoticias.com.br\/se\/wp-json\/wp\/v2\/users\/3"}],"replies":[{"embeddable":true,"href":"https:\/\/senoticias.com.br\/se\/wp-json\/wp\/v2\/comments?post=36792"}],"version-history":[{"count":0,"href":"https:\/\/senoticias.com.br\/se\/wp-json\/wp\/v2\/posts\/36792\/revisions"}],"wp:featuredmedia":[{"embeddable":true,"href":"https:\/\/senoticias.com.br\/se\/wp-json\/wp\/v2\/media\/12936"}],"wp:attachment":[{"href":"https:\/\/senoticias.com.br\/se\/wp-json\/wp\/v2\/media?parent=36792"}],"wp:term":[{"taxonomy":"category","embeddable":true,"href":"https:\/\/senoticias.com.br\/se\/wp-json\/wp\/v2\/categories?post=36792"},{"taxonomy":"post_tag","embeddable":true,"href":"https:\/\/senoticias.com.br\/se\/wp-json\/wp\/v2\/tags?post=36792"}],"curies":[{"name":"wp","href":"https:\/\/api.w.org\/{rel}","templated":true}]}}