{"id":36758,"date":"2012-07-13T06:37:34","date_gmt":"2012-07-13T09:37:34","guid":{"rendered":"http:\/\/senoticias.com.br\/se\/?p=36758"},"modified":"2012-07-13T06:45:10","modified_gmt":"2012-07-13T09:45:10","slug":"mec-divulga-relacao-de-aprovados-na-segunda-chamada-do-sisu","status":"publish","type":"post","link":"https:\/\/senoticias.com.br\/se\/mec-divulga-relacao-de-aprovados-na-segunda-chamada-do-sisu\/","title":{"rendered":"MEC divulga rela\u00e7\u00e3o de aprovados na segunda chamada do Sisu"},"content":{"rendered":"<p style=\"text-align: justify;\"><a href=\"http:\/\/senoticias.com.br\/se\/wp-content\/uploads\/2012\/07\/Sisu.jpeg\"><img loading=\"lazy\" decoding=\"async\" class=\"alignright size-full wp-image-36762\" title=\"Sisu\" src=\"http:\/\/senoticias.com.br\/se\/wp-content\/uploads\/2012\/07\/Sisu.jpeg\" alt=\"\" width=\"259\" height=\"194\" srcset=\"https:\/\/senoticias.com.br\/se\/wp-content\/uploads\/2012\/07\/Sisu.jpeg 259w, https:\/\/senoticias.com.br\/se\/wp-content\/uploads\/2012\/07\/Sisu-60x45.jpg 60w, https:\/\/senoticias.com.br\/se\/wp-content\/uploads\/2012\/07\/Sisu-150x113.jpg 150w\" sizes=\"(max-width: 259px) 100vw, 259px\" \/><\/a>O Minist\u00e9rio da Educa\u00e7\u00e3o (MEC) divulgou, nesta sexta-feira (13), a lista de aprovados na segunda chamada do Sisu (Sistema de Sele\u00e7\u00e3o Unificada). O resultado deve ser conferido no site do Sisu. As matr\u00edculas devem ser feitas nos dias 17 e 18 de julho<\/p>\n<p style=\"text-align: justify;\">Quem n\u00e3o for selecionado em nenhuma das duas chamadas poder\u00e1 participar de uma lista de espera que ser\u00e1 utilizada pelas institui\u00e7\u00f5es para preencher vagas remanescentes. O candidato interessado em participar da lista de espera dever\u00e1 fazer essa op\u00e7\u00e3o no pr\u00f3prio <a href=\" http:\/\/sisu.mec.gov.br\/\" target=\"_blank\"><span style=\"color: #0000ff;\"><strong>site do Sisu<\/strong><\/span><\/a> a partir desta sexta-feira (13) at\u00e9 o dia 19 de julho. A convoca\u00e7\u00e3o dos candidatos em lista de espera ser\u00e1 realizada no dia 24 de julho.<\/p>\n<p style=\"text-align: justify;\">Para participar do Sisu, os candidatos precisavam ter feito o Enem 2011 e ter nota maior do que zero na reda\u00e7\u00e3o. Segundo o MEC, algumas institui\u00e7\u00f5es adotam notas m\u00ednimas para inscri\u00e7\u00e3o em determinados cursos.<\/p>\n<p style=\"text-align: justify;\">Foram 642.878 candidatos inscritos para disputar as mais de 30 mil vagas oferecidas em todo o pa\u00eds. A UFRJ (Universidade Federal do Rio de Janeiro) foi a institui\u00e7\u00e3o mais procurada, com 152.196 inscri\u00e7\u00f5es. As inscri\u00e7\u00f5es acabaram no dia 22 de junho.<\/p>\n<p style=\"text-align: justify;\"><em><strong>(UOL com informa\u00e7\u00f5es da Ag\u00eancia Brasil)<\/strong><\/em><\/p>\n","protected":false},"excerpt":{"rendered":"<p>O Minist\u00e9rio da Educa\u00e7\u00e3o (MEC) divulgou, nesta sexta-feira (13), a lista de aprovados na segunda chamada do Sisu (Sistema de Sele\u00e7\u00e3o Unificada). O resultado deve ser conferido no site do Sisu. As matr\u00edculas devem ser feitas nos dias 17 e 18 de julho Quem n\u00e3o for selecionado em nenhuma das duas chamadas poder\u00e1 participar de [&hellip;]<\/p>\n","protected":false},"author":2,"featured_media":36762,"comment_status":"closed","ping_status":"closed","sticky":false,"template":"","format":"standard","meta":{"footnotes":""},"categories":[44,26],"tags":[],"class_list":{"0":"post-36758","1":"post","2":"type-post","3":"status-publish","4":"format-standard","5":"has-post-thumbnail","7":"category-educacao","8":"category-esportes"},"_links":{"self":[{"href":"https:\/\/senoticias.com.br\/se\/wp-json\/wp\/v2\/posts\/36758"}],"collection":[{"href":"https:\/\/senoticias.com.br\/se\/wp-json\/wp\/v2\/posts"}],"about":[{"href":"https:\/\/senoticias.com.br\/se\/wp-json\/wp\/v2\/types\/post"}],"author":[{"embeddable":true,"href":"https:\/\/senoticias.com.br\/se\/wp-json\/wp\/v2\/users\/2"}],"replies":[{"embeddable":true,"href":"https:\/\/senoticias.com.br\/se\/wp-json\/wp\/v2\/comments?post=36758"}],"version-history":[{"count":0,"href":"https:\/\/senoticias.com.br\/se\/wp-json\/wp\/v2\/posts\/36758\/revisions"}],"wp:featuredmedia":[{"embeddable":true,"href":"https:\/\/senoticias.com.br\/se\/wp-json\/wp\/v2\/media\/36762"}],"wp:attachment":[{"href":"https:\/\/senoticias.com.br\/se\/wp-json\/wp\/v2\/media?parent=36758"}],"wp:term":[{"taxonomy":"category","embeddable":true,"href":"https:\/\/senoticias.com.br\/se\/wp-json\/wp\/v2\/categories?post=36758"},{"taxonomy":"post_tag","embeddable":true,"href":"https:\/\/senoticias.com.br\/se\/wp-json\/wp\/v2\/tags?post=36758"}],"curies":[{"name":"wp","href":"https:\/\/api.w.org\/{rel}","templated":true}]}}