{"id":36656,"date":"2012-07-12T07:34:43","date_gmt":"2012-07-12T10:34:43","guid":{"rendered":"http:\/\/senoticias.com.br\/se\/?p=36656"},"modified":"2013-05-18T12:59:51","modified_gmt":"2013-05-18T15:59:51","slug":"ministerio-publico-pede-a-impugnacao-de-betinho-e-armando-batalha","status":"publish","type":"post","link":"https:\/\/senoticias.com.br\/se\/ministerio-publico-pede-a-impugnacao-de-betinho-e-armando-batalha\/","title":{"rendered":"Minist\u00e9rio P\u00fablico pede a impugna\u00e7\u00e3o de Betinho e Armando Batalha"},"content":{"rendered":"<div id=\"attachment_6409\" style=\"width: 269px\" class=\"wp-caption alignleft\"><a href=\"http:\/\/senoticias.com.br\/se\/wp-content\/uploads\/2011\/05\/ARMANDO-BATALHA.jpg\"><img loading=\"lazy\" decoding=\"async\" aria-describedby=\"caption-attachment-6409\" class=\"size-full wp-image-6409\" title=\"ARMANDO BATALHA\" src=\"http:\/\/senoticias.com.br\/se\/wp-content\/uploads\/2011\/05\/ARMANDO-BATALHA.jpg\" alt=\"\" width=\"259\" height=\"194\" srcset=\"https:\/\/senoticias.com.br\/se\/wp-content\/uploads\/2011\/05\/ARMANDO-BATALHA.jpg 259w, https:\/\/senoticias.com.br\/se\/wp-content\/uploads\/2011\/05\/ARMANDO-BATALHA-60x45.jpg 60w, https:\/\/senoticias.com.br\/se\/wp-content\/uploads\/2011\/05\/ARMANDO-BATALHA-150x113.jpg 150w\" sizes=\"(max-width: 259px) 100vw, 259px\" \/><\/a><p id=\"caption-attachment-6409\" class=\"wp-caption-text\">MPE pede impugna\u00e7\u00e3o de Armando Batalha (PSB). (Reprodu\u00e7\u00e3o)<\/p><\/div>\n<p style=\"text-align: justify;\">O munic\u00edpio de S\u00e3o Crist\u00f3v\u00e3o pode sofrer uma reviravolta nas elei\u00e7\u00f5es deste ano. Na ter\u00e7a-feira (10), o Minist\u00e9rio P\u00fablico Eleitoral (MPE) enviou \u00e0 Justi\u00e7a o pedido de impugna\u00e7\u00e3o das candidaturas de Armando Batalha (PSB) e Alberto Santos, conhecido como Betinho (PRP), candidatos ao cargo de chefe do executivo em S\u00e3o Crist\u00f3v\u00e3o.<\/p>\n<p style=\"text-align: justify;\">De acordo com o Minist\u00e9rio P\u00fablico Eleitoral, os dois candidatos tiveram contas rejeitadas pelo Tribunal de Contas do Estado, em raz\u00e3o de irregularidades insan\u00e1veis que configuraram atos dolosos de improbidade administrativa. Em raz\u00e3o disso, incidem em causa de inelegibilidade prevista na Lei da Ficha Limpa.<\/p>\n<p style=\"text-align: justify;\">No caso\u00a0 de Armando Batalha, h\u00e1 ainda um processo de improbidade administrativa, onde Armando j\u00e1 sofreu condena\u00e7\u00f5es.<\/p>\n<p style=\"text-align: justify;\">O parecer sobre os pedidos cabe ao juiz Eleitoral de S\u00e3o Crist\u00f3v\u00e3o, Manoel Costa Neto. O prazo para os pol\u00edticos apresentarem defesa \u00e9 de cinco dias a partir da data de notifica\u00e7\u00e3o.<\/p>\n<div id=\"attachment_36668\" style=\"width: 310px\" class=\"wp-caption alignleft\"><a href=\"http:\/\/senoticias.com.br\/se\/wp-content\/uploads\/2012\/07\/Betinho-PRP.jpg\"><img loading=\"lazy\" decoding=\"async\" aria-describedby=\"caption-attachment-36668\" class=\"size-medium wp-image-36668\" title=\"Betinho PRP\" src=\"http:\/\/senoticias.com.br\/se\/wp-content\/uploads\/2012\/07\/Betinho-PRP-300x225.jpg\" alt=\"\" width=\"300\" height=\"225\" srcset=\"https:\/\/senoticias.com.br\/se\/wp-content\/uploads\/2012\/07\/Betinho-PRP-300x225.jpg 300w, https:\/\/senoticias.com.br\/se\/wp-content\/uploads\/2012\/07\/Betinho-PRP-342x256.jpg 342w, https:\/\/senoticias.com.br\/se\/wp-content\/uploads\/2012\/07\/Betinho-PRP-60x45.jpg 60w, https:\/\/senoticias.com.br\/se\/wp-content\/uploads\/2012\/07\/Betinho-PRP-150x113.jpg 150w, https:\/\/senoticias.com.br\/se\/wp-content\/uploads\/2012\/07\/Betinho-PRP-269x201.jpg 269w, https:\/\/senoticias.com.br\/se\/wp-content\/uploads\/2012\/07\/Betinho-PRP.jpg 640w\" sizes=\"(max-width: 300px) 100vw, 300px\" \/><\/a><p id=\"caption-attachment-36668\" class=\"wp-caption-text\">Minist\u00e9rio P\u00fablico Eleitoral tamb\u00e9m pediu a impugna\u00e7\u00e3o de Betinho do (PRP). (Foto: Blog Coisas de S\u00e3o Crist\u00f3v\u00e3o)<\/p><\/div>\n<p style=\"text-align: justify;\">O <em><strong>SE NOT\u00cdCIAS<\/strong><\/em> n\u00e3o conseguiu contato com os candidatos citados. Para isso deixamos o nosso email: senoticias@gmail.com a disposi\u00e7\u00e3o dos candidatos.<\/p>\n<p style=\"text-align: justify;\"><em><span style=\"color: #333399;\"><strong>Por Reda\u00e7\u00e3o SE Not\u00edcias<\/strong><\/span><\/em><\/p>\n","protected":false},"excerpt":{"rendered":"<p>O munic\u00edpio de S\u00e3o Crist\u00f3v\u00e3o pode sofrer uma reviravolta nas elei\u00e7\u00f5es deste ano. Na ter\u00e7a-feira (10), o Minist\u00e9rio P\u00fablico Eleitoral (MPE) enviou \u00e0 Justi\u00e7a o pedido de impugna\u00e7\u00e3o das candidaturas de Armando Batalha (PSB) e Alberto Santos, conhecido como Betinho (PRP), candidatos ao cargo de chefe do executivo em S\u00e3o Crist\u00f3v\u00e3o. De acordo com o [&hellip;]<\/p>\n","protected":false},"author":3,"featured_media":36668,"comment_status":"closed","ping_status":"closed","sticky":false,"template":"","format":"standard","meta":{"footnotes":""},"categories":[15,38,3],"tags":[],"class_list":{"0":"post-36656","1":"post","2":"type-post","3":"status-publish","4":"format-standard","5":"has-post-thumbnail","7":"category-destaques","8":"category-municipios","9":"category-saocristovao"},"_links":{"self":[{"href":"https:\/\/senoticias.com.br\/se\/wp-json\/wp\/v2\/posts\/36656"}],"collection":[{"href":"https:\/\/senoticias.com.br\/se\/wp-json\/wp\/v2\/posts"}],"about":[{"href":"https:\/\/senoticias.com.br\/se\/wp-json\/wp\/v2\/types\/post"}],"author":[{"embeddable":true,"href":"https:\/\/senoticias.com.br\/se\/wp-json\/wp\/v2\/users\/3"}],"replies":[{"embeddable":true,"href":"https:\/\/senoticias.com.br\/se\/wp-json\/wp\/v2\/comments?post=36656"}],"version-history":[{"count":0,"href":"https:\/\/senoticias.com.br\/se\/wp-json\/wp\/v2\/posts\/36656\/revisions"}],"wp:featuredmedia":[{"embeddable":true,"href":"https:\/\/senoticias.com.br\/se\/wp-json\/wp\/v2\/media\/36668"}],"wp:attachment":[{"href":"https:\/\/senoticias.com.br\/se\/wp-json\/wp\/v2\/media?parent=36656"}],"wp:term":[{"taxonomy":"category","embeddable":true,"href":"https:\/\/senoticias.com.br\/se\/wp-json\/wp\/v2\/categories?post=36656"},{"taxonomy":"post_tag","embeddable":true,"href":"https:\/\/senoticias.com.br\/se\/wp-json\/wp\/v2\/tags?post=36656"}],"curies":[{"name":"wp","href":"https:\/\/api.w.org\/{rel}","templated":true}]}}