{"id":36580,"date":"2012-07-11T14:04:16","date_gmt":"2012-07-11T17:04:16","guid":{"rendered":"http:\/\/senoticias.com.br\/se\/?p=36580"},"modified":"2012-07-12T06:14:32","modified_gmt":"2012-07-12T09:14:32","slug":"carioca-acusa-ex-gestores-da-fhs-de-improbidade-banese-sera-denunciado-ao-bc","status":"publish","type":"post","link":"https:\/\/senoticias.com.br\/se\/carioca-acusa-ex-gestores-da-fhs-de-improbidade-banese-sera-denunciado-ao-bc\/","title":{"rendered":"Carioca acusa ex-gestores da FHS de improbidade. Banese ser\u00e1 denunciado ao BC"},"content":{"rendered":"<p style=\"text-align: justify;\"><a href=\"%20http:\/\/www.nenoticias.com.br\/71523_carioca-acusa-ex-gestores-da-fhs-de-improbidade-banese-sera-denunciado-ao-bc-.html\" target=\"_blank\"><strong>Do NE Not\u00edcias<\/strong><\/a><\/p>\n<div id=\"attachment_36581\" style=\"width: 310px\" class=\"wp-caption alignleft\"><a href=\"http:\/\/senoticias.com.br\/se\/wp-content\/uploads\/2012\/07\/Transurh-300x171.jpg\"><img loading=\"lazy\" decoding=\"async\" aria-describedby=\"caption-attachment-36581\" class=\"size-full wp-image-36581\" title=\"Transurh-300x171\" src=\"http:\/\/senoticias.com.br\/se\/wp-content\/uploads\/2012\/07\/Transurh-300x171.jpg\" alt=\"\" width=\"300\" height=\"171\" \/><\/a><p id=\"caption-attachment-36581\" class=\"wp-caption-text\">Sede da TRANSURH no bairro Siqueira Campos - Aracaju. Reprodu\u00e7\u00e3o<\/p><\/div>\n<p style=\"text-align: justify;\">O empres\u00e1rio Wellington Carioca fez grave den\u00fancia em entrevista concedida nesta quarta-feira, 11, ao jornalista Gilmar Carvalho, na Rede Ilha.<\/p>\n<p style=\"text-align: justify;\">Ele apresentou documentos que provam que ex-gestores da Funda\u00e7\u00e3o Hospitalar de Sa\u00fade assinaram Termos de Compromisso parcelando o pagamento de uma d\u00edvida de R$ 6 milh\u00f5es e 700 mil.<\/p>\n<p style=\"text-align: justify;\">De posse dos Termos de Compromisso, o Banese abriu uma conta garantia em nome da Transurh, empresa de Carioca que, segundo ele, n\u00e3o tem patrim\u00f4nio para pagar o valor da d\u00edvida.<\/p>\n<p style=\"text-align: justify;\">Ainda segundo Carioca, ex-gestores da FHS alegaram que s\u00f3 dessa maneira seria poss\u00edvel pagar o d\u00e9bito, pois de outra forma estourariam o or\u00e7amento da funda\u00e7\u00e3o.<\/p>\n<p style=\"text-align: justify;\">Os documentos foram assinados no dia 4 de maio deste ano, no final da gest\u00e3o anterior. Carioca isentou de responsabilidade os atuais gestores da funda\u00e7\u00e3o e o secret\u00e1rio de Estado da Sa\u00fade, Silvio Santos.<\/p>\n<p style=\"text-align: justify;\">Segundo o empres\u00e1rio, a Transurh passou a emitir notas ficais e, de posse da fatura, &#8220;a FHS quitava o d\u00e9bito mensal com o dinheiro da nossa empresa&#8221;.<\/p>\n<p style=\"text-align: justify;\">&#8220;Se o governo do Estado rescindir o contrato, a Transurh vai herdar uma d\u00edvida de R$ 6,7 milh\u00f5es, e eu n\u00e3o tenho condi\u00e7\u00e3o de assumir esse d\u00e9bito&#8221;, desabafou Carioca.<\/p>\n<p style=\"text-align: justify;\">O empres\u00e1rio disse que, logo depois da entrevista, levaria os documentos ao Minist\u00e9rio P\u00fablico Estadual e ao Minist\u00e9rio P\u00fablico Federal.<\/p>\n<p style=\"text-align: justify;\"><strong>Banese<\/strong><\/p>\n<p style=\"text-align: justify;\">Depois da participa\u00e7\u00e3o de Carioca no programa, o entrevistado foi o deputado estadual Augusto Bezerra (DEM).<\/p>\n<p style=\"text-align: justify;\">Durante a entrevista, Gilmar recomendou a Augusto que levasse a den\u00fancia ao Banco Central contra o Banese, o que foi aceito imediatamente pelo parlamentar.<\/p>\n","protected":false},"excerpt":{"rendered":"<p>Do NE Not\u00edcias O empres\u00e1rio Wellington Carioca fez grave den\u00fancia em entrevista concedida nesta quarta-feira, 11, ao jornalista Gilmar Carvalho, na Rede Ilha. Ele apresentou documentos que provam que ex-gestores da Funda\u00e7\u00e3o Hospitalar de Sa\u00fade assinaram Termos de Compromisso parcelando o pagamento de uma d\u00edvida de R$ 6 milh\u00f5es e 700 mil. De posse dos [&hellip;]<\/p>\n","protected":false},"author":3,"featured_media":36581,"comment_status":"closed","ping_status":"closed","sticky":false,"template":"","format":"standard","meta":{"footnotes":""},"categories":[38],"tags":[],"class_list":{"0":"post-36580","1":"post","2":"type-post","3":"status-publish","4":"format-standard","5":"has-post-thumbnail","7":"category-municipios"},"_links":{"self":[{"href":"https:\/\/senoticias.com.br\/se\/wp-json\/wp\/v2\/posts\/36580"}],"collection":[{"href":"https:\/\/senoticias.com.br\/se\/wp-json\/wp\/v2\/posts"}],"about":[{"href":"https:\/\/senoticias.com.br\/se\/wp-json\/wp\/v2\/types\/post"}],"author":[{"embeddable":true,"href":"https:\/\/senoticias.com.br\/se\/wp-json\/wp\/v2\/users\/3"}],"replies":[{"embeddable":true,"href":"https:\/\/senoticias.com.br\/se\/wp-json\/wp\/v2\/comments?post=36580"}],"version-history":[{"count":0,"href":"https:\/\/senoticias.com.br\/se\/wp-json\/wp\/v2\/posts\/36580\/revisions"}],"wp:featuredmedia":[{"embeddable":true,"href":"https:\/\/senoticias.com.br\/se\/wp-json\/wp\/v2\/media\/36581"}],"wp:attachment":[{"href":"https:\/\/senoticias.com.br\/se\/wp-json\/wp\/v2\/media?parent=36580"}],"wp:term":[{"taxonomy":"category","embeddable":true,"href":"https:\/\/senoticias.com.br\/se\/wp-json\/wp\/v2\/categories?post=36580"},{"taxonomy":"post_tag","embeddable":true,"href":"https:\/\/senoticias.com.br\/se\/wp-json\/wp\/v2\/tags?post=36580"}],"curies":[{"name":"wp","href":"https:\/\/api.w.org\/{rel}","templated":true}]}}