{"id":36569,"date":"2012-07-11T10:46:18","date_gmt":"2012-07-11T13:46:18","guid":{"rendered":"http:\/\/senoticias.com.br\/se\/?p=36569"},"modified":"2012-07-11T19:00:16","modified_gmt":"2012-07-11T22:00:16","slug":"dia-da-redencao-coritiba-e-palmeiras-duelam-pelo-titulo-da-copa-do-brasil","status":"publish","type":"post","link":"https:\/\/senoticias.com.br\/se\/dia-da-redencao-coritiba-e-palmeiras-duelam-pelo-titulo-da-copa-do-brasil\/","title":{"rendered":"Coritiba e Palmeiras duelam pelo t\u00edtulo da Copa do Brasil"},"content":{"rendered":"<p style=\"text-align: justify;\"><a href=\"http:\/\/senoticias.com.br\/se\/wp-content\/uploads\/2012\/07\/Curitiba.jpg\"><img loading=\"lazy\" decoding=\"async\" class=\"alignleft size-full wp-image-36572\" title=\"Curitiba\" src=\"http:\/\/senoticias.com.br\/se\/wp-content\/uploads\/2012\/07\/Curitiba.jpg\" alt=\"\" width=\"257\" height=\"196\" srcset=\"https:\/\/senoticias.com.br\/se\/wp-content\/uploads\/2012\/07\/Curitiba.jpg 257w, https:\/\/senoticias.com.br\/se\/wp-content\/uploads\/2012\/07\/Curitiba-60x45.jpg 60w, https:\/\/senoticias.com.br\/se\/wp-content\/uploads\/2012\/07\/Curitiba-150x113.jpg 150w\" sizes=\"(max-width: 257px) 100vw, 257px\" \/><\/a>Couto Pereira, quarta-feira, 21h50m. Falta pouco para o pa\u00eds conhecer seu novo campe\u00e3o, uma equipe alviverde que superou advers\u00e1rios dif\u00edceis, s\u00e9rios problemas na \u00faltima d\u00e9cada e que agora encontra a reden\u00e7\u00e3o. Tanto Coritiba quanto Palmeiras jogam hoje \u00e0 noite pela reden\u00e7\u00e3o de uma d\u00e9cada no ato final da edi\u00e7\u00e3o 2012 da Copa do Brasil. Com a vit\u00f3ria por 2 a 0 no jogo de ida, em Barueri, o Verd\u00e3o, de Luiz Felipe Scolari, come\u00e7a com vantagem. Mas o Coxa, de Marcelo Oliveira e o seu Green Hell, agora eletr\u00f4nico, prometem uma luta intensa para tirar garantir a ta\u00e7a. Nos v\u00eddeos, relembre as campanhas das duas equipes.<\/p>\n<p>Nunca foi f\u00e1cil. Na \u00faltima d\u00e9cada, menos ainda. O palmeirense se acostumou a sofrer com derrotas do\u00eddas e elimina\u00e7\u00f5es vexat\u00f3rias, mas voltou a sorrir com um time que, se n\u00e3o \u00e9 um primor de t\u00e9cnica, faz de tudo para se entregar dentro de campo. Desde o fat\u00eddico 2002, quando caiu para a S\u00e9rie B do Campeonato Brasileiro, o Verd\u00e3o s\u00f3 conquistou um t\u00edtulo de elite: o Paulista de 2008. Agora, voltou a ser temido. A ta\u00e7a significa a soberania nacional: ser\u00e3o dez conquistas (oito Brasileiros reconhecidos pela CBF, mais duas Copas do Brasil), contra nove do Santos. Significa tamb\u00e9m a reden\u00e7\u00e3o de Felip\u00e3o, que venceu uma s\u00e9rie de problemas para chegar \u00e0 decis\u00e3o.<\/p>\n<p style=\"text-align: justify;\">Nunca foi f\u00e1cil. Na \u00faltima d\u00e9cada, menos ainda. O coxa-branca chorou com dois rebaixamentos, elimina\u00e7\u00f5es em competi\u00e7\u00f5es nacionais e a ascens\u00e3o do rival Atl\u00e9tico-PR (que voltou a cair e agora disputa a segunda divis\u00e3o). Desde o fat\u00eddico 2002, quando foi eliminado do Campeonato Brasileiro ao perder para um rebaixado Gama (e permitir a classifica\u00e7\u00e3o do Santos, futuro campe\u00e3o), foram tr\u00eas anos na S\u00e9rie B (2006, 2007 e 2010) e seis t\u00edtulos estaduais, insuficientes para um clube que tem sede de conquistas nacionais, chance perdida no ano passado justamente na final da Copa do Brasil, tamb\u00e9m em casa, para o Vasco, mesmo com a vit\u00f3ria por 3 a 2 &#8211; perdeu o jogo de ida, no Rio, por 1 a 0. O t\u00edtulo significa uma vaga na Ta\u00e7a Libertadores depois de nove anos fora, al\u00e9m da consolida\u00e7\u00e3o do trabalho de Marcelo Oliveira, t\u00e9cnico que ganhou o torcedor do Coritiba em um ano e meio de trabalho.<\/p>\n<p style=\"text-align: justify;\">Um 2 a 0 para o Coritiba leva a decis\u00e3o para os p\u00eanaltis. Se o Palmeiras fizer um gol, o Coxa ter\u00e1 de marcar quatro, por causa do crit\u00e9rio do gol fora de casa. Assim como no primeiro jogo da decis\u00e3o, haver\u00e1 desfalques. De um lado, o zagueiro-artilheiro Emerson est\u00e1 suspenso. Do outro, Valdivia foi expulso e tamb\u00e9m fica fora. Sem contar Barcos, que se recupera da cirurgia de retirada do ap\u00eandice e n\u00e3o tem condi\u00e7\u00e3o de jogo novamente.<\/p>\n<p style=\"text-align: justify;\">O Couto Pereira ter\u00e1 uma tecnologia inovadora para incentivar o Coxa: um Green Hell eletr\u00f4nico, j\u00e1 que os sinalizadores e fuma\u00e7as est\u00e3o proibidos no est\u00e1dio. Assim, os artefatos ser\u00e3o substitu\u00eddos por l\u00e2mpadas de LED e gelo seco para proporcionar o mesmo efeito para os cerca de 35 mil torcedores. Destes, 4 mil, segundo o Coxa, ou 5.500, de acordo com o Palmeiras, ser\u00e3o visitantes. O Verd\u00e3o tamb\u00e9m leva com a delega\u00e7\u00e3o todos os jogadores lesionados e n\u00e3o relacionados.<\/p>\n<p style=\"text-align: justify;\">O GLOBOESPORTE.COM acompanha todos os lances em Tempo Real e ter\u00e1 um programa especial, com flashes ao vivo do Couto Pereira, a partir das 21h. A TV Globo e o SporTV transmitem o duelo para todo o Brasil, direto de Curitiba. A arbitragem ser\u00e1 de Sandro Meira Ricci (PE), auxiliado por Carlos Berkenbrock (SC) e Alessandro da Rocha Matos (BA).<\/p>\n<p style=\"text-align: justify;\"><strong>As escala\u00e7\u00f5es <\/strong><\/p>\n<p style=\"text-align: justify;\">Coritiba: o time \u00e9 um mist\u00e9rio. O t\u00e9cnico Marcelo Oliveira disse que j\u00e1 tem o grupo fechado, mas s\u00f3 divulgar\u00e1 a escala\u00e7\u00e3o momentos antes do jogo. Apesar da indefini\u00e7\u00e3o, \u00e9 prov\u00e1vel que o volante S\u00e9rgio Manoel, o lateral-direito Ayrton e o atacante Roberto retornem ao time. A principal d\u00favida \u00e9 se o treinador utilizar\u00e1 tr\u00eas volantes ou se come\u00e7a com dois armadores. O Coxa deve entrar em campo com Vanderlei; Ayrton, Demerson, Pereira e Lucas Mendes; Willian, Sergio Manoel, Rafinha e \u00c9verton Ribeiro; Roberto e Everton Costa.<\/p>\n<p style=\"text-align: justify;\">Palmeiras: Felip\u00e3o faz pelo menos duas mudan\u00e7as na equipe que venceu o primeiro jogo, j\u00e1 que Henrique volta ao time e Valdivia est\u00e1 suspenso. Daniel Carvalho substitui o Mago, enquanto M\u00e1rcio Ara\u00fajo vai para o banco de reservas. O restante deve ser mantido. O time prov\u00e1vel tem Bruno, Artur, Maur\u00edcio Ramos, Thiago Heleno e Juninho; Henrique, Marcos Assun\u00e7\u00e3o, Jo\u00e3o Vitor e Daniel Carvalho; Mazinho e Betinho (Maikon Leite).<\/p>\n<p style=\"text-align: justify;\"><strong>\u00a0Fique de olho 2<\/strong><\/p>\n<p style=\"text-align: justify;\">Coritiba: o meia Rafinha \u00e9 o principal nome do coletivo coxa-branca. Considerado um maestro no meio-campo, ele ter\u00e1 a responsabilidade de distribuir as jogadas e mandar o passe redondo para o Coxa sair da desvantagem e marcar os tr\u00eas gols necess\u00e1rios.<\/p>\n<p style=\"text-align: justify;\">Palmeiras: se o time n\u00e3o sofrer gols, \u00e9 campe\u00e3o da Copa do Brasil. Para isso, o zagueiro Henrique volta de suspens\u00e3o e ser\u00e1 escalado no meio-campo, numa fun\u00e7\u00e3o que desempenhou bem na reta final do torneio. Formado no Coxa, ele ter\u00e1 a oportunidade de conquistar a ta\u00e7a em um lugar onde j\u00e1 foi \u00eddolo e passou dez anos.<\/p>\n<p style=\"text-align: justify;\"><strong>Por Diego Ribeiro e Gabriel Hamilko Curitiba e S\u00e3o Paulo<\/strong><\/p>\n","protected":false},"excerpt":{"rendered":"<p>Couto Pereira, quarta-feira, 21h50m. Falta pouco para o pa\u00eds conhecer seu novo campe\u00e3o, uma equipe alviverde que superou advers\u00e1rios dif\u00edceis, s\u00e9rios problemas na \u00faltima d\u00e9cada e que agora encontra a reden\u00e7\u00e3o. Tanto Coritiba quanto Palmeiras jogam hoje \u00e0 noite pela reden\u00e7\u00e3o de uma d\u00e9cada no ato final da edi\u00e7\u00e3o 2012 da Copa do Brasil. Com [&hellip;]<\/p>\n","protected":false},"author":3,"featured_media":36572,"comment_status":"closed","ping_status":"closed","sticky":false,"template":"","format":"standard","meta":{"footnotes":""},"categories":[39,8],"tags":[],"class_list":{"0":"post-36569","1":"post","2":"type-post","3":"status-publish","4":"format-standard","5":"has-post-thumbnail","7":"category-esporte","8":"category-esporte-e-cultura"},"_links":{"self":[{"href":"https:\/\/senoticias.com.br\/se\/wp-json\/wp\/v2\/posts\/36569"}],"collection":[{"href":"https:\/\/senoticias.com.br\/se\/wp-json\/wp\/v2\/posts"}],"about":[{"href":"https:\/\/senoticias.com.br\/se\/wp-json\/wp\/v2\/types\/post"}],"author":[{"embeddable":true,"href":"https:\/\/senoticias.com.br\/se\/wp-json\/wp\/v2\/users\/3"}],"replies":[{"embeddable":true,"href":"https:\/\/senoticias.com.br\/se\/wp-json\/wp\/v2\/comments?post=36569"}],"version-history":[{"count":0,"href":"https:\/\/senoticias.com.br\/se\/wp-json\/wp\/v2\/posts\/36569\/revisions"}],"wp:featuredmedia":[{"embeddable":true,"href":"https:\/\/senoticias.com.br\/se\/wp-json\/wp\/v2\/media\/36572"}],"wp:attachment":[{"href":"https:\/\/senoticias.com.br\/se\/wp-json\/wp\/v2\/media?parent=36569"}],"wp:term":[{"taxonomy":"category","embeddable":true,"href":"https:\/\/senoticias.com.br\/se\/wp-json\/wp\/v2\/categories?post=36569"},{"taxonomy":"post_tag","embeddable":true,"href":"https:\/\/senoticias.com.br\/se\/wp-json\/wp\/v2\/tags?post=36569"}],"curies":[{"name":"wp","href":"https:\/\/api.w.org\/{rel}","templated":true}]}}