{"id":36566,"date":"2012-07-11T10:35:33","date_gmt":"2012-07-11T13:35:33","guid":{"rendered":"http:\/\/senoticias.com.br\/se\/?p=36566"},"modified":"2012-07-11T14:48:47","modified_gmt":"2012-07-11T17:48:47","slug":"festa-de-nossa-senhora-do-carmo-tera-asa-de-aguia-e-timbalada","status":"publish","type":"post","link":"https:\/\/senoticias.com.br\/se\/festa-de-nossa-senhora-do-carmo-tera-asa-de-aguia-e-timbalada\/","title":{"rendered":"Festa de Nossa Senhora do Carmo ter\u00e1 Asa de \u00c1guia e Timbalada"},"content":{"rendered":"<p style=\"text-align: justify;\"><a href=\"http:\/\/senoticias.com.br\/se\/wp-content\/uploads\/2012\/07\/Asa-de-aguia.jpg\"><img loading=\"lazy\" decoding=\"async\" class=\"alignleft size-medium wp-image-36599\" title=\"Asa-de-aguia\" src=\"http:\/\/senoticias.com.br\/se\/wp-content\/uploads\/2012\/07\/Asa-de-aguia-300x199.jpg\" alt=\"\" width=\"300\" height=\"199\" srcset=\"https:\/\/senoticias.com.br\/se\/wp-content\/uploads\/2012\/07\/Asa-de-aguia-300x199.jpg 300w, https:\/\/senoticias.com.br\/se\/wp-content\/uploads\/2012\/07\/Asa-de-aguia-342x227.jpg 342w, https:\/\/senoticias.com.br\/se\/wp-content\/uploads\/2012\/07\/Asa-de-aguia.jpg 650w\" sizes=\"(max-width: 300px) 100vw, 300px\" \/><\/a>Neste final de semana, a partir da sexta-feira (13) at\u00e9 o domingo (15), o munic\u00edpio de Carm\u00f3polis estar\u00e1 em festa. A programa\u00e7\u00e3o art\u00edstica pelas comemora\u00e7\u00f5es da padroeira Nossa Senhora do Carmo ser\u00e1 bastante variada e, como tem sido uma marca nos \u00faltimos anos na cidade, ter\u00e1 grandes atra\u00e7\u00f5es nacionais. Entre elas L\u00e9o Magalh\u00e3es, Asa de \u00c1guia e Calcinha Preta. Uma megaestrutura com dois palcos ser\u00e1 montada na pra\u00e7a de eventos para receber os artistas. A entrada \u00e9 franca.<\/p>\n<p><strong>Confira a programa\u00e7\u00e3o completa do evento neste final de semana:<\/strong><\/p>\n<p><strong>13 de julho (sexta-feira)<\/strong><\/p>\n<p>Calcinha Preta<\/p>\n<p>Asa de \u00c1guia<\/p>\n<p>\u00c9 o Tchan<\/p>\n<p><strong>14 de julho (s\u00e1bado)<\/strong><\/p>\n<p>L\u00e9o Magalh\u00e3es<\/p>\n<p>Timbalada<\/p>\n<p>Silvano Salles<\/p>\n<p><strong>15 de julho (domingo)<\/strong><\/p>\n<p>Cinco Elementos<\/p>\n<p>Garota Safada<\/p>\n<p>Gal\u00e3 do Brega<\/p>\n<p><strong>Da Empauta Comunica\u00e7\u00e3o<\/strong><\/p>\n","protected":false},"excerpt":{"rendered":"<p>Neste final de semana, a partir da sexta-feira (13) at\u00e9 o domingo (15), o munic\u00edpio de Carm\u00f3polis estar\u00e1 em festa. A programa\u00e7\u00e3o art\u00edstica pelas comemora\u00e7\u00f5es da padroeira Nossa Senhora do Carmo ser\u00e1 bastante variada e, como tem sido uma marca nos \u00faltimos anos na cidade, ter\u00e1 grandes atra\u00e7\u00f5es nacionais. Entre elas L\u00e9o Magalh\u00e3es, Asa de [&hellip;]<\/p>\n","protected":false},"author":3,"featured_media":36599,"comment_status":"closed","ping_status":"closed","sticky":false,"template":"","format":"standard","meta":{"footnotes":""},"categories":[38],"tags":[],"class_list":{"0":"post-36566","1":"post","2":"type-post","3":"status-publish","4":"format-standard","5":"has-post-thumbnail","7":"category-municipios"},"_links":{"self":[{"href":"https:\/\/senoticias.com.br\/se\/wp-json\/wp\/v2\/posts\/36566"}],"collection":[{"href":"https:\/\/senoticias.com.br\/se\/wp-json\/wp\/v2\/posts"}],"about":[{"href":"https:\/\/senoticias.com.br\/se\/wp-json\/wp\/v2\/types\/post"}],"author":[{"embeddable":true,"href":"https:\/\/senoticias.com.br\/se\/wp-json\/wp\/v2\/users\/3"}],"replies":[{"embeddable":true,"href":"https:\/\/senoticias.com.br\/se\/wp-json\/wp\/v2\/comments?post=36566"}],"version-history":[{"count":0,"href":"https:\/\/senoticias.com.br\/se\/wp-json\/wp\/v2\/posts\/36566\/revisions"}],"wp:featuredmedia":[{"embeddable":true,"href":"https:\/\/senoticias.com.br\/se\/wp-json\/wp\/v2\/media\/36599"}],"wp:attachment":[{"href":"https:\/\/senoticias.com.br\/se\/wp-json\/wp\/v2\/media?parent=36566"}],"wp:term":[{"taxonomy":"category","embeddable":true,"href":"https:\/\/senoticias.com.br\/se\/wp-json\/wp\/v2\/categories?post=36566"},{"taxonomy":"post_tag","embeddable":true,"href":"https:\/\/senoticias.com.br\/se\/wp-json\/wp\/v2\/tags?post=36566"}],"curies":[{"name":"wp","href":"https:\/\/api.w.org\/{rel}","templated":true}]}}