{"id":36562,"date":"2012-07-11T10:21:04","date_gmt":"2012-07-11T13:21:04","guid":{"rendered":"http:\/\/senoticias.com.br\/se\/?p=36562"},"modified":"2012-07-11T10:22:59","modified_gmt":"2012-07-11T13:22:59","slug":"senadora-maria-destaca-centenario-de-augusto-franco","status":"publish","type":"post","link":"https:\/\/senoticias.com.br\/se\/senadora-maria-destaca-centenario-de-augusto-franco\/","title":{"rendered":"Senadora Maria destaca centen\u00e1rio de Augusto Franco"},"content":{"rendered":"<div id=\"attachment_26268\" style=\"width: 310px\" class=\"wp-caption alignleft\"><a href=\"http:\/\/senoticias.com.br\/se\/wp-content\/uploads\/2012\/03\/Maria-do-Carmo.jpg\"><img loading=\"lazy\" decoding=\"async\" aria-describedby=\"caption-attachment-26268\" class=\"size-full wp-image-26268\" title=\"Maria do Carmo\" src=\"http:\/\/senoticias.com.br\/se\/wp-content\/uploads\/2012\/03\/Maria-do-Carmo.jpg\" alt=\"\" width=\"300\" height=\"215\" srcset=\"https:\/\/senoticias.com.br\/se\/wp-content\/uploads\/2012\/03\/Maria-do-Carmo.jpg 300w, https:\/\/senoticias.com.br\/se\/wp-content\/uploads\/2012\/03\/Maria-do-Carmo-90x65.jpg 90w\" sizes=\"(max-width: 300px) 100vw, 300px\" \/><\/a><p id=\"caption-attachment-26268\" class=\"wp-caption-text\">Senadora Maria do Carmo Nascimento Alves (DEM-SE). Foto\/Reprodu\u00e7\u00e3o<\/p><\/div>\n<p style=\"text-align: justify;\">A senadora Maria do Carmo Alves (DEM) destacou nesta quarta-feira (11) o centen\u00e1rio do ex-governador e empres\u00e1rio Augusto Franco que, se vivo fosse, seria completado no pr\u00f3ximo dia 4 de setembro. \u201cO doutor Augusto Franco marcou \u00e9poca. Um homem s\u00e9rio, cumpridor da sua palavra, com atua\u00e7\u00e3o marcante na vida empresarial e pol\u00edtica de Sergipe\u201d, afirmou a senadora democrata.<\/p>\n<p style=\"text-align: justify;\">Para ela, Augusto Franco deixou um importante legado para a fam\u00edlia e para a sociedade sergipana por seu esp\u00edrito empreendedor e desenvolvimentista. \u201cEra um homem que pensava \u00e0 frente do seu tempo\u201d, disse Maria, ao lembrar que ele foi o fundador das televis\u00f5es Sergipe e Atalaia; e r\u00e1dios AM e FM, hoje administrada por seus filhos e netos, entre os quais, o ex-governador Albano Franco e o empres\u00e1rio Walter Franco, al\u00e9m de atuar na ind\u00fastria.<\/p>\n<p style=\"text-align: justify;\">M\u00e9dico humanista, Maria do Carmo ressaltou que Augusto Franco foi eleito governador de Sergipe no final da d\u00e9cada de 70. Encerrou o mandato no in\u00edcio da d\u00e9cada de 80 deixando a sua marca. Tamb\u00e9m foi deputado federal, obtendo a maior vota\u00e7\u00e3o proporcional do Estado, at\u00e9 hoje.<\/p>\n<p style=\"text-align: justify;\"><em><strong>Ascom\/DF \u00a0\u00a0<\/strong><\/em><\/p>\n","protected":false},"excerpt":{"rendered":"<p>A senadora Maria do Carmo Alves (DEM) destacou nesta quarta-feira (11) o centen\u00e1rio do ex-governador e empres\u00e1rio Augusto Franco que, se vivo fosse, seria completado no pr\u00f3ximo dia 4 de setembro. \u201cO doutor Augusto Franco marcou \u00e9poca. Um homem s\u00e9rio, cumpridor da sua palavra, com atua\u00e7\u00e3o marcante na vida empresarial e pol\u00edtica de Sergipe\u201d, afirmou [&hellip;]<\/p>\n","protected":false},"author":3,"featured_media":26268,"comment_status":"closed","ping_status":"closed","sticky":false,"template":"","format":"standard","meta":{"footnotes":""},"categories":[6],"tags":[],"class_list":{"0":"post-36562","1":"post","2":"type-post","3":"status-publish","4":"format-standard","5":"has-post-thumbnail","7":"category-politica"},"_links":{"self":[{"href":"https:\/\/senoticias.com.br\/se\/wp-json\/wp\/v2\/posts\/36562"}],"collection":[{"href":"https:\/\/senoticias.com.br\/se\/wp-json\/wp\/v2\/posts"}],"about":[{"href":"https:\/\/senoticias.com.br\/se\/wp-json\/wp\/v2\/types\/post"}],"author":[{"embeddable":true,"href":"https:\/\/senoticias.com.br\/se\/wp-json\/wp\/v2\/users\/3"}],"replies":[{"embeddable":true,"href":"https:\/\/senoticias.com.br\/se\/wp-json\/wp\/v2\/comments?post=36562"}],"version-history":[{"count":0,"href":"https:\/\/senoticias.com.br\/se\/wp-json\/wp\/v2\/posts\/36562\/revisions"}],"wp:featuredmedia":[{"embeddable":true,"href":"https:\/\/senoticias.com.br\/se\/wp-json\/wp\/v2\/media\/26268"}],"wp:attachment":[{"href":"https:\/\/senoticias.com.br\/se\/wp-json\/wp\/v2\/media?parent=36562"}],"wp:term":[{"taxonomy":"category","embeddable":true,"href":"https:\/\/senoticias.com.br\/se\/wp-json\/wp\/v2\/categories?post=36562"},{"taxonomy":"post_tag","embeddable":true,"href":"https:\/\/senoticias.com.br\/se\/wp-json\/wp\/v2\/tags?post=36562"}],"curies":[{"name":"wp","href":"https:\/\/api.w.org\/{rel}","templated":true}]}}