{"id":36555,"date":"2012-07-10T23:18:45","date_gmt":"2012-07-11T02:18:45","guid":{"rendered":"http:\/\/senoticias.com.br\/se\/?p=36555"},"modified":"2012-07-11T19:06:42","modified_gmt":"2012-07-11T22:06:42","slug":"crianca-abusada-sexualmente-diz-que-mae-sabia-de-tudo","status":"publish","type":"post","link":"https:\/\/senoticias.com.br\/se\/crianca-abusada-sexualmente-diz-que-mae-sabia-de-tudo\/","title":{"rendered":"Crian\u00e7a abusada sexualmente diz que m\u00e3e sabia de tudo"},"content":{"rendered":"<p>&nbsp;<\/p>\n<div id=\"attachment_36556\" style=\"width: 235px\" class=\"wp-caption alignleft\"><a href=\"http:\/\/senoticias.com.br\/se\/wp-content\/uploads\/2012\/07\/materia-pai_tio_estupro_070712.jpg\"><img loading=\"lazy\" decoding=\"async\" aria-describedby=\"caption-attachment-36556\" class=\"size-full wp-image-36556\" title=\"materia-pai_tio_estupro_070712\" src=\"http:\/\/senoticias.com.br\/se\/wp-content\/uploads\/2012\/07\/materia-pai_tio_estupro_070712.jpg\" alt=\"\" width=\"225\" height=\"169\" srcset=\"https:\/\/senoticias.com.br\/se\/wp-content\/uploads\/2012\/07\/materia-pai_tio_estupro_070712.jpg 225w, https:\/\/senoticias.com.br\/se\/wp-content\/uploads\/2012\/07\/materia-pai_tio_estupro_070712-60x45.jpg 60w, https:\/\/senoticias.com.br\/se\/wp-content\/uploads\/2012\/07\/materia-pai_tio_estupro_070712-150x113.jpg 150w\" sizes=\"(max-width: 225px) 100vw, 225px\" \/><\/a><p id=\"caption-attachment-36556\" class=\"wp-caption-text\">Geovargas e George ainda prestar\u00e3o depoimentos (Foto: Divulga\u00e7\u00e3o Delegacia de Porto da Folha)<\/p><\/div>\n<p style=\"text-align: justify;\">A menina de 12 anos que foi abusada sexualmente pelo pai, George Carvalho da Silva, e pelo tio, Geovargas Carvalho da Silva, prestou depoimento na delegacia de Porto da Folha e alegou que havia relatado toda a situa\u00e7\u00e3o para a m\u00e3e, e que ela nada fez para proteg\u00ea-la.<\/p>\n<p style=\"text-align: justify;\">A crian\u00e7a, que est\u00e1 sendo acompanhada pelo Conselho Tutelar, foi ouvida no pr\u00f3prio munic\u00edpio e relatou que seu pai costumava abus\u00e1-la durante a noite, no momento em que ela dormia. A informa\u00e7\u00e3o \u00e9 do escriv\u00e3o Arionaldo Matos da Silva, que ainda contou que a garota confirmou todas as suspeitas e que vai ser encaminhada ao Instituto M\u00e9dico Legal (IML) para realizar exames.<\/p>\n<p style=\"text-align: justify;\">\u201cCom rela\u00e7\u00e3o \u00e0 m\u00e3e, em seu depoimento a crian\u00e7a disse que havia contado sobre os abusos para ela, e que, em resposta a acusa\u00e7\u00e3o da filha, a m\u00e3e teria dito a seguinte frase: \u2018Voc\u00ea fa\u00e7a o que voc\u00ea quiser, mas n\u00e3o me complique\u2019\u201d, declarou Arionaldo.<\/p>\n<p style=\"text-align: justify;\">O delegado Ant\u00f4nio Wellington, que est\u00e1 cuidando do caso, informou que, por tudo que j\u00e1 foi apurado, acredita-se que a m\u00e3e sabia de tudo h\u00e1 muito tempo, e que ela n\u00e3o confirma os abusos, pois quer proteger o marido. Ele ainda disse que, caso essa suspeita seja confirmada, a m\u00e3e pode ser indiciada.<\/p>\n<p style=\"text-align: justify;\">\u201cTemos 30 dias para concluir o inqu\u00e9rito, pois esta \u00e9 a quantidade de tempo determinado para manter os dois em pris\u00e3o tempor\u00e1ria. Durante este per\u00edodo vamos aguardar a chegada dos laudos, e colher os depoimentos de George e Geovargas\u201d, informou o delegado.<\/p>\n<p style=\"text-align: justify;\">Ant\u00f4nio tamb\u00e9m afirmou que tudo indica que o pai sabia que o tio da crian\u00e7a realizava os abusos, e que ele ainda colaborava para que isso acontecesse. \u201cIsso acontecia h\u00e1 cerca de quatro anos, e acredita-se que o tio abusava mais da garota do que o pr\u00f3prio pai. Agora j\u00e1 estamos com o caso praticamente elucidado, e s\u00f3 nos resta esperar os laudos e confirmar que a m\u00e3e sabia mesmo que os abusos aconteciam\u201d, relatou.<\/p>\n<p style=\"text-align: justify;\"><span style=\"color: #333399;\"><em><strong>Veja tamb\u00e9m!<\/strong><\/em><\/span><\/p>\n<p style=\"text-align: justify;\"><span style=\"color: #333333;\"><strong>Pai e tio s\u00e3o presos sob a acusa\u00e7\u00e3o de abusar garota de 12 anos<\/strong><\/span><\/p>\n<p style=\"text-align: justify;\">No \u00faltimo s\u00e1bado, 7, policiais civis e militares da cidade de Porto da Folha, prenderam o pai e um tio de uma\u00a0 garota de 12 anos, que foi abusada pela dupla.<\/p>\n<p style=\"text-align: justify;\">Segundo a assessoria de imprensa da Secret\u00e1ria de Seguran\u00e7a P\u00fablica de Sergipe (SSP), as pris\u00f5es foram realizadas no povoado Lagoa da Volta. E aconteceram em cumprimento a mandado de pris\u00e3o expedido pela Justi\u00e7a local.<\/p>\n<p style=\"text-align: justify;\">\u201cAs informa\u00e7\u00f5es colhidas at\u00e9 o presente momento s\u00e3o no sentido de que a menor era aliciada sexualmente pelo pai e pelo tio. Com medo de sofrer repres\u00e1lias dos agressores, a menor mantinha os abusos em segredo\u201d, explicou o delegado Ant\u00f4nio Wellington Brito.\u00a0 Ainda segundo Wellington, a partir de testemunhos e de relat\u00f3rios do Conselho Tutelar, foi poss\u00edvel o deferimento dos pedidos de pris\u00e3o formulados contra os acusados.<\/p>\n<p style=\"text-align: justify;\">Os acusados ainda s\u00e3o investigados pela pr\u00e1tica de outros crimes de roubo a resid\u00eancias cometidos recentemente no povoado Lagoa da Volta, todos praticados com viol\u00eancia e graves amea\u00e7as, mediante a utiliza\u00e7\u00e3o de armas de fogo.<\/p>\n<p><span style=\"color: #333333;\"><em><strong>Por Monique Garcez e K\u00e1tia Susanna &#8211; Portal Infonet<\/strong><\/em><\/span><\/p>\n<p style=\"text-align: justify;\">\n","protected":false},"excerpt":{"rendered":"<p>&nbsp; A menina de 12 anos que foi abusada sexualmente pelo pai, George Carvalho da Silva, e pelo tio, Geovargas Carvalho da Silva, prestou depoimento na delegacia de Porto da Folha e alegou que havia relatado toda a situa\u00e7\u00e3o para a m\u00e3e, e que ela nada fez para proteg\u00ea-la. A crian\u00e7a, que est\u00e1 sendo acompanhada [&hellip;]<\/p>\n","protected":false},"author":3,"featured_media":36556,"comment_status":"closed","ping_status":"closed","sticky":false,"template":"","format":"standard","meta":{"footnotes":""},"categories":[7],"tags":[],"class_list":{"0":"post-36555","1":"post","2":"type-post","3":"status-publish","4":"format-standard","5":"has-post-thumbnail","7":"category-policia"},"_links":{"self":[{"href":"https:\/\/senoticias.com.br\/se\/wp-json\/wp\/v2\/posts\/36555"}],"collection":[{"href":"https:\/\/senoticias.com.br\/se\/wp-json\/wp\/v2\/posts"}],"about":[{"href":"https:\/\/senoticias.com.br\/se\/wp-json\/wp\/v2\/types\/post"}],"author":[{"embeddable":true,"href":"https:\/\/senoticias.com.br\/se\/wp-json\/wp\/v2\/users\/3"}],"replies":[{"embeddable":true,"href":"https:\/\/senoticias.com.br\/se\/wp-json\/wp\/v2\/comments?post=36555"}],"version-history":[{"count":0,"href":"https:\/\/senoticias.com.br\/se\/wp-json\/wp\/v2\/posts\/36555\/revisions"}],"wp:featuredmedia":[{"embeddable":true,"href":"https:\/\/senoticias.com.br\/se\/wp-json\/wp\/v2\/media\/36556"}],"wp:attachment":[{"href":"https:\/\/senoticias.com.br\/se\/wp-json\/wp\/v2\/media?parent=36555"}],"wp:term":[{"taxonomy":"category","embeddable":true,"href":"https:\/\/senoticias.com.br\/se\/wp-json\/wp\/v2\/categories?post=36555"},{"taxonomy":"post_tag","embeddable":true,"href":"https:\/\/senoticias.com.br\/se\/wp-json\/wp\/v2\/tags?post=36555"}],"curies":[{"name":"wp","href":"https:\/\/api.w.org\/{rel}","templated":true}]}}