{"id":36550,"date":"2012-07-10T23:02:11","date_gmt":"2012-07-11T02:02:11","guid":{"rendered":"http:\/\/senoticias.com.br\/se\/?p=36550"},"modified":"2012-07-10T23:04:06","modified_gmt":"2012-07-11T02:04:06","slug":"setransp-cobra-readequacao-do-sistema-de-transporte-e-lamenta-ato-truculento","status":"publish","type":"post","link":"https:\/\/senoticias.com.br\/se\/setransp-cobra-readequacao-do-sistema-de-transporte-e-lamenta-ato-truculento\/","title":{"rendered":"Setransp cobra readequa\u00e7\u00e3o do sistema de transporte e lamenta ato truculento"},"content":{"rendered":"<div id=\"attachment_32687\" style=\"width: 269px\" class=\"wp-caption alignleft\"><a href=\"http:\/\/senoticias.com.br\/se\/wp-content\/uploads\/2012\/05\/Am%C3%A2ncio.jpg\"><img loading=\"lazy\" decoding=\"async\" aria-describedby=\"caption-attachment-32687\" class=\"size-full wp-image-32687\" title=\"Am\u00e2ncio\" src=\"http:\/\/senoticias.com.br\/se\/wp-content\/uploads\/2012\/05\/Am%C3%A2ncio.jpg\" alt=\"\" width=\"259\" height=\"194\" \/><\/a><p id=\"caption-attachment-32687\" class=\"wp-caption-text\">Amancio, superintendente do Sindicato das Empresas de Transporte de Passageiros de Aracaju (Setransp). (Reprodu\u00e7\u00e3o)<\/p><\/div>\n<p style=\"text-align: justify;\">O Sindicato das Empresas de Transporte de Passageiros de Aracaju lamentou a manifesta\u00e7\u00e3o ocorrida nesta ter\u00e7a-feira, dia 10, por populares que quebraram um ve\u00edculo da VCA, e, conforme as palavras do seu superintendente Jos\u00e9 Carlos Amancio, disse que repudia \u201cqualquer ato truculento que ponha em risco a vida de passageiros bem como dos profissionais rodovi\u00e1rios que cumprem sua jornada di\u00e1ria de trabalho superando as adversidades atendendo da melhor maneira poss\u00edvel os usu\u00e1rios do sistema de transporte do munic\u00edpio de Aracaju e regi\u00e3o metropolitana\u201d.<\/p>\n<p style=\"text-align: justify;\">Em hor\u00e1rio de pico, principalmente nos dias de chuva, a opera\u00e7\u00e3o se torna ainda mais lenta, mas, segundo o superintendente Amancio, toda a programa\u00e7\u00e3o operacional do sistema contempla ve\u00edculos para atender a demanda nesses hor\u00e1rios. \u201cS\u00f3 n\u00e3o prev\u00ea engarrafamentos, sem\u00e1foros sem priorizar o coletivo, pontos de paradas, quebra molas e outros, o que infelizmente n\u00e3o acontece nos hor\u00e1rios fora do pico onde nossos ve\u00edculos circulam praticamente vazio, o que deveria tamb\u00e9m ser observado pelo poder publico&#8221;, frisou ele, apontando que os congestionamentos s\u00e3o um dos propiciadores da superlota\u00e7\u00e3o nos \u00f4nibus.<\/p>\n<p style=\"text-align: justify;\">De acordo com Amancio, nessas linhas Circular\u2019s rodam 18 ve\u00edculos. \u201cLinhas essas que descaracterizaram o sistema integrado aumentando o custo sobre maneira e ainda por cima n\u00e3o atendem adequadamente os desejos da popula\u00e7\u00e3o\u201d, reclamou ele, que ponderou tamb\u00e9m: \u201cfalar em sobrepor linha \u00e9 querer de fato comprometer ainda mais o sistema de transporte de Aracaju e regi\u00e3o metropolitana, que hoje j\u00e1 sofre por estar a mais de um ano sem reajuste tarif\u00e1rio quando todos os seus itens de planilhas de custos que comp\u00f5e a tarifa foram reajustados, a exemplo do sal\u00e1rio dos rodovi\u00e1rios em 10% e o t\u00edquete alimenta\u00e7\u00e3o em 20%\u201d.<\/p>\n<p style=\"text-align: justify;\">\u201cColocar mais \u00f4nibus para circular implica em mais custos, e como as empresas podem fazer isso se o Munic\u00edpio n\u00e3o cumpre com os reajustes tarif\u00e1rios de forma a garantir o equil\u00edbrio econ\u00f4mico-financeiro do sistema? Mesmo operando com planilha tarifaria defasada os empres\u00e1rios do setor vem realizando anualmente investimentos melhorando e a frota de \u00f4nibus da cidade\u201d, completou Amancio.<\/p>\n<p style=\"text-align: justify;\">O superintendente defendeu ainda a adequa\u00e7\u00e3o dos pontos de \u00f4nibus, bem como a instala\u00e7\u00e3o de disciplinadores de filas, entre outras melhorias que o Poder P\u00fablico precisa realizar. \u201cO que aconteceu hoje foi uma fatalidade, n\u00f3s lamentamos muito, mas sabemos que muitos motivos contribuem para tirar o cidad\u00e3o do s\u00e9rio. E com certeza se ver num ponto de \u00f4nibus sem qualidade, com um tumulto para entrar no \u00f4nibus, em um dia de chuva contribui ainda mais com insatisfa\u00e7\u00e3o\u201d, considerou ele.<\/p>\n<p style=\"text-align: justify;\">\u201cPrecisamos de terminais adequados para receber os passageiros assim como os pontos de parada com disciplinadores de fila, com placas indicando itiner\u00e1rios e outras a\u00e7\u00f5es que certamente ir\u00e3o contribuir para uma melhor qualidade no atendimento dos passageiros do sistema que n\u00e3o t\u00eam culpa e por direito devem usufruir de um atendimento num ambiente de melhor qualidade\u201d, disse Amancio.<\/p>\n<p style=\"text-align: justify;\"><em><strong>Raissa Cruz &#8211; Assessoria de Comunica\u00e7\u00e3o<\/strong><\/em><\/p>\n","protected":false},"excerpt":{"rendered":"<p>O Sindicato das Empresas de Transporte de Passageiros de Aracaju lamentou a manifesta\u00e7\u00e3o ocorrida nesta ter\u00e7a-feira, dia 10, por populares que quebraram um ve\u00edculo da VCA, e, conforme as palavras do seu superintendente Jos\u00e9 Carlos Amancio, disse que repudia \u201cqualquer ato truculento que ponha em risco a vida de passageiros bem como dos profissionais rodovi\u00e1rios [&hellip;]<\/p>\n","protected":false},"author":3,"featured_media":32687,"comment_status":"closed","ping_status":"closed","sticky":false,"template":"","format":"standard","meta":{"footnotes":""},"categories":[38],"tags":[],"class_list":{"0":"post-36550","1":"post","2":"type-post","3":"status-publish","4":"format-standard","5":"has-post-thumbnail","7":"category-municipios"},"_links":{"self":[{"href":"https:\/\/senoticias.com.br\/se\/wp-json\/wp\/v2\/posts\/36550"}],"collection":[{"href":"https:\/\/senoticias.com.br\/se\/wp-json\/wp\/v2\/posts"}],"about":[{"href":"https:\/\/senoticias.com.br\/se\/wp-json\/wp\/v2\/types\/post"}],"author":[{"embeddable":true,"href":"https:\/\/senoticias.com.br\/se\/wp-json\/wp\/v2\/users\/3"}],"replies":[{"embeddable":true,"href":"https:\/\/senoticias.com.br\/se\/wp-json\/wp\/v2\/comments?post=36550"}],"version-history":[{"count":0,"href":"https:\/\/senoticias.com.br\/se\/wp-json\/wp\/v2\/posts\/36550\/revisions"}],"wp:featuredmedia":[{"embeddable":true,"href":"https:\/\/senoticias.com.br\/se\/wp-json\/wp\/v2\/media\/32687"}],"wp:attachment":[{"href":"https:\/\/senoticias.com.br\/se\/wp-json\/wp\/v2\/media?parent=36550"}],"wp:term":[{"taxonomy":"category","embeddable":true,"href":"https:\/\/senoticias.com.br\/se\/wp-json\/wp\/v2\/categories?post=36550"},{"taxonomy":"post_tag","embeddable":true,"href":"https:\/\/senoticias.com.br\/se\/wp-json\/wp\/v2\/tags?post=36550"}],"curies":[{"name":"wp","href":"https:\/\/api.w.org\/{rel}","templated":true}]}}