{"id":36524,"date":"2012-07-10T18:06:11","date_gmt":"2012-07-10T21:06:11","guid":{"rendered":"http:\/\/senoticias.com.br\/se\/?p=36524"},"modified":"2012-07-10T18:13:56","modified_gmt":"2012-07-10T21:13:56","slug":"governo-suspende-venda-de-268-planos-de-saude-veja-lista","status":"publish","type":"post","link":"https:\/\/senoticias.com.br\/se\/governo-suspende-venda-de-268-planos-de-saude-veja-lista\/","title":{"rendered":"Governo suspende venda de 268 planos de sa\u00fade; veja lista"},"content":{"rendered":"<div id=\"attachment_36528\" style=\"width: 310px\" class=\"wp-caption alignleft\"><a href=\"http:\/\/senoticias.com.br\/se\/wp-content\/uploads\/2012\/07\/padilhaeditada.jpg\"><img loading=\"lazy\" decoding=\"async\" aria-describedby=\"caption-attachment-36528\" class=\"size-full wp-image-36528\" title=\"padilhaeditada\" src=\"http:\/\/senoticias.com.br\/se\/wp-content\/uploads\/2012\/07\/padilhaeditada.jpg\" alt=\"\" width=\"300\" height=\"225\" srcset=\"https:\/\/senoticias.com.br\/se\/wp-content\/uploads\/2012\/07\/padilhaeditada.jpg 300w, https:\/\/senoticias.com.br\/se\/wp-content\/uploads\/2012\/07\/padilhaeditada-60x45.jpg 60w, https:\/\/senoticias.com.br\/se\/wp-content\/uploads\/2012\/07\/padilhaeditada-150x113.jpg 150w, https:\/\/senoticias.com.br\/se\/wp-content\/uploads\/2012\/07\/padilhaeditada-269x201.jpg 269w\" sizes=\"(max-width: 300px) 100vw, 300px\" \/><\/a><p id=\"caption-attachment-36528\" class=\"wp-caption-text\">O ministro da Sa\u00fade, Alexandre Padilha, e o diretor-presidente da ANS, Mauricio Ceschin, em entrevista nesta ter\u00e7a-feira (10) (Foto: Lilian Quaino\/G1)<\/p><\/div>\n<p style=\"text-align: justify;\">A Ag\u00eancia Nacional de Sa\u00fade Suplementar suspendeu nesta ter\u00e7a-feira (10) o direito de comercializa\u00e7\u00e3o de 268 planos de sa\u00fade, administrados por 37 operadoras, por descumprimento de prazos estabelecidos pela ag\u00eancia para atendimento m\u00e9dico, realiza\u00e7\u00e3o de exames e interna\u00e7\u00f5es.\u00a0 O diretor-presidente da (ANS), Mauricio Ceschin, informou que a suspens\u00e3o vale a partir da sexta-feira (13), para que os planos possam comunicar a decis\u00e3o da ag\u00eancia a seus departamentos comerciais.<\/p>\n<p style=\"text-align: justify;\">O ministro da Sa\u00fade, Alexandre Padilha, disse que essas operadoras de sa\u00fade, se quiserem continuar vendendo esses produtos, t\u00eam que tratar bem os usu\u00e1rios. As 37 operadoras administram mais de mil planos, explicou Padilha. Os 268 que tiveram novas vendas proibidas tiveram reclama\u00e7\u00f5es reiteradas. Entre eles, h\u00e1 planos privados e corporativos. A cada tr\u00eas meses a ANS avaliar\u00e1 os planos de sa\u00fade, podendo revogar a suspens\u00e3o, explicou Ceschin.<\/p>\n<p style=\"text-align: justify;\">Se em tr\u00eas meses o n\u00famero de reclama\u00e7\u00f5es diminuir, a ag\u00eancia ser\u00e1 comunicar que a suspens\u00e3o foi revogada e pode voltar comercializar o produto. Se continuarem as reclama\u00e7\u00f5es, a suspens\u00e3o \u00e9 mantida, explicou o diretor da ANS.<\/p>\n<p style=\"text-align: justify;\">Na semana passada, a ANS havia informado que estudava suspender a comercializa\u00e7\u00e3o de planos de sa\u00fade de 40 operadoras.<\/p>\n<p style=\"text-align: justify;\">&#8220;A suspens\u00e3o da venda de novos planos \u00e9 uma atitude pedag\u00f3gica para essas operadoras e esses planos de sa\u00fade, que tiveram seis meses para se adequar \u00e0s normas, desde sua implanta\u00e7\u00e3o&#8221;, disse Padilha. Segundo disse, proibir venda de novos planos permitir\u00e1 \u00e0 operadora reorganizar a rede e melhorar seu produto.<\/p>\n<p style=\"text-align: justify;\"><strong>Multa e consumidores<\/strong><\/p>\n<p style=\"text-align: justify;\">Segundo a Ceschin, os planos de sa\u00fade afetados poder\u00e3o ser multados em R$ 250 mil caso insistam em ter novos benefici\u00e1rios.<\/p>\n<p style=\"text-align: justify;\">Esses planos que tiveram as vendas suspensas re\u00fanem 3,5 milh\u00f5es de benefici\u00e1rios que n\u00e3o ter\u00e3o qualquer preju\u00edzo, segundo o ministro da Sa\u00fade, Alexandre Padilha. No pa\u00eds, 50 milh\u00f5es de pessoas s\u00e3o associadas a algum plano de sa\u00fade ou odontol\u00f3gico, disse Padilha.<\/p>\n<p style=\"text-align: justify;\">Segundo Padilha, a partir das den\u00fancias de demora no atendimento, criou-se uma resolu\u00e7\u00e3o espec\u00edfica determinando prazos para todos os tipos de procedimento.<\/p>\n<p style=\"text-align: justify;\">\u201cCriamos uma forma de monitorar se isso \u00e9 cumprido atrav\u00e9s do n\u00famero de den\u00fancias. Se em dois monitoramentos (um a cada tr\u00eas meses) houver piora no atendimento, o plano fica impedido de comercializar. Isso \u00e9 uma prote\u00e7\u00e3o ao benefici\u00e1rio. Se o plano aumentar o n\u00famero de pessoas associadas n\u00e3o vai conseguir atender bem, uma vez que j\u00e1 est\u00e1 atendendo mal aos seus antigos benefici\u00e1rios. Ele n\u00e3o pode atender a novas pessoas enquanto n\u00e3o atender no prazo os seus benefici\u00e1rios tradicionais\u201d, explicou.<\/p>\n<p style=\"text-align: justify;\">\u201cAl\u00e9m das den\u00fancias no site, tem a atualiza\u00e7\u00e3o dos benefici\u00e1rios dos planos de sa\u00fade junto \u00e0 ANS. Os dados s\u00e3o cruzados e podemos identificar se os planos com vendas suspensas t\u00eam novos benefici\u00e1rios\u201d, disse Ceschin.<\/p>\n<p style=\"text-align: justify;\"><strong>Mais de 100 empresas com reclama\u00e7\u00f5es<\/strong><\/p>\n<p style=\"text-align: justify;\">Ao todo, 105 empresas tiveram reclama\u00e7\u00f5es pelo segundo trimestre consecutivo.<\/p>\n<p style=\"text-align: justify;\">Os casos denunciados pelos usu\u00e1rios \u00e0 ANS s\u00e3o de desrespeito \u00e0 Resolu\u00e7\u00e3o Normativa n\u00ba 259. A medida estabelece o tempo m\u00e1ximo permitido entre o pedido de um procedimento, como consultas, exames e cirurgias, e seu atendimento. Os prazos variam de acordo com o tipo de solicita\u00e7\u00e3o.<\/p>\n<p style=\"text-align: justify;\">Das cerca de mil operadoras de plano de sa\u00fade, 162 tiveram reclama\u00e7\u00f5es de usu\u00e1rios sobre o descumprimento dos prazos no segundo trimestre de 2012. Os atrasos foram registrados entre os dias 19\/03 e 18\/06. No primeiro trimestre, a porcentagem foi de 19%.<\/p>\n<p style=\"text-align: justify;\">Segundo a ANS, as operadoras de planos de sa\u00fade que n\u00e3o cumprem os prazos definidos pela ag\u00eancia est\u00e3o sujeitas a multas de R$ 80 mil a R$ 100 mil, para situa\u00e7\u00f5es de urg\u00eancia e emerg\u00eancia. E, em casos de descumprimentos constantes, podem sofrer medidas administrativas.<\/p>\n<p style=\"text-align: justify;\">Por isso, o consumidor deve prestar aten\u00e7\u00e3o. Ap\u00f3s tentar agendar o atendimento com os profissionais ou estabelecimentos de sa\u00fade credenciados e n\u00e3o obter sucesso dentro do prazo m\u00e1ximo previsto, deve entrar em contato com a operadora para uma alternativa. Nesse contato, a pessoa deve anotar o n\u00famero de protocolo, que servir\u00e1 como comprovante da solicita\u00e7\u00e3o.<\/p>\n<p style=\"text-align: justify;\">Se a operadora n\u00e3o oferecer solu\u00e7\u00e3o, o consumidor dever\u00e1, tendo em m\u00e3os o n\u00famero do protocolo, fazer a den\u00fancia \u00e0 ANS por meio de um dos canais de atendimento: Disque ANS (0800 701 9656), Central de Relacionamento no site da ag\u00eancia ou ainda, presencialmente, em um dos 12 n\u00facleos da ANS nas principais capitais brasileiras.<\/p>\n<p style=\"text-align: justify;\"><strong>Veja a lista planos que tiveram suas vendas suspensas pela ANS:<\/strong><\/p>\n<p style=\"text-align: justify;\">ADMEDICO ADMINISTRA\u00c7\u00c3O DE SERVI\u00c7OS<br \/>\nM\u00c9DICOS A EMPRESA LTDA &#8211; 384003<br \/>\n413491995 &#8211; ADMEDICO I A H ENF<br \/>\n413492993 &#8211; ADMEDICO I A H O ENF<br \/>\n413504991 &#8211; EMP MENS AMB HOSP APTO<br \/>\n459845098 &#8211; I A H COPART ENF<\/p>\n<p>ADMINISTRADORA BRASILEIRA DE ASSIST\u00caNCIA<br \/>\nM\u00c9DICA LTDA &#8211; 413305<br \/>\n437399025 &#8211; ODONTO AMBULATORIAL<\/p>\n<p>ASL-ASSIST\u00caNCIA A SA\u00daDE &#8211; 411264 432705005 &#8211; M\u00c9DICUS QP(PESSOAL JUR\u00cdDICA)<br \/>\n441042034 &#8211; SA\u00daDE QC 12<br \/>\n441044031 &#8211; SA\u00daDE QC 11<br \/>\n441048033 &#8211; SA\u00daDE QC 21<br \/>\n441049031 &#8211; SA\u00daDE QP 21<br \/>\n446614034 &#8211; SA\u00daDE 50 QC12<\/p>\n<p>ASSIST\u00caNCIA M\u00c9DICO HOSPITALAR<br \/>\nSAO LUCAS S\/A &#8211; 323811<br \/>\n425347997 &#8211; AMBULATORIAL HOSPITALAR<br \/>\nOBST.FAM\/IND BRONZE<br \/>\n434037000 &#8211; AMBULATORIAL + HOSP. OBSTETRICO FAMILIAR\/<br \/>\nINDIVIDUAL PRATA<br \/>\n434042006 &#8211; AMBULATORIAL + HOSP. OBSTETRICO COL.<br \/>\nADES\u00c3O BRONZE<br \/>\n437046025 &#8211; PLANO AMB.HOSP. OBST\u00c9TRICO BAURU BRONZE<br \/>\nC\/CO-PARTICIPA\u00c7\u00c3O<br \/>\n452799042 &#8211; PLANO CONTRATA\u00c7\u00c3O RELATIVA BRONZE<br \/>\n460341099 &#8211; PLANO AMBULATORIAL HOSPITALAR<br \/>\nOBST\u00c9TRICO BRONZE<\/p>\n<p>BENEPLAN PLANO DE SA\u00daDE LTDA &#8211; 370363 411488994 &#8211; PLENO GRUPAL PR\u00c9 PAGAMENTO<br \/>\n415706991 &#8211; ECON\u00d4MICO GRUPAL \u2013 EMPRESARIAL<\/p>\n<p>CASA DE SA\u00daDE S\u00c3O BERNARDO S\/A &#8211; 363766 448957048 &#8211; CAPIXABA AMIGO EMPRESARIAL ESPECIAL<br \/>\n448958046 &#8211; CAPIXABA AMIGO EMPRESARIAL EXECUTIVO<br \/>\n448959044 &#8211; CAPIXABA TOTAL EMPRESARIAL EXECUTIVO<br \/>\n450218043 &#8211; CAPIXABA AMIGO EXECUTICO C\/OBSTETR\u00cdCIA<br \/>\n450219041 &#8211; CAPIXABA PARTICIPATIVO ESPECIAL<br \/>\nC\/OBSTETR\u00cdCIA<br \/>\n450220045 &#8211; CAPIXABA PARTICIPATIVO EXECUTIVO<br \/>\nC\/OBSTETR\u00cdCIA<br \/>\n461241108 &#8211; CAPIXABA PARTICIPATIVO EMPRESARIAL<br \/>\nESPECIAL C OBST<br \/>\n461242106 &#8211; CAPIXABA PARTICIPATIVO EMPRESARIAL<br \/>\nEXECUTIVO C OBST<br \/>\n463127107 &#8211; S\u00c3O BERNARDO TOTAL EMPRESARIAL<br \/>\nEXECUTIVO<br \/>\n463128105 &#8211; S\u00c3O BERNARDO TOTAL EMPRESARIAL ESPECIAL<br \/>\n463130107 &#8211; S\u00c3O BERNARDO TOTAL ESPECIAL<br \/>\n463131105 &#8211; S\u00c3O BERNARDO TOTAL EXECUTIVO<br \/>\n463132103 &#8211; S\u00c3O BERNARDO AMIGO ESPECIAL<br \/>\n464714119 &#8211; CAPIXABA TOTAL EMPRESARIAL ESPECIAL<\/p>\n<p>CENTRO CL\u00cdNICO GA\u00daCHO LTDA &#8211; 392804 401612992 &#8211; AMBULATORIAL ESPECIAL EMPRESARIAL<br \/>\nC\/CO-PART<br \/>\n401613991 &#8211; AMBULATORIAL ESPECIAL EMPRESARIAL POR<br \/>\nADES\u00c3O CO-PART<br \/>\n401615997 &#8211; AMBULATORIAL ESPECIAL PESSOA F\u00cdSICA<br \/>\n401616995 &#8211; HOSPITALAR GLOBAL STANDART<br \/>\nEMPRESARIAL CO-PART<br \/>\n401617993 &#8211; HOSPITALAR GLOBAL STANDART EMPRESARIAL<br \/>\nPOR ADES\u00c3O CO-PART<br \/>\n401619990 &#8211; HOSPITALAR GLOBAL STANDART PESSOA F\u00cdSICA<br \/>\n416591998 &#8211; AMBULATORIAL ESPECIAL EMPRESAL POR<br \/>\nADES\u00c3O C\/CO-PART<br \/>\n427018995 &#8211; HOSPITALAR GLOBAL STANDART PESSOA F\u00cdSICA<br \/>\nCOM CAR\u00caNCIA<br \/>\n427019993 &#8211; HOSPITALAR GLOBAL STANDART SEM ODONTO<br \/>\nPESSOA F\u00cdSICA COM CO-P<br \/>\n446956039 &#8211; HOSPITALAR GLOBAL STANDART EMPRESARIAL<br \/>\nCOM CO-PARTICIPA\u00c7\u00c3O<\/p>\n<p>EXCELSIOR MED S\/A &#8211; 411051 436394019 &#8211; EXPRESS ODONTO I<br \/>\n436395017 &#8211; EXPRESS ODONTO II<br \/>\n436396015 &#8211; EXPRESS ODONTO III<br \/>\n436397013 &#8211; EXPRESS ODONTO IV<br \/>\n436400017 &#8211; EXTRA ODONTO III<br \/>\n436401015 &#8211; EXTRA ODONTO IV<br \/>\n436403011 &#8211; EXPRESS DONTO COMPULS\u00d3RIO I<br \/>\n454975069 &#8211; EXPRESS AL ENFERMARIA COM PARTO<br \/>\n454976067 &#8211; EXPRESS AL ENFERMARIA SEM PARTO<br \/>\n454977065 &#8211; EXTRA AL APARTAMENTO COM PARTO<br \/>\n454978063 &#8211; EXTRA AL APARTAMENTO SEM PARTO<br \/>\n457569085 &#8211; EXTRA PB APARTAMENTO SEM PARTO<br \/>\n457570089 &#8211; EXTRA PB APARTAMENTO COM PARTO<\/p>\n<p>FUNDA\u00c7\u00c3O SANTA CASA DE MISERIC\u00d3RDIA DE<br \/>\nBELO HORIZONTE &#8211; 415405<br \/>\n407881991 &#8211; SANTA CASA SA\u00daDE BH &#8211; EMPRESA<br \/>\nCOMPLETO PRATA<br \/>\n407882999 &#8211; SANTA CASA SA\u00daDE BH &#8211; EMPRESA<br \/>\nCOMPLETO BRONZE<br \/>\n407892996 &#8211; SANTA CASA SA\u00daDE BH &#8211; INDIVIDUAL<br \/>\nCOMPLETO OURO<br \/>\n407893994 &#8211; SANTA CASA SA\u00daDE BH &#8211; INDIVIDUAL<br \/>\nCOMPLETO PRATA<br \/>\n422322995 &#8211; SANTA CASA SA\u00daDE BH-EMPRESA COMPLETO<br \/>\nPRATA C\/CO-PARTICIPA\u00c7\u00c3O<br \/>\n443728034 &#8211; INDIVIDUAL CO-PARTICIPATIVO PRATA<br \/>\n450530041 &#8211; PRATA COM CO-PARTICIPA\u00c7\u00c3O<br \/>\n450531040 &#8211; OURO COM CO-PARTICIPA\u00c7\u00c3O<br \/>\n456706084 &#8211; TOTAL<br \/>\n456708081 &#8211; TOTAL CORP<br \/>\n456709089 &#8211; IDEAL<br \/>\n456712089 &#8211; IDEAL CORP<\/p>\n<p>FUNDA\u00c7\u00c3O WALDEMAR BARNSLEY<br \/>\nPESSOA &#8211; 319147<br \/>\n412684990 &#8211; EMPRESARIAL PLENO STD<br \/>\n412687994 &#8211; EMPRESARIAL PLENO EXEC<br \/>\n415633991 &#8211; ADES\u00c3O PLENO A<br \/>\n415639991 &#8211; INDIVIDUAL PLENO A<br \/>\n436239010 &#8211; + SA\u00daDE STANDARD \u201cD\u201d<\/p>\n<p>GREEN LINE SISTEMA DE SA\u00daDE S.A &#8211; 325074 400307991 &#8211; STANDARD GLOBAL<br \/>\n400308990 &#8211; SPECIAL GLOBAL<br \/>\n400309998 &#8211; EXECUTIVE GLOBAL<br \/>\n400319995 &#8211; STANDARD GLOBAL<br \/>\n400320999 &#8211; SPECIAL GLOBAL<br \/>\n400431991 &#8211; PLANO STANDARD GLOBAL<br \/>\n404510996 &#8211; ESPECIAL<br \/>\n432843004 &#8211; PLANO REFER\u00caNCIA STANDARD PME<br \/>\n432844002 &#8211; PLANO REFER\u00caNCIA SPECIAL PME<br \/>\n432845001 &#8211; PLANO EXECUTIVE &#8211; PME<br \/>\n434527014 &#8211; STANDARD GLOBAL &#8211; CA<br \/>\n434528012 &#8211; SPECIAL GLOBAL &#8211; CA<br \/>\n436875014 &#8211; SELECT GLOBAL<br \/>\n440839030 &#8211; IDEAL<br \/>\n443022031 &#8211; IDEAL 200<br \/>\n443024037 &#8211; IDEAL EMPRESARIAL APARTAMENTO<br \/>\n444361036 &#8211; SPECIAL PREMIUM<br \/>\n444362034 &#8211; SPECIAL PREMIUM CA<br \/>\n444364031 &#8211; SPECIAL PREMIUM PME<br \/>\n445184038 &#8211; IDEAL 300<br \/>\n445187032 &#8211; IDEAL MAXI EMPRESARIAL APARTAMENTO<br \/>\n451309046 &#8211; ESPECIAL I PME<br \/>\n451310040 &#8211; ESPECIAL II PME<br \/>\n451311048 &#8211; VIP OURO I PME<br \/>\n459534093 &#8211; CLASSIC<br \/>\n459535091 &#8211; STYLE<br \/>\n459536090 &#8211; PRIME<br \/>\n459537098 &#8211; MASTER<br \/>\n459538096 &#8211; EXCELLENCE<br \/>\n459544091 &#8211; CLASSIC CA<br \/>\n459554098 &#8211; CLASSIC CE<br \/>\n459555096 &#8211; STYLE CE<br \/>\n460240094 &#8211; PRIME CE-PME<br \/>\n460241092 &#8211; EXCELLENCE CE PME<br \/>\n460243099 &#8211; CLASSIC CE PME<br \/>\n460244097 &#8211; STYLE CE PME<\/p>\n<p>GRUPO HOSPITALAR DO RIO DE JANEIRO<br \/>\nLTDA &#8211; 309222<br \/>\n404299999 &#8211; ASSIM CARIOCA PLUS ESP EMPRESARIAL<br \/>\nCOM OBST<br \/>\n404307993 &#8211; ASSIM CARIOCA PLUS STD EMPRESARIAL<br \/>\nCOM OBST<br \/>\n426232998 &#8211; ASSIM MIX PLUS P SSM EMP QC COM<br \/>\nOBSTETR\u00cdCIA<br \/>\n441547037 &#8211; ASSIM MIX PLUS PSSM EMP QP COM OBST<br \/>\n464909115 &#8211; ASSIM SMART &#8211; IND QC COM OBST SEM COPART<br \/>\n464913113 &#8211; ASSIM UNIQUE &#8211; IND QC COM OBST<br \/>\nSEM COPART<br \/>\n464917116 &#8211; ASSIM SPECIAL &#8211; IND QC COM OBST<br \/>\nSEM COPART<br \/>\n466140121 &#8211; ASSIM CARIOCA 300 CORP QC C\/ OBST<br \/>\nSEM COPART<\/p>\n<p>HBC SA\u00daDE S\/C LTDA &#8211; 414352 439283023 &#8211; PRIME RE<br \/>\n461134099 \u2013 SAFIRA<\/p>\n<p>MEMORIAL SA\u00daDE LTDA &#8211; 373010 447453038 &#8211; PLANO AMBULATORIAL INDIVIDUAL<br \/>\nMEMORIAL TOP<br \/>\n447532031 &#8211; PLANO AMBULATORIAL COLETIVO EMPRESARIAL<br \/>\nMEMORIAL TOP<br \/>\n456570073 &#8211; TOP EXPRESS<\/p>\n<p>NOSSA SA\u00daDE &#8211; OPERADORA PLANOS PRIVADOS<br \/>\nDE ASSIST\u00caNCIA \u00c0 SA\u00daDE LTDA &#8211; 372609<br \/>\n404061999 &#8211; PLANO BRONZE TITULAR A COM DEPENDENTE<br \/>\n416613992 &#8211; CAPITA LIDER100 ENFERMARIA<br \/>\n701841990 &#8211; MILENIUM AMBULATORIAL E HOSPITALAR<br \/>\nSEM OBSTETR\u00cdCIA<\/p>\n<p>OPERADORA IDEAL SA\u00daDE LTDA &#8211; 412171 435789012 &#8211; IDEAL SA\u00daDE B\u00c1SICO COM CO-PARTICIPA\u00c7\u00c3O<br \/>\n435790016 &#8211; IDEAL SA\u00daDE ESPECIAL COM CO-PARTICIPA\u00c7\u00c3O<br \/>\n447889034 &#8211; COLETIVO EMPRESARIAL APARTAMENTO<br \/>\n447890038 &#8211; COLETIVO EMPRESARIAL ENFERMARIA<br \/>\n447893032 &#8211; EXCELENCE<br \/>\n447894031 &#8211; GLOBAL APARTAMENTO<br \/>\n447895039 &#8211; GLOBAL ENFERMARIA<\/p>\n<p>PORTO ALEGRE CL\u00cdNICAS S\/S LTDA &#8211; 346870 408880998 &#8211; AMB-A1<br \/>\n408910993 &#8211; HEA2<br \/>\n408911991 &#8211; HSA2<br \/>\n408941993 &#8211; HOD4<\/p>\n<p>PREVENT SENIOR PRIVATE OPERADORA DE<br \/>\nSA\u00daDE LTDA &#8211; 302147<br \/>\n444213030 &#8211; PREVENT SENIOR ESMERALDA ENFERMARIA<br \/>\n444214038 &#8211; PREVENT SENIOR ESMERALDA APARTAMENTO<br \/>\n445140036 &#8211; PREVENT SENIOR TOP\u00c1ZIO<\/p>\n<p>REAL SA\u00daDE LTDA EPP &#8211; 381161 413765995 &#8211; SAUDE SAMARITANO REFERENCIA STAND<br \/>\nSEM CO-PARTICIPACAO<br \/>\n413767991 &#8211; GLOBAL EMPRESARIAL ENFERMARIA<br \/>\n413768990 &#8211; GLOBAL EMPRESARIAL APARTAMENTO<br \/>\n413770991 &#8211; GLOBAL AGRESTE ENFERMARIA<br \/>\n413772998 &#8211; ESSENCIAL FAMILIAR APARTAMENTO<br \/>\n413773996 &#8211; ESSENCIAL FAMILIAR ENFERMARIA<br \/>\n413780999 &#8211; ESSENCIAL ENFERMARIA<br \/>\n464695119 &#8211; EXECUTIVO INDIVIDUAL ENFERMARIA<\/p>\n<p>RECIFE MERIDIONAL ASSIST\u00caNCIA M\u00c9DICA<br \/>\nLTDA &#8211; 410985<br \/>\n432716001 &#8211; SA\u00daDE PREFERENCIAL<br \/>\n459606094 &#8211; MEDIC SA\u00daDE<br \/>\n459828098 &#8211; SA\u00daDE BRASIL B\u00c1SICO<br \/>\n461985104 &#8211; SA\u00daDE BRASIL GLOBAL APARTAMENTO<\/p>\n<p>SAMP ESP\u00cdRITO SANTO ASSIST\u00caNCIA M\u00c9DICA<br \/>\nLTDA &#8211; 342033<br \/>\n406694994 &#8211; PLENO<br \/>\n406699995 &#8211; AMBULATORIAL I EMPRESARIAL<br \/>\n406702999 &#8211; EXECUTIVO EMPRESARIAL<br \/>\n406703997 &#8211; PERSONALIZADO EMPRESARIAL<br \/>\n406705993 &#8211; B\u00c1SICO EMPRESARIAL<br \/>\n455810073 &#8211; ESSENCIAL<br \/>\n463190101 &#8211; EXECUTIVO ADES\u00c3O<\/p>\n<p>S\u00c3O FRANCISCO ASSIST\u00caNCIA M\u00c9DICA<br \/>\nLTDA &#8211; 403962<br \/>\n414998990 &#8211; HGU SA\u00daDE INDIVIDUAL\/FAMILIAR<br \/>\n414999998 &#8211; HGU SA\u00daDE COLETIVO EMPRESARIAL<br \/>\n450776042 &#8211; HGU SA\u00daDE CO PARTICIPA\u00c7\u00c3O<br \/>\n461313109 &#8211; COLETIVO POR ADES\u00c3O CO PARTICIPA\u00c7\u00c3O<\/p>\n<p>S\u00c3O FRANCISCO SISTEMAS DE SA\u00daDE<br \/>\nSOCIEDADE EMPRES\u00c1RIA LTDA &#8211; 302091<br \/>\n413284990 &#8211; S\u00c3O FRANCISCO SA\u00daDE TOTAL STANDARD<br \/>\n415644997 &#8211; S\u00c3O FRANCISCO SA\u00daDE TOTAL STANDARD<br \/>\n415647991 &#8211; ADES\u00c3O PLENO A SV<br \/>\n415650991 &#8211; INDIVIDUAL PLENO B<br \/>\n459491096 &#8211; PLANO S\u00c3O FRANCISCO SA\u00daDE INTEGRADO SEM<br \/>\nCOP. STANDARD IND<br \/>\n459509092 &#8211; PLANO S\u00c3O FRANCISCO SA\u00daDE INTEGRADO<br \/>\nCOM COP. STANDARD IND<\/p>\n<p>SA\u00daDE MEDICOL S\/A &#8211; 309231 457163081 &#8211; MASTER 620 A<br \/>\n457425087 &#8211; MASTER 520 E<br \/>\n457429080 &#8211; PLENO 320 E<\/p>\n<p>SEISA SERVI\u00c7OS INTEGRADOS DE SA\u00daDE<br \/>\nLTDA &#8211; 338362<br \/>\n415436993 &#8211; PLANO PREMIUM BLUE GR<br \/>\n415437991 &#8211; PLANO STANDARD BLUE GSP<br \/>\n416330993 &#8211; PLANO STANDARD BLUE GR<br \/>\n434204006 &#8211; PREMIUM BLUE GR CA<br \/>\n436385010 &#8211; STANDARD BLUE GR-SA<br \/>\n456389071 &#8211; SAFIRA<br \/>\n45650107 &#8211; STANDARD BLUE GSP CE 1<br \/>\n460155096 &#8211; \u00d4NIX PLUS &#8211; CE<br \/>\n460157092 &#8211; SAFIRA CE<br \/>\n700613996 &#8211; RUBI<br \/>\n700616991 &#8211; \u00d4NIX<br \/>\n700617999 &#8211; \u00d4NIX PLUS<br \/>\n701758998 &#8211; PREMIUM BLUE PAHOESP<\/p>\n<p>SMS &#8211; ASSIST\u00caNCIA M\u00c9DICA LTDA &#8211; 311405 401544984 &#8211; PREMIUM ENFERMARIA REDE PR\u00d3PRIA<br \/>\n401545982 &#8211; PREMIUM ENFERMARIA REDE CREDENCIADA<br \/>\n401546981 &#8211; PREMIUM ENFERMARIA REDE PR\u00d3PRIA<br \/>\n401547989 &#8211; PREMIUM ENFERMARIA REDE CREDENCIADA<br \/>\n401548987 &#8211; PREMIUM APARTAMENTO REDE PR\u00d3PRIA<br \/>\n401569980 &#8211; EMPRESARIAL PREMIUM APARTAMENTO REDE<br \/>\nCREDENCIADA<br \/>\n437026021 &#8211; SMS-SPECIAL EMPRESARIAL<br \/>\n462698102 &#8211; SM SA\u00daDE IDEAL PARTICULAR QUARTO<br \/>\nCOLETIVO SEM OBSTETRICIA<\/p>\n<p>SOCIAL-SOCIEDADE ASSISTENCIAL E<br \/>\nCULTURAL &#8211; 315630<br \/>\n402743994 &#8211; SISSA\u00daDE ODONTO INDIVIDUAL<br \/>\n459573094 &#8211; INDIVIDUAL HOSPITALAR SEMI-PRIVATIVO<br \/>\n459837097 &#8211; COLETIVO POR ADES\u00c3O AMBULATORIAL<br \/>\nC\/ODONTOLOGIA II<br \/>\n459928094 &#8211; COLETIVO POR ADES\u00c3O AMBULATORIAL<br \/>\nHOSPITALAR COM ODONTOLOGIA<\/p>\n<p>SOSA\u00daDE ASSIST\u00caNCIA M\u00c9DICO HOSPITALAR<br \/>\nLTDA &#8211; 410926<br \/>\n447049034 &#8211; STANDART SEM OBSTETRICIA EMPRESARIAL<br \/>\n447050038 &#8211; VIP SEM OBSTETRICIA EMPRESARIAL<br \/>\n453350040 &#8211; STANDARD ENFERMARIA SEM OBSTETRICIA<br \/>\n453351048 &#8211; VIP APARTAMENTO SEM OBSTETRICIA<br \/>\n455748074 &#8211; SOSA\u00daDE FLEX VIP EMPRESARIAL<br \/>\n455749072 &#8211; SOSA\u00daDE FLEX VIP<br \/>\n455751074 &#8211; SOSA\u00daDE FLEX STANDART<\/p>\n<p>UNIMED BRASILIA COOPERATIVA DE TRABALHO<br \/>\nM\u00c9DICO \u2013 353574<\/p>\n<p>UNIMED FEDERA\u00c7\u00c3O INTERFEDERATIVA DAS<br \/>\nCOOPERATIVAS M\u00c9DICAS DO CENTRO-OESTE E<br \/>\nTOCANTINS &#8211; 347361<br \/>\n420451994 &#8211; MEDCENTRO NACIONAL EMPRESARIAL APT<br \/>\n420454999 &#8211; MEDCENTRO NACIONAL ADES\u00c3O ENF<br \/>\n420455997 &#8211; MEDCENTRO NACIONAL ADES\u00c3O APT<br \/>\n458850089 &#8211; MEDCENTRO ESPECIAL ADES\u00c3O<\/p>\n<p>UNIMED GUARARAPES COOPERATIVA DE<br \/>\nTRABALHO M\u00c9DICO LTDA &#8211; 327263<br \/>\nUNIMED MACEI\u00d3 COOPERATIVA DE TRABALHO<br \/>\nM\u00c9DICO &#8211; 327689<br \/>\n416051997 &#8211; UNIVIDA B\u00c1SICO COLETIVO POR ADES\u00c3O<br \/>\n430278008 &#8211; PLANO EST.ESP. AMB.+HOSP. REFERENCIADO<br \/>\n430293001 &#8211; PLANO EST.B\u00c1S. AMB.+HOSP.+OBST.<br \/>\nCO-PARTICIPA\u00c7\u00c3O<br \/>\n430305009 &#8211; ESTADUAL B\u00c1SICO PLUS COLETIVO<br \/>\nPOR ADES\u00c3O &#8211; CO PARTICIPA\u00c7\u00c3O<br \/>\n430321001 &#8211; ESTADUAL ESPECIAL PLUS COLETIVO POR<br \/>\nADES\u00c3O COPARTICIPA\u00c7\u00c3O<br \/>\n430353009 &#8211; ESTADUAL ESPECIAL PLUS COLETIVO<br \/>\nPOR ADES\u00c3O<br \/>\n704030990 &#8211; UNIVIDA ESPECIAL COLETIVO POR ADES\u00c3O<\/p>\n<p><span style=\"color: #333333;\"><em><strong>Lilian Quaino Do G1, no Rio<\/strong><\/em><\/span><\/p>\n","protected":false},"excerpt":{"rendered":"<p>A Ag\u00eancia Nacional de Sa\u00fade Suplementar suspendeu nesta ter\u00e7a-feira (10) o direito de comercializa\u00e7\u00e3o de 268 planos de sa\u00fade, administrados por 37 operadoras, por descumprimento de prazos estabelecidos pela ag\u00eancia para atendimento m\u00e9dico, realiza\u00e7\u00e3o de exames e interna\u00e7\u00f5es.\u00a0 O diretor-presidente da (ANS), Mauricio Ceschin, informou que a suspens\u00e3o vale a partir da sexta-feira (13), para [&hellip;]<\/p>\n","protected":false},"author":3,"featured_media":36528,"comment_status":"closed","ping_status":"closed","sticky":false,"template":"","format":"standard","meta":{"footnotes":""},"categories":[38],"tags":[],"class_list":{"0":"post-36524","1":"post","2":"type-post","3":"status-publish","4":"format-standard","5":"has-post-thumbnail","7":"category-municipios"},"_links":{"self":[{"href":"https:\/\/senoticias.com.br\/se\/wp-json\/wp\/v2\/posts\/36524"}],"collection":[{"href":"https:\/\/senoticias.com.br\/se\/wp-json\/wp\/v2\/posts"}],"about":[{"href":"https:\/\/senoticias.com.br\/se\/wp-json\/wp\/v2\/types\/post"}],"author":[{"embeddable":true,"href":"https:\/\/senoticias.com.br\/se\/wp-json\/wp\/v2\/users\/3"}],"replies":[{"embeddable":true,"href":"https:\/\/senoticias.com.br\/se\/wp-json\/wp\/v2\/comments?post=36524"}],"version-history":[{"count":0,"href":"https:\/\/senoticias.com.br\/se\/wp-json\/wp\/v2\/posts\/36524\/revisions"}],"wp:featuredmedia":[{"embeddable":true,"href":"https:\/\/senoticias.com.br\/se\/wp-json\/wp\/v2\/media\/36528"}],"wp:attachment":[{"href":"https:\/\/senoticias.com.br\/se\/wp-json\/wp\/v2\/media?parent=36524"}],"wp:term":[{"taxonomy":"category","embeddable":true,"href":"https:\/\/senoticias.com.br\/se\/wp-json\/wp\/v2\/categories?post=36524"},{"taxonomy":"post_tag","embeddable":true,"href":"https:\/\/senoticias.com.br\/se\/wp-json\/wp\/v2\/tags?post=36524"}],"curies":[{"name":"wp","href":"https:\/\/api.w.org\/{rel}","templated":true}]}}