{"id":36519,"date":"2012-07-10T17:50:28","date_gmt":"2012-07-10T20:50:28","guid":{"rendered":"http:\/\/senoticias.com.br\/se\/?p=36519"},"modified":"2012-07-11T15:31:04","modified_gmt":"2012-07-11T18:31:04","slug":"stf-suspende-concurso-com-600-vagas-para-policia-federal","status":"publish","type":"post","link":"https:\/\/senoticias.com.br\/se\/stf-suspende-concurso-com-600-vagas-para-policia-federal\/","title":{"rendered":"STF suspende concurso com 600 vagas para Pol\u00edcia Federal"},"content":{"rendered":"<div id=\"attachment_22444\" style=\"width: 298px\" class=\"wp-caption alignleft\"><a href=\"http:\/\/senoticias.com.br\/se\/wp-content\/uploads\/2012\/01\/AyresBrito_PauloPintoAE_09042010_288x212.jpg\"><img loading=\"lazy\" decoding=\"async\" aria-describedby=\"caption-attachment-22444\" class=\"size-full wp-image-22444\" title=\"Carlos Brito\" src=\"http:\/\/senoticias.com.br\/se\/wp-content\/uploads\/2012\/01\/AyresBrito_PauloPintoAE_09042010_288x212.jpg\" alt=\"\" width=\"288\" height=\"212\" srcset=\"https:\/\/senoticias.com.br\/se\/wp-content\/uploads\/2012\/01\/AyresBrito_PauloPintoAE_09042010_288x212.jpg 288w, https:\/\/senoticias.com.br\/se\/wp-content\/uploads\/2012\/01\/AyresBrito_PauloPintoAE_09042010_288x212-60x45.jpg 60w, https:\/\/senoticias.com.br\/se\/wp-content\/uploads\/2012\/01\/AyresBrito_PauloPintoAE_09042010_288x212-90x65.jpg 90w\" sizes=\"(max-width: 288px) 100vw, 288px\" \/><\/a><p id=\"caption-attachment-22444\" class=\"wp-caption-text\">Ministro Carlos Brito suspende concurso da Pol\u00edcia Federal.  (Reprodu\u00e7\u00e3o)<\/p><\/div>\n<p style=\"text-align: justify;\">Um dia ap\u00f3s o t\u00e9rmino das inscri\u00e7\u00f5es, o Supremo Tribunal Federal (STF) decidiu suspender o concurso p\u00fablico da Pol\u00edcia Federal (PF), que oferece 600 oportunidades de n\u00edvel superior para escriv\u00e3es, peritos e delegados. A liminar de suspens\u00e3o foi concedida pelo presidente do Supremo, ministro Ayres Britto, a pedido do procurador-geral da Rep\u00fablica, Roberto Gurgel. A justificativa foi a falta de reserva de vagas para deficientes nos editais dos concursos. A suspens\u00e3o ficar\u00e1 v\u00e1lida at\u00e9 que a Uni\u00e3o publique editais retificadores. A decis\u00e3o, todavia ainda est\u00e1 pass\u00edvel de recurso.<\/p>\n<p><strong>Entenda o caso<\/strong><\/p>\n<p style=\"text-align: justify;\">O procurador\u2013geral alegou que a falta de reserva de vagas vai contra a decis\u00e3o da ministra C\u00e1rmen L\u00facia Rocha (RE 676335) \u201cque assentou a obrigatoriedade da destina\u00e7\u00e3o de vagas em concurso p\u00fablico aos portadores de defici\u00eancia f\u00edsica, nos termos do inciso VIII do artigo 37 da Constitui\u00e7\u00e3o Federal\u201d.<\/p>\n<p style=\"text-align: justify;\">De acordo com o STF, o pedido tem origem em uma a\u00e7\u00e3o civil p\u00fablica proposta pelo Minist\u00e9rio P\u00fablico Federal em 2002, referente a outro concurso da PF que tamb\u00e9m n\u00e3o discriminava chances para deficientes. Na ocasi\u00e3o, por\u00e9m, o Tribunal Regional Federal da 1\u00aa Regi\u00e3o (TRF-1) entendeu que as atribui\u00e7\u00f5es do cotidiano de trabalho tanto de delegados, como de escriv\u00e3es, peritos e agentes, exigem habilidades que n\u00e3o s\u00e3o compat\u00edveis com pessoas com algum tipo de defici\u00eancia, j\u00e1 que se tratam de situa\u00e7\u00f5es por vezes de conflito armado e que podem colocar ainda mais em risco suas vidas e a das pessoas ao seu redor.<\/p>\n<p style=\"text-align: justify;\">O Minist\u00e9rio P\u00fablico Federal no Piau\u00ed (MPF\/PI) j\u00e1 havia ajuizado neste m\u00eas a\u00e7\u00e3o civil p\u00fablica exigindo a reserva de vagas para o cargo de delegado, ao qual est\u00e3o sendo oferecidas 150 oportunidades.<\/p>\n<p style=\"text-align: justify;\">Segundo o item 3.7 do edital, \u00e9 requisito b\u00e1sico para tomar posse que os candidatos tenham aptid\u00e3o f\u00edsica e mental para o exerc\u00edcio das atribui\u00e7\u00f5es do cargo. O documento trata apenas sobre a possibilidade de atendimento especial durante a realiza\u00e7\u00e3o das provas para quem assim solicitar.<\/p>\n<p style=\"text-align: justify;\"><span style=\"color: #333333;\"><strong>Do Correio Web<\/strong><\/span><\/p>\n","protected":false},"excerpt":{"rendered":"<p>Um dia ap\u00f3s o t\u00e9rmino das inscri\u00e7\u00f5es, o Supremo Tribunal Federal (STF) decidiu suspender o concurso p\u00fablico da Pol\u00edcia Federal (PF), que oferece 600 oportunidades de n\u00edvel superior para escriv\u00e3es, peritos e delegados. A liminar de suspens\u00e3o foi concedida pelo presidente do Supremo, ministro Ayres Britto, a pedido do procurador-geral da Rep\u00fablica, Roberto Gurgel. A [&hellip;]<\/p>\n","protected":false},"author":3,"featured_media":22444,"comment_status":"closed","ping_status":"closed","sticky":false,"template":"","format":"standard","meta":{"footnotes":""},"categories":[9,38],"tags":[],"class_list":{"0":"post-36519","1":"post","2":"type-post","3":"status-publish","4":"format-standard","5":"has-post-thumbnail","7":"category-concursos","8":"category-municipios"},"_links":{"self":[{"href":"https:\/\/senoticias.com.br\/se\/wp-json\/wp\/v2\/posts\/36519"}],"collection":[{"href":"https:\/\/senoticias.com.br\/se\/wp-json\/wp\/v2\/posts"}],"about":[{"href":"https:\/\/senoticias.com.br\/se\/wp-json\/wp\/v2\/types\/post"}],"author":[{"embeddable":true,"href":"https:\/\/senoticias.com.br\/se\/wp-json\/wp\/v2\/users\/3"}],"replies":[{"embeddable":true,"href":"https:\/\/senoticias.com.br\/se\/wp-json\/wp\/v2\/comments?post=36519"}],"version-history":[{"count":0,"href":"https:\/\/senoticias.com.br\/se\/wp-json\/wp\/v2\/posts\/36519\/revisions"}],"wp:featuredmedia":[{"embeddable":true,"href":"https:\/\/senoticias.com.br\/se\/wp-json\/wp\/v2\/media\/22444"}],"wp:attachment":[{"href":"https:\/\/senoticias.com.br\/se\/wp-json\/wp\/v2\/media?parent=36519"}],"wp:term":[{"taxonomy":"category","embeddable":true,"href":"https:\/\/senoticias.com.br\/se\/wp-json\/wp\/v2\/categories?post=36519"},{"taxonomy":"post_tag","embeddable":true,"href":"https:\/\/senoticias.com.br\/se\/wp-json\/wp\/v2\/tags?post=36519"}],"curies":[{"name":"wp","href":"https:\/\/api.w.org\/{rel}","templated":true}]}}