{"id":36499,"date":"2012-07-10T12:10:48","date_gmt":"2012-07-10T15:10:48","guid":{"rendered":"http:\/\/senoticias.com.br\/se\/?p=36499"},"modified":"2012-07-10T19:14:55","modified_gmt":"2012-07-10T22:14:55","slug":"policia-detalha-investigacao-para-prender-assaltantes-e-acao-de-golpistas-em-residencias","status":"publish","type":"post","link":"https:\/\/senoticias.com.br\/se\/policia-detalha-investigacao-para-prender-assaltantes-e-acao-de-golpistas-em-residencias\/","title":{"rendered":"Pol\u00edcia Civil apresenta assaltantes de lot\u00e9rica e detalha a\u00e7\u00e3o de golpista de resid\u00eancias"},"content":{"rendered":"<p style=\"text-align: justify;\"><a href=\"http:\/\/senoticias.com.br\/se\/wp-content\/uploads\/2012\/07\/100712presos.jpg\"><img loading=\"lazy\" decoding=\"async\" class=\"alignleft size-medium wp-image-36544\" title=\"100712presos\" src=\"http:\/\/senoticias.com.br\/se\/wp-content\/uploads\/2012\/07\/100712presos-300x201.jpg\" alt=\"\" width=\"300\" height=\"201\" srcset=\"https:\/\/senoticias.com.br\/se\/wp-content\/uploads\/2012\/07\/100712presos-300x201.jpg 300w, https:\/\/senoticias.com.br\/se\/wp-content\/uploads\/2012\/07\/100712presos-342x230.jpg 342w, https:\/\/senoticias.com.br\/se\/wp-content\/uploads\/2012\/07\/100712presos.jpg 603w\" sizes=\"(max-width: 300px) 100vw, 300px\" \/><\/a>A Pol\u00edcia Civil apresentou nesta ter\u00e7a-feira, dia 10, no Complexo de Opera\u00e7\u00f5es Policiais Especiais (Cope), detalhes da investiga\u00e7\u00e3o que culminou com a pris\u00e3o de Diogo Virg\u00ednio Santos, 18 anos, David dos Santos Alc\u00e2ntara, 18, conhecido como &#8216;Pel\u00e9&#8217;, e do ex-presidi\u00e1rio \u00cdtalo de Jesus Santos, 22. Eles s\u00e3o acusados de praticar assaltos em estabelecimentos comerciais em Aracaju e de roubar uma casa lot\u00e9rica do conjunto Sol Nascente no \u00faltimo dia 29 de junho. A a\u00e7\u00e3o policial envolveu o Cope, 9\u00aa Delegacia Metropolitana e Delegacia de Turismo (Detur).<\/p>\n<p style=\"text-align: justify;\">De acordo com a delegada Maria Zuln\u00e1ria, agentes da Detur come\u00e7aram a investigar assaltos a estabelecimentos comerciais ocorridos na Aruana e tiveram acesso \u00e0s imagens do circuito interno de seguran\u00e7a de uma casa de material de constru\u00e7\u00e3o. A partir das filmagens, os policiais reconheceram Diogo Virg\u00ednio e representaram pela pris\u00e3o do acusado. Paralelo a essa investiga\u00e7\u00e3o, a imprensa local tamb\u00e9m divulgou imagens de um assalto a uma casa lot\u00e9rica e logo ap\u00f3s essas divulga\u00e7\u00f5es v\u00e1rias pessoas ligaram para o Disque Den\u00fancia 181 para denunciar os acusados.<\/p>\n<p style=\"text-align: justify;\">O Cope tamb\u00e9m come\u00e7ou a investigar a quadrilha e descobriu que havia outras investiga\u00e7\u00f5es em andamento na Detur e na 9\u00aa DM, \u00e1reas em que os acusados tamb\u00e9m agiram. As investiga\u00e7\u00f5es foram unificadas e uma opera\u00e7\u00e3o montada para prender os acusados. O primeiro a ser preso foi Diogo, depois David e a tarde o delegado Cristiano Barreto foi informado que \u00cdtalo deu entrada no Hospital de Urg\u00eancia de Sergipe (Huse) com um ferimento. Policiais foram ao Huse e deram voz de pris\u00e3o ao acusado.<\/p>\n<p style=\"text-align: justify;\">A Pol\u00edcia Civil se concentra agora na pris\u00e3o de outros membros da quadrilha. At\u00e9 o momento, os policiais descobriram que eles agiram no Sol Nascente, Atalaia, Santa Maria e Aruana. \u201c\u00cdtalo era o respons\u00e1vel pela alimenta\u00e7\u00e3o da quadrilha e era ele quem levava os assaltantes para cometer os delitos. Apesar da pouca idade, eles tinham passagens pelo Cenam e pelo sistema penitenci\u00e1rio\u201d, disse o delegado Cristiano Barreto.<\/p>\n<p style=\"text-align: justify;\"><strong>Acusado de furtar em resid\u00eancias<\/strong><\/p>\n<p style=\"text-align: justify;\">A delegada Maria Zuln\u00e1ria tamb\u00e9m divulgou a imagem de um homem que praticou golpes em diversas resid\u00eancias do centro e de bairros da zona sul de Aracaju. Segundo a delegada, o golpista se passa por amigo do propriet\u00e1rio da resid\u00eancia e dizendo que o dono mandou buscar o computador para consertar consegue entrar na resid\u00eancia e levar tranquilamente os aparelhos. V\u00e1rios boletins de ocorr\u00eancias j\u00e1 foram registrados em Delegacias Metropolitanas da capital.<\/p>\n<p style=\"text-align: justify;\">Zuln\u00e1ria explica que o estelionat\u00e1rio faz uma pesquisa pr\u00e9via e descobre o nome do dono da casa e aproveita o momento em que os patr\u00f5es saem para enganar os empregados. \u201cJ\u00e1 temos imagens desse infrator e pedimos a colabora\u00e7\u00e3o da sociedade para denunci\u00e1-lo\u201d.<\/p>\n<p style=\"text-align: justify;\"><strong>SSP\/SE<\/strong><\/p>\n","protected":false},"excerpt":{"rendered":"<p>A Pol\u00edcia Civil apresentou nesta ter\u00e7a-feira, dia 10, no Complexo de Opera\u00e7\u00f5es Policiais Especiais (Cope), detalhes da investiga\u00e7\u00e3o que culminou com a pris\u00e3o de Diogo Virg\u00ednio Santos, 18 anos, David dos Santos Alc\u00e2ntara, 18, conhecido como &#8216;Pel\u00e9&#8217;, e do ex-presidi\u00e1rio \u00cdtalo de Jesus Santos, 22. Eles s\u00e3o acusados de praticar assaltos em estabelecimentos comerciais em [&hellip;]<\/p>\n","protected":false},"author":3,"featured_media":36544,"comment_status":"closed","ping_status":"closed","sticky":false,"template":"","format":"standard","meta":{"footnotes":""},"categories":[7],"tags":[],"class_list":{"0":"post-36499","1":"post","2":"type-post","3":"status-publish","4":"format-standard","5":"has-post-thumbnail","7":"category-policia"},"_links":{"self":[{"href":"https:\/\/senoticias.com.br\/se\/wp-json\/wp\/v2\/posts\/36499"}],"collection":[{"href":"https:\/\/senoticias.com.br\/se\/wp-json\/wp\/v2\/posts"}],"about":[{"href":"https:\/\/senoticias.com.br\/se\/wp-json\/wp\/v2\/types\/post"}],"author":[{"embeddable":true,"href":"https:\/\/senoticias.com.br\/se\/wp-json\/wp\/v2\/users\/3"}],"replies":[{"embeddable":true,"href":"https:\/\/senoticias.com.br\/se\/wp-json\/wp\/v2\/comments?post=36499"}],"version-history":[{"count":0,"href":"https:\/\/senoticias.com.br\/se\/wp-json\/wp\/v2\/posts\/36499\/revisions"}],"wp:featuredmedia":[{"embeddable":true,"href":"https:\/\/senoticias.com.br\/se\/wp-json\/wp\/v2\/media\/36544"}],"wp:attachment":[{"href":"https:\/\/senoticias.com.br\/se\/wp-json\/wp\/v2\/media?parent=36499"}],"wp:term":[{"taxonomy":"category","embeddable":true,"href":"https:\/\/senoticias.com.br\/se\/wp-json\/wp\/v2\/categories?post=36499"},{"taxonomy":"post_tag","embeddable":true,"href":"https:\/\/senoticias.com.br\/se\/wp-json\/wp\/v2\/tags?post=36499"}],"curies":[{"name":"wp","href":"https:\/\/api.w.org\/{rel}","templated":true}]}}