{"id":36488,"date":"2012-07-10T09:35:32","date_gmt":"2012-07-10T12:35:32","guid":{"rendered":"http:\/\/senoticias.com.br\/se\/?p=36488"},"modified":"2012-07-10T09:36:48","modified_gmt":"2012-07-10T12:36:48","slug":"policia-prende-assaltantes-que-vitimaram-idosa-com-84-anos-e-portador-de-deficiencia-visual","status":"publish","type":"post","link":"https:\/\/senoticias.com.br\/se\/policia-prende-assaltantes-que-vitimaram-idosa-com-84-anos-e-portador-de-deficiencia-visual\/","title":{"rendered":"Pol\u00edcia prende assaltantes que vitimaram idosa com 84 anos"},"content":{"rendered":"<div id=\"attachment_36489\" style=\"width: 310px\" class=\"wp-caption alignleft\"><a href=\"http:\/\/senoticias.com.br\/se\/wp-content\/uploads\/2012\/07\/foto_propria.jpg\"><img loading=\"lazy\" decoding=\"async\" aria-describedby=\"caption-attachment-36489\" class=\"size-medium wp-image-36489\" title=\"foto_propria\" src=\"http:\/\/senoticias.com.br\/se\/wp-content\/uploads\/2012\/07\/foto_propria-300x225.jpg\" alt=\"\" width=\"300\" height=\"225\" srcset=\"https:\/\/senoticias.com.br\/se\/wp-content\/uploads\/2012\/07\/foto_propria-300x225.jpg 300w, https:\/\/senoticias.com.br\/se\/wp-content\/uploads\/2012\/07\/foto_propria-342x256.jpg 342w, https:\/\/senoticias.com.br\/se\/wp-content\/uploads\/2012\/07\/foto_propria-60x45.jpg 60w, https:\/\/senoticias.com.br\/se\/wp-content\/uploads\/2012\/07\/foto_propria-150x113.jpg 150w, https:\/\/senoticias.com.br\/se\/wp-content\/uploads\/2012\/07\/foto_propria-269x201.jpg 269w, https:\/\/senoticias.com.br\/se\/wp-content\/uploads\/2012\/07\/foto_propria.jpg 600w\" sizes=\"(max-width: 300px) 100vw, 300px\" \/><\/a><p id=\"caption-attachment-36489\" class=\"wp-caption-text\">Sidnei e Elenilton foram presos em flagrante.(Reprodu\u00e7\u00e3o)<\/p><\/div>\n<p style=\"text-align: justify;\">Policiais Civis da Delegacia de Ne\u00f3polis, com apoio da Delegacia Regional de Propri\u00e1, efetuaram a pris\u00e3o em flagrante\u00a0 de Sidnei e Elenilton e a apreens\u00e3o de um adolescente. Eles s\u00e3o acusados de roubar uma senhora de 84 anos e um rapaz portaqdor de defici\u00eancia visual.<\/p>\n<p style=\"text-align: justify;\">Na madrugada de sexta-feira, os policiais civis\u00a0 lotados em Ne\u00f3polis receberam a not\u00edcia de que tr\u00eas indiv\u00edduos haviam invadido uma casa situada em Santana do S\u00e3o Francisco e, sob amea\u00e7a aos moradores subtra\u00edram a quantia de R$ 5 mil e um aparelho celular da idosa e do homem portador de defici\u00eancia.<\/p>\n<p style=\"text-align: justify;\">A partir da\u00ed, foram realizadas dilig\u00eancias e os tr\u00eas indiv\u00edduos foram presos e recuperados os produtos do roubo. Dentre os acusados, dois eram maiores e um adolescente. Os primeiros responderam por roubo majorado e o \u00fatlimo pelo ato infracional, equiparado ao roubo.<\/p>\n","protected":false},"excerpt":{"rendered":"<p>Policiais Civis da Delegacia de Ne\u00f3polis, com apoio da Delegacia Regional de Propri\u00e1, efetuaram a pris\u00e3o em flagrante\u00a0 de Sidnei e Elenilton e a apreens\u00e3o de um adolescente. Eles s\u00e3o acusados de roubar uma senhora de 84 anos e um rapaz portaqdor de defici\u00eancia visual. Na madrugada de sexta-feira, os policiais civis\u00a0 lotados em Ne\u00f3polis [&hellip;]<\/p>\n","protected":false},"author":3,"featured_media":36489,"comment_status":"closed","ping_status":"closed","sticky":false,"template":"","format":"standard","meta":{"footnotes":""},"categories":[7],"tags":[],"class_list":{"0":"post-36488","1":"post","2":"type-post","3":"status-publish","4":"format-standard","5":"has-post-thumbnail","7":"category-policia"},"_links":{"self":[{"href":"https:\/\/senoticias.com.br\/se\/wp-json\/wp\/v2\/posts\/36488"}],"collection":[{"href":"https:\/\/senoticias.com.br\/se\/wp-json\/wp\/v2\/posts"}],"about":[{"href":"https:\/\/senoticias.com.br\/se\/wp-json\/wp\/v2\/types\/post"}],"author":[{"embeddable":true,"href":"https:\/\/senoticias.com.br\/se\/wp-json\/wp\/v2\/users\/3"}],"replies":[{"embeddable":true,"href":"https:\/\/senoticias.com.br\/se\/wp-json\/wp\/v2\/comments?post=36488"}],"version-history":[{"count":0,"href":"https:\/\/senoticias.com.br\/se\/wp-json\/wp\/v2\/posts\/36488\/revisions"}],"wp:featuredmedia":[{"embeddable":true,"href":"https:\/\/senoticias.com.br\/se\/wp-json\/wp\/v2\/media\/36489"}],"wp:attachment":[{"href":"https:\/\/senoticias.com.br\/se\/wp-json\/wp\/v2\/media?parent=36488"}],"wp:term":[{"taxonomy":"category","embeddable":true,"href":"https:\/\/senoticias.com.br\/se\/wp-json\/wp\/v2\/categories?post=36488"},{"taxonomy":"post_tag","embeddable":true,"href":"https:\/\/senoticias.com.br\/se\/wp-json\/wp\/v2\/tags?post=36488"}],"curies":[{"name":"wp","href":"https:\/\/api.w.org\/{rel}","templated":true}]}}