{"id":36082,"date":"2012-07-04T18:38:39","date_gmt":"2012-07-04T21:38:39","guid":{"rendered":"http:\/\/senoticias.com.br\/se\/?p=36082"},"modified":"2012-07-04T18:38:39","modified_gmt":"2012-07-04T21:38:39","slug":"presos-acusados-de-assaltar-posto-de-combustivel-na-13-de-julho","status":"publish","type":"post","link":"https:\/\/senoticias.com.br\/se\/presos-acusados-de-assaltar-posto-de-combustivel-na-13-de-julho\/","title":{"rendered":"Presos acusados de assaltar posto de combust\u00edvel na 13 de Julho"},"content":{"rendered":"<p style=\"text-align: justify;\">\n<a href=\"http:\/\/senoticias.com.br\/se\/wp-content\/uploads\/2012\/04\/Pol%C3%ADcia-Civil-Sergipe.jpg\"><img loading=\"lazy\" decoding=\"async\" class=\"alignleft size-full wp-image-29790\" title=\"Pol\u00edcia Civil Sergipe\" src=\"http:\/\/senoticias.com.br\/se\/wp-content\/uploads\/2012\/04\/Pol%C3%ADcia-Civil-Sergipe.jpg\" alt=\"\" width=\"164\" height=\"215\" \/><\/a>A Pol\u00edcia Civil apresentou na tarde desta quarta-feira, dia 4, detalhes sobre a pris\u00e3o de tr\u00eas dos quatro acusados do roubo a um posto de combust\u00edveis no bairro 13 de Julho, em Aracaju, no \u00faltimo dia 25 de junho, quando foram levados R$ 33 mil em dinheiro e cheques. Foram presos o frentista David Santana de Carvalho, 23 anos, que deu a orienta\u00e7\u00e3o para o crime, al\u00e9m dos desempregados William de Souza Santos, 21, e Robertson M\u00e1rcio Souza Silva, 24, que renderam e amea\u00e7aram as v\u00edtimas com arma de fogo.<\/p>\n<p>Um quarto envolvido ainda est\u00e1 sendo procurado. Israel Max Tavares dos Santos, 27, teria conduzido o carro que levou os acusados at\u00e9 o local e depois deu fuga. Todos residiam no conjunto Lafaiete Coutinho, bairro Rosa Elze, em S\u00e3o Crist\u00f5v\u00e3o. E foi nas pr\u00f3prias resid\u00eancias, em S\u00e3o Crist\u00f3v\u00e3o, que cada membro do grupo foi detido na ter\u00e7a-feira, pouco mais de 24 horas depois de a equipe do Centro de Opera\u00e7\u00f5es Policiais Especiais (Cope) da Pol\u00edcia Civil identificar Robertson e William, por den\u00fancias.<\/p>\n<p>&#8220;Foi a partir do reconhecimento desses dois membros que descobrimos que o David tamb\u00e9m estava envolvido. Ele trabalhava l\u00e1 e informou sobre o volume de dinheiro que haveria no cofre na segunda-feira [dia 25]&#8221;, revelou o diretor do Cope, delegado Everton Santos, acrescentando que o quarteto ser\u00e1 autuado por roubo majorado e forma\u00e7\u00e3o de quadrilha. As armas de fogo n\u00e3o foram localizadas, assim como o dinheiro. &#8220;Eles dividiram entre eles tr\u00eas e o Israel, sendo que quase todo o dinheiro j\u00e1 foi gasto ou escondido. Sabemos que R$ 10 mil eram em cheques. Estamos buscando esse numer\u00e1rio e tamb\u00e9m o armamento, que o Robertson alega ter sido jogado ao mar. O Israel tamb\u00e9m est\u00e1 sendo procurado&#8221;, informou o delegado.<\/p>\n<p>A investiga\u00e7\u00e3o e a opera\u00e7\u00e3o para prender os acusados contou com apoio do Comando de Opera\u00e7\u00f5es Espeiais (COE) da Pol\u00edcia Militar e da Divis\u00e3o de Intelig\u00eancia e Planejamento Policial (Dipol) da Pol\u00edcia Civil.<\/p>\n<p style=\"text-align: justify;\"><strong>SSP\/SE<\/strong><\/p>\n","protected":false},"excerpt":{"rendered":"<p>A Pol\u00edcia Civil apresentou na tarde desta quarta-feira, dia 4, detalhes sobre a pris\u00e3o de tr\u00eas dos quatro acusados do roubo a um posto de combust\u00edveis no bairro 13 de Julho, em Aracaju, no \u00faltimo dia 25 de junho, quando foram levados R$ 33 mil em dinheiro e cheques. Foram presos o frentista David Santana [&hellip;]<\/p>\n","protected":false},"author":2,"featured_media":29790,"comment_status":"closed","ping_status":"closed","sticky":false,"template":"","format":"standard","meta":{"footnotes":""},"categories":[7],"tags":[],"class_list":{"0":"post-36082","1":"post","2":"type-post","3":"status-publish","4":"format-standard","5":"has-post-thumbnail","7":"category-policia"},"_links":{"self":[{"href":"https:\/\/senoticias.com.br\/se\/wp-json\/wp\/v2\/posts\/36082"}],"collection":[{"href":"https:\/\/senoticias.com.br\/se\/wp-json\/wp\/v2\/posts"}],"about":[{"href":"https:\/\/senoticias.com.br\/se\/wp-json\/wp\/v2\/types\/post"}],"author":[{"embeddable":true,"href":"https:\/\/senoticias.com.br\/se\/wp-json\/wp\/v2\/users\/2"}],"replies":[{"embeddable":true,"href":"https:\/\/senoticias.com.br\/se\/wp-json\/wp\/v2\/comments?post=36082"}],"version-history":[{"count":0,"href":"https:\/\/senoticias.com.br\/se\/wp-json\/wp\/v2\/posts\/36082\/revisions"}],"wp:featuredmedia":[{"embeddable":true,"href":"https:\/\/senoticias.com.br\/se\/wp-json\/wp\/v2\/media\/29790"}],"wp:attachment":[{"href":"https:\/\/senoticias.com.br\/se\/wp-json\/wp\/v2\/media?parent=36082"}],"wp:term":[{"taxonomy":"category","embeddable":true,"href":"https:\/\/senoticias.com.br\/se\/wp-json\/wp\/v2\/categories?post=36082"},{"taxonomy":"post_tag","embeddable":true,"href":"https:\/\/senoticias.com.br\/se\/wp-json\/wp\/v2\/tags?post=36082"}],"curies":[{"name":"wp","href":"https:\/\/api.w.org\/{rel}","templated":true}]}}