{"id":35904,"date":"2012-07-02T16:47:36","date_gmt":"2012-07-02T19:47:36","guid":{"rendered":"http:\/\/senoticias.com.br\/se\/?p=35904"},"modified":"2012-07-03T14:25:45","modified_gmt":"2012-07-03T17:25:45","slug":"homem-morre-soterrado-por-barranco-em-itabaiana","status":"publish","type":"post","link":"https:\/\/senoticias.com.br\/se\/homem-morre-soterrado-por-barranco-em-itabaiana\/","title":{"rendered":"Homem morre soterrado por barranco em Itabaiana"},"content":{"rendered":"<div id=\"attachment_35905\" style=\"width: 310px\" class=\"wp-caption alignleft\"><a href=\"http:\/\/senoticias.com.br\/se\/wp-content\/uploads\/2012\/07\/carroceiro_soterrado_itab_p.jpg\"><img loading=\"lazy\" decoding=\"async\" aria-describedby=\"caption-attachment-35905\" class=\"size-medium wp-image-35905\" title=\"carroceiro_soterrado_itab_p\" src=\"http:\/\/senoticias.com.br\/se\/wp-content\/uploads\/2012\/07\/carroceiro_soterrado_itab_p-300x200.jpg\" alt=\"\" width=\"300\" height=\"200\" srcset=\"https:\/\/senoticias.com.br\/se\/wp-content\/uploads\/2012\/07\/carroceiro_soterrado_itab_p-300x200.jpg 300w, https:\/\/senoticias.com.br\/se\/wp-content\/uploads\/2012\/07\/carroceiro_soterrado_itab_p.jpg 330w\" sizes=\"(max-width: 300px) 100vw, 300px\" \/><\/a><p id=\"caption-attachment-35905\" class=\"wp-caption-text\">O carroceiro Mo\u00edses Dantas dos Santos, 39 anos, morreu soterrado pelo desabeto de um barranco.(Gilson de Oliveira)<\/p><\/div>\n<p style=\"text-align: justify;\">Durante o trabalho de extra\u00e7\u00e3o de argila em um terreno localizado no povoado Rio das Pedras, munic\u00edpio de Itabaiana (SE), o carroceiro Mo\u00edses Dantas dos Santos, 39 anos, morreu soterrado pelo desabeto de um barranco. Ele ainda foi socorrido por um morador da comunidade e conduzido na carroceria de um ve\u00edculo, modelo Saveiro, por\u00e9m, n\u00e3o resistiu e morreu momentos depois.<\/p>\n<p style=\"text-align: justify;\">O Servi\u00e7o de Atendimento M\u00f3vel de Urg\u00eancia (SAMU) e Corpo de Bombeiros ainda foram acionados, no entanto, os socorristas constatarem que o trabalhador j\u00e1 estava sem os sinais vitais.<\/p>\n<p style=\"text-align: justify;\">O acidente ocorreu por volta das 8h30 da manh\u00e3 desta segunda-feira, dia 02, logo ap\u00f3s o in\u00edcio da jornada de trabalho da v\u00edtima.<\/p>\n<p style=\"text-align: justify;\">De acordo com informa\u00e7\u00f5es levantadas no povoado, Mo\u00edses Dantas trabalhava por conta pr\u00f3pria e vendia o material para propriet\u00e1rios de Cer\u00e2micas. O local onde era extra\u00eddo a argila, produto utilizado para a fabrica\u00e7\u00e3o de telhas, pertencia ao IBAMA, ou seja, n\u00e3o havia nehuma autoriza\u00e7\u00e3o para o referido trabalho.<\/p>\n<p style=\"text-align: justify;\">H\u00e1 cerca de tr\u00eas, um outro morador da localidade tamb\u00e9m nas mesmas circut\u00e2ncias, juntamente com o animal.<\/p>\n<p style=\"text-align: justify;\">Mo\u00edses Dantas dos Santos morava no povoado Rio das Pedras, entrentanto, ele natural do povoado Pedra Branca, munic\u00edpio de Laranjeiras.<\/p>\n<p style=\"text-align: justify;\"><span style=\"color: #333333;\"><strong>\u00a0Por Gilson de Oliveira<\/strong><\/span><\/p>\n","protected":false},"excerpt":{"rendered":"<p>Durante o trabalho de extra\u00e7\u00e3o de argila em um terreno localizado no povoado Rio das Pedras, munic\u00edpio de Itabaiana (SE), o carroceiro Mo\u00edses Dantas dos Santos, 39 anos, morreu soterrado pelo desabeto de um barranco. Ele ainda foi socorrido por um morador da comunidade e conduzido na carroceria de um ve\u00edculo, modelo Saveiro, por\u00e9m, n\u00e3o [&hellip;]<\/p>\n","protected":false},"author":3,"featured_media":35905,"comment_status":"closed","ping_status":"closed","sticky":false,"template":"","format":"standard","meta":{"footnotes":""},"categories":[7],"tags":[],"class_list":{"0":"post-35904","1":"post","2":"type-post","3":"status-publish","4":"format-standard","5":"has-post-thumbnail","7":"category-policia"},"_links":{"self":[{"href":"https:\/\/senoticias.com.br\/se\/wp-json\/wp\/v2\/posts\/35904"}],"collection":[{"href":"https:\/\/senoticias.com.br\/se\/wp-json\/wp\/v2\/posts"}],"about":[{"href":"https:\/\/senoticias.com.br\/se\/wp-json\/wp\/v2\/types\/post"}],"author":[{"embeddable":true,"href":"https:\/\/senoticias.com.br\/se\/wp-json\/wp\/v2\/users\/3"}],"replies":[{"embeddable":true,"href":"https:\/\/senoticias.com.br\/se\/wp-json\/wp\/v2\/comments?post=35904"}],"version-history":[{"count":0,"href":"https:\/\/senoticias.com.br\/se\/wp-json\/wp\/v2\/posts\/35904\/revisions"}],"wp:featuredmedia":[{"embeddable":true,"href":"https:\/\/senoticias.com.br\/se\/wp-json\/wp\/v2\/media\/35905"}],"wp:attachment":[{"href":"https:\/\/senoticias.com.br\/se\/wp-json\/wp\/v2\/media?parent=35904"}],"wp:term":[{"taxonomy":"category","embeddable":true,"href":"https:\/\/senoticias.com.br\/se\/wp-json\/wp\/v2\/categories?post=35904"},{"taxonomy":"post_tag","embeddable":true,"href":"https:\/\/senoticias.com.br\/se\/wp-json\/wp\/v2\/tags?post=35904"}],"curies":[{"name":"wp","href":"https:\/\/api.w.org\/{rel}","templated":true}]}}