{"id":35887,"date":"2012-07-02T16:30:18","date_gmt":"2012-07-02T19:30:18","guid":{"rendered":"http:\/\/senoticias.com.br\/se\/?p=35887"},"modified":"2013-05-18T12:59:51","modified_gmt":"2013-05-18T15:59:51","slug":"jorge-lisbo-desiste-de-ser-vice-de-betinho-alex-rocha-indicou-o-seu-motorista-como-substituto","status":"publish","type":"post","link":"https:\/\/senoticias.com.br\/se\/jorge-lisbo-desiste-de-ser-vice-de-betinho-alex-rocha-indicou-o-seu-motorista-como-substituto\/","title":{"rendered":"Jorge Lisboa desiste de ser vice de Betinho; Alex Rocha indicou o seu motorista como substituto"},"content":{"rendered":"<p><span style=\"color: #333333;\"><strong>Vereador Jorge Lisboa desiste de ser vice de Betinho para a prefeitura de S\u00e3o Crist\u00f3v\u00e3o<\/strong><\/span><\/p>\n<div id=\"attachment_35900\" style=\"width: 310px\" class=\"wp-caption alignleft\"><a href=\"http:\/\/senoticias.com.br\/se\/wp-content\/uploads\/2012\/07\/Dezembro-diversas-140.jpg\"><img loading=\"lazy\" decoding=\"async\" aria-describedby=\"caption-attachment-35900\" class=\"size-medium wp-image-35900\" title=\"Dezembro diversas 140\" src=\"http:\/\/senoticias.com.br\/se\/wp-content\/uploads\/2012\/07\/Dezembro-diversas-140-300x224.jpg\" alt=\"\" width=\"300\" height=\"224\" srcset=\"https:\/\/senoticias.com.br\/se\/wp-content\/uploads\/2012\/07\/Dezembro-diversas-140-300x224.jpg 300w, https:\/\/senoticias.com.br\/se\/wp-content\/uploads\/2012\/07\/Dezembro-diversas-140-342x256.jpg 342w, https:\/\/senoticias.com.br\/se\/wp-content\/uploads\/2012\/07\/Dezembro-diversas-140-60x45.jpg 60w, https:\/\/senoticias.com.br\/se\/wp-content\/uploads\/2012\/07\/Dezembro-diversas-140-150x113.jpg 150w, https:\/\/senoticias.com.br\/se\/wp-content\/uploads\/2012\/07\/Dezembro-diversas-140-269x201.jpg 269w, https:\/\/senoticias.com.br\/se\/wp-content\/uploads\/2012\/07\/Dezembro-diversas-140.jpg 643w\" sizes=\"(max-width: 300px) 100vw, 300px\" \/><\/a><p id=\"caption-attachment-35900\" class=\"wp-caption-text\">Vereador Jorge Lisboa desiste de ser vice de Betinho para a prefeitura de S\u00e3o Crist\u00f3v\u00e3o. (Foto: arquivo SE Not\u00edcias)<\/p><\/div>\n<p style=\"text-align: justify;\">O vereador Jorge Lisboa, do PDT, anunciado s\u00e1bado (30), como o candidato a vice-prefeito na <a href=\"%20http:\/\/senoticias.com.br\/se\/?p=35809\" target=\"_blank\"><strong>chapa do PRP\/PDT, Betinho<\/strong><\/a>, desistiu de concorrer ao cargo. Pelo menos \u00e9 o que garantem fontes ligadas ao parlamentar que desligou os telefones e simplesmente &#8220;desapareceu&#8221;.<\/p>\n<p style=\"text-align: justify;\">O vereador Jorge Lisboa, do PDT, foi substituido por <strong>Cledivaldo Oliveira<\/strong>, motorista do prefeito Alex Rocha para a vaga de vice na chapa de Betinho \u00e0 prefeitura de S\u00e3o Crist\u00f3v\u00e3o.<\/p>\n<p style=\"text-align: justify;\">Jorge Lisboa anunciou a decis\u00e3o em uma reuni\u00e3o com\u00a0 o prefeito Alex Rocha, na manh\u00e3 de hoje em S\u00e3o Crist\u00f3v\u00e3o.<\/p>\n<p style=\"text-align: justify;\">Nos bastidores, por\u00e9m, Jorge Lisboa j\u00e1 cogita concorrer a reelei\u00e7\u00e3o de vereador. O intuito \u00e9 garantir representatividade na C\u00e2mara Municipal.<\/p>\n<p style=\"text-align: justify;\">Uma fonte do PDT confirmou a informa\u00e7\u00e3o ao Portal SE Not\u00edcias e disse tamb\u00e9m que o vereador desistiu da indica\u00e7\u00e3o por estar descontente com a alian\u00e7a entre o PDT e o PRP.<\/p>\n<p style=\"text-align: justify;\"><span style=\"color: #333399;\"><strong>Por Reda\u00e7\u00e3o SE Not\u00edcias<\/strong><\/span><\/p>\n<p>&nbsp;<\/p>\n","protected":false},"excerpt":{"rendered":"<p>Vereador Jorge Lisboa desiste de ser vice de Betinho para a prefeitura de S\u00e3o Crist\u00f3v\u00e3o O vereador Jorge Lisboa, do PDT, anunciado s\u00e1bado (30), como o candidato a vice-prefeito na chapa do PRP\/PDT, Betinho, desistiu de concorrer ao cargo. Pelo menos \u00e9 o que garantem fontes ligadas ao parlamentar que desligou os telefones e simplesmente [&hellip;]<\/p>\n","protected":false},"author":3,"featured_media":35900,"comment_status":"closed","ping_status":"closed","sticky":false,"template":"","format":"standard","meta":{"footnotes":""},"categories":[15,38,3],"tags":[],"class_list":{"0":"post-35887","1":"post","2":"type-post","3":"status-publish","4":"format-standard","5":"has-post-thumbnail","7":"category-destaques","8":"category-municipios","9":"category-saocristovao"},"_links":{"self":[{"href":"https:\/\/senoticias.com.br\/se\/wp-json\/wp\/v2\/posts\/35887"}],"collection":[{"href":"https:\/\/senoticias.com.br\/se\/wp-json\/wp\/v2\/posts"}],"about":[{"href":"https:\/\/senoticias.com.br\/se\/wp-json\/wp\/v2\/types\/post"}],"author":[{"embeddable":true,"href":"https:\/\/senoticias.com.br\/se\/wp-json\/wp\/v2\/users\/3"}],"replies":[{"embeddable":true,"href":"https:\/\/senoticias.com.br\/se\/wp-json\/wp\/v2\/comments?post=35887"}],"version-history":[{"count":0,"href":"https:\/\/senoticias.com.br\/se\/wp-json\/wp\/v2\/posts\/35887\/revisions"}],"wp:featuredmedia":[{"embeddable":true,"href":"https:\/\/senoticias.com.br\/se\/wp-json\/wp\/v2\/media\/35900"}],"wp:attachment":[{"href":"https:\/\/senoticias.com.br\/se\/wp-json\/wp\/v2\/media?parent=35887"}],"wp:term":[{"taxonomy":"category","embeddable":true,"href":"https:\/\/senoticias.com.br\/se\/wp-json\/wp\/v2\/categories?post=35887"},{"taxonomy":"post_tag","embeddable":true,"href":"https:\/\/senoticias.com.br\/se\/wp-json\/wp\/v2\/tags?post=35887"}],"curies":[{"name":"wp","href":"https:\/\/api.w.org\/{rel}","templated":true}]}}