{"id":35880,"date":"2012-07-02T14:32:41","date_gmt":"2012-07-02T17:32:41","guid":{"rendered":"http:\/\/senoticias.com.br\/se\/?p=35880"},"modified":"2012-07-02T14:33:00","modified_gmt":"2012-07-02T17:33:00","slug":"jovem-morre-em-acidente-de-moto-na-rota-do-sertao","status":"publish","type":"post","link":"https:\/\/senoticias.com.br\/se\/jovem-morre-em-acidente-de-moto-na-rota-do-sertao\/","title":{"rendered":"Jovem morre em acidente de moto na Rota do Sert\u00e3o"},"content":{"rendered":"<div id=\"attachment_35881\" style=\"width: 238px\" class=\"wp-caption alignright\"><a href=\"http:\/\/senoticias.com.br\/se\/wp-content\/uploads\/2012\/07\/img_134124163708.jpg\"><img loading=\"lazy\" decoding=\"async\" aria-describedby=\"caption-attachment-35881\" class=\"size-full wp-image-35881\" title=\"img_134124163708\" src=\"http:\/\/senoticias.com.br\/se\/wp-content\/uploads\/2012\/07\/img_134124163708.jpg\" alt=\"\" width=\"228\" height=\"173\" srcset=\"https:\/\/senoticias.com.br\/se\/wp-content\/uploads\/2012\/07\/img_134124163708.jpg 228w, https:\/\/senoticias.com.br\/se\/wp-content\/uploads\/2012\/07\/img_134124163708-60x45.jpg 60w, https:\/\/senoticias.com.br\/se\/wp-content\/uploads\/2012\/07\/img_134124163708-150x113.jpg 150w\" sizes=\"(max-width: 228px) 100vw, 228px\" \/><\/a><p id=\"caption-attachment-35881\" class=\"wp-caption-text\">O jovem n\u00e3o usava capacete na hora do acidente (Foto: PM\/ Gl\u00f3ria)<\/p><\/div>\n<p style=\"text-align: justify;\">Mais um jovem perdeu a vida em um acidente envolvendo moto, desta vez foi na rodovia estadual Rota do Sert\u00e3o &#8211; SE 230, no povoado Piabas, munic\u00edpio de Gl\u00f3ria. A v\u00edtima foi Fernando Carlos Bispo dos Anjos, 21 anos.<\/p>\n<p style=\"text-align: justify;\">De acordo com policiais que atenderam a ocorr\u00eancia, o jovem foi encontrado j\u00e1 morto ao lado da motocicleta e provavelmente foi atropelado por outro ve\u00edculo. Ainda segundo informa\u00e7\u00f5es da pol\u00edcia, pelos destro\u00e7os encontrados no local do acidente o outro ve\u00edculo envolvido na colis\u00e3o era um caminh\u00e3o.<\/p>\n<p style=\"text-align: justify;\">N\u00e3o se sabe, ao certo, qual o sentido dos ve\u00edculo envolvido no momento do acidente. A Pol\u00edcia T\u00e9cnica e o IML foram acionados para a per\u00edcia e remo\u00e7\u00e3o do corpo, bem como o fato foi comunicado a Delegacia de Pol\u00edcia Civil local, para as devidas investiga\u00e7\u00f5es. O jovem n\u00e3o usava capacete e estava com ferimentos na cabe\u00e7a e fraturas pelo corpo<\/p>\n","protected":false},"excerpt":{"rendered":"<p>Mais um jovem perdeu a vida em um acidente envolvendo moto, desta vez foi na rodovia estadual Rota do Sert\u00e3o &#8211; SE 230, no povoado Piabas, munic\u00edpio de Gl\u00f3ria. A v\u00edtima foi Fernando Carlos Bispo dos Anjos, 21 anos. De acordo com policiais que atenderam a ocorr\u00eancia, o jovem foi encontrado j\u00e1 morto ao lado [&hellip;]<\/p>\n","protected":false},"author":3,"featured_media":35881,"comment_status":"closed","ping_status":"closed","sticky":false,"template":"","format":"standard","meta":{"footnotes":""},"categories":[7],"tags":[],"class_list":{"0":"post-35880","1":"post","2":"type-post","3":"status-publish","4":"format-standard","5":"has-post-thumbnail","7":"category-policia"},"_links":{"self":[{"href":"https:\/\/senoticias.com.br\/se\/wp-json\/wp\/v2\/posts\/35880"}],"collection":[{"href":"https:\/\/senoticias.com.br\/se\/wp-json\/wp\/v2\/posts"}],"about":[{"href":"https:\/\/senoticias.com.br\/se\/wp-json\/wp\/v2\/types\/post"}],"author":[{"embeddable":true,"href":"https:\/\/senoticias.com.br\/se\/wp-json\/wp\/v2\/users\/3"}],"replies":[{"embeddable":true,"href":"https:\/\/senoticias.com.br\/se\/wp-json\/wp\/v2\/comments?post=35880"}],"version-history":[{"count":0,"href":"https:\/\/senoticias.com.br\/se\/wp-json\/wp\/v2\/posts\/35880\/revisions"}],"wp:featuredmedia":[{"embeddable":true,"href":"https:\/\/senoticias.com.br\/se\/wp-json\/wp\/v2\/media\/35881"}],"wp:attachment":[{"href":"https:\/\/senoticias.com.br\/se\/wp-json\/wp\/v2\/media?parent=35880"}],"wp:term":[{"taxonomy":"category","embeddable":true,"href":"https:\/\/senoticias.com.br\/se\/wp-json\/wp\/v2\/categories?post=35880"},{"taxonomy":"post_tag","embeddable":true,"href":"https:\/\/senoticias.com.br\/se\/wp-json\/wp\/v2\/tags?post=35880"}],"curies":[{"name":"wp","href":"https:\/\/api.w.org\/{rel}","templated":true}]}}