{"id":35874,"date":"2012-07-02T12:28:05","date_gmt":"2012-07-02T15:28:05","guid":{"rendered":"http:\/\/senoticias.com.br\/se\/?p=35874"},"modified":"2012-07-02T12:29:08","modified_gmt":"2012-07-02T15:29:08","slug":"mpfse-justica-concede-liminar-pela-melhoria-na-manutencao-do-centro-administrativo","status":"publish","type":"post","link":"https:\/\/senoticias.com.br\/se\/mpfse-justica-concede-liminar-pela-melhoria-na-manutencao-do-centro-administrativo\/","title":{"rendered":"MPF\/SE: Justi\u00e7a concede liminar pela melhoria na manuten\u00e7\u00e3o do Centro Administrativo"},"content":{"rendered":"<p>&nbsp;<\/p>\n<p style=\"text-align: justify;\"><strong>No local est\u00e3o \u00f3rg\u00e3os como o TRE, o TCU, a Justi\u00e7as Federal e do Trabalho. O Centro possui problemas que v\u00e3o de falta de sinaliza\u00e7\u00e3o nas vias a ac\u00famulo de lixo e entulho.<\/strong><\/p>\n<p style=\"text-align: justify;\"><a href=\"http:\/\/senoticias.com.br\/se\/wp-content\/uploads\/2012\/03\/MPF-SE.jpg\"><img loading=\"lazy\" decoding=\"async\" class=\"alignright size-thumbnail wp-image-27181\" title=\"MPF-SE\" src=\"http:\/\/senoticias.com.br\/se\/wp-content\/uploads\/2012\/03\/MPF-SE-150x150.jpg\" alt=\"\" width=\"150\" height=\"150\" srcset=\"https:\/\/senoticias.com.br\/se\/wp-content\/uploads\/2012\/03\/MPF-SE-150x150.jpg 150w, https:\/\/senoticias.com.br\/se\/wp-content\/uploads\/2012\/03\/MPF-SE-50x50.jpg 50w, https:\/\/senoticias.com.br\/se\/wp-content\/uploads\/2012\/03\/MPF-SE-70x70.jpg 70w, https:\/\/senoticias.com.br\/se\/wp-content\/uploads\/2012\/03\/MPF-SE-55x55.jpg 55w\" sizes=\"(max-width: 150px) 100vw, 150px\" \/><\/a>A Justi\u00e7a Federal em Sergipe (JF\/SE) atendeu o pedido do Minist\u00e9rio P\u00fablico Federal (MPF) e concedeu uma liminar para que o Centro Administrativo Governador Augusto Franco (Cenaf) receba diversas melhorias. A decis\u00e3o do juiz Edmilson da Silva Pimenta tem o objetivo de sanar o descaso por parte dos servi\u00e7os p\u00fablicos estaduais e municipais em rela\u00e7\u00e3o ao Cenaf.<\/p>\n<p style=\"text-align: justify;\">A a\u00e7\u00e3o civil p\u00fablica do MPF foi movida contra o Estado de Sergipe, o Munic\u00edpio de Aracaju, o Departamento Estadual de Estradas e Rodagens (DER\/SE), a Empresa Municipal de Obras e Urbaniza\u00e7\u00e3o (Emurb), a Empresa Municipal de Servi\u00e7os Urbanos (Emsurb) e a Superintend\u00eancia Municipal de Transporte e Tr\u00e2nsito de Aracaju (SMTT).<\/p>\n<p style=\"text-align: justify;\">A Justi\u00e7a deferiu a liminar que determina que o Munic\u00edpio de Aracaju se abstenha de conceder licen\u00e7as para a constru\u00e7\u00e3o de novos pr\u00e9dios no local, at\u00e9 que o loteamento seja regularizado. Decidiu tamb\u00e9m que o Estado de Sergipe e o DER dever\u00e3o, no prazo de seis meses, realizar a recomposi\u00e7\u00e3o do tra\u00e7ado original da Avenida Carlos Rodrigues da Cruz e implantar cal\u00e7adas para pedestres em toda a sua extens\u00e3o. No prazo de 90 dias, eles tamb\u00e9m dever\u00e3o colocar cercas em todas as propriedades do Cenaf para impedir o despejo de lixo e, em 30 dias, implantar um policiamento ostensivo di\u00e1rio na localidade.<\/p>\n<p style=\"text-align: justify;\">A liminar tamb\u00e9m obriga o Munic\u00edpio e a Emsurb a realizarem um servi\u00e7o regular de coleta de lixo e entulho no prazo de 30 dias. A SMTT dever\u00e1, no mesmo prazo, providenciar sinaliza\u00e7\u00e3o e implanta\u00e7\u00e3o de redutores de velocidade na avenida, bem como a coloca\u00e7\u00e3o de um sem\u00e1foro ou outro equipamento de controle de tr\u00e1fego.<\/p>\n<p style=\"text-align: justify;\">A pena para o descumprimento da liminar \u00e9 de multa di\u00e1ria de R$ 1000 que dever\u00e1 recair no ente respons\u00e1vel pela atribui\u00e7\u00e3o n\u00e3o realizada.<\/p>\n<p style=\"text-align: justify;\">Hist\u00f3rico &#8211; O Cenaf come\u00e7ou a ser constru\u00eddo na d\u00e9cada de 1980, mas, passados mais de 30 anos, o loteamento n\u00e3o foi regularizado pela Emurb. Como n\u00e3o existe regulariza\u00e7\u00e3o, o Munic\u00edpio de Aracaju alegava n\u00e3o ter compet\u00eancia para promover os servi\u00e7os p\u00fablicos na \u00e1rea. No local onde est\u00e3o \u00f3rg\u00e3os como o Tribunal Regional Eleitoral, o Tribunal de Contas da Uni\u00e3o, a Justi\u00e7a Federal e a Justi\u00e7a do Trabalho, existem problemas que v\u00e3o de falta de sinaliza\u00e7\u00e3o nas vias a ac\u00famulo de lixo e entulho.<\/p>\n<pre><span style=\"color: #333333;\"><strong>Assessoria de Comunica\u00e7\u00e3o da PR\/SE<\/strong><\/span><\/pre>\n","protected":false},"excerpt":{"rendered":"<p>&nbsp; No local est\u00e3o \u00f3rg\u00e3os como o TRE, o TCU, a Justi\u00e7as Federal e do Trabalho. O Centro possui problemas que v\u00e3o de falta de sinaliza\u00e7\u00e3o nas vias a ac\u00famulo de lixo e entulho. A Justi\u00e7a Federal em Sergipe (JF\/SE) atendeu o pedido do Minist\u00e9rio P\u00fablico Federal (MPF) e concedeu uma liminar para que o [&hellip;]<\/p>\n","protected":false},"author":3,"featured_media":27181,"comment_status":"closed","ping_status":"closed","sticky":false,"template":"","format":"standard","meta":{"footnotes":""},"categories":[38],"tags":[],"class_list":{"0":"post-35874","1":"post","2":"type-post","3":"status-publish","4":"format-standard","5":"has-post-thumbnail","7":"category-municipios"},"_links":{"self":[{"href":"https:\/\/senoticias.com.br\/se\/wp-json\/wp\/v2\/posts\/35874"}],"collection":[{"href":"https:\/\/senoticias.com.br\/se\/wp-json\/wp\/v2\/posts"}],"about":[{"href":"https:\/\/senoticias.com.br\/se\/wp-json\/wp\/v2\/types\/post"}],"author":[{"embeddable":true,"href":"https:\/\/senoticias.com.br\/se\/wp-json\/wp\/v2\/users\/3"}],"replies":[{"embeddable":true,"href":"https:\/\/senoticias.com.br\/se\/wp-json\/wp\/v2\/comments?post=35874"}],"version-history":[{"count":0,"href":"https:\/\/senoticias.com.br\/se\/wp-json\/wp\/v2\/posts\/35874\/revisions"}],"wp:featuredmedia":[{"embeddable":true,"href":"https:\/\/senoticias.com.br\/se\/wp-json\/wp\/v2\/media\/27181"}],"wp:attachment":[{"href":"https:\/\/senoticias.com.br\/se\/wp-json\/wp\/v2\/media?parent=35874"}],"wp:term":[{"taxonomy":"category","embeddable":true,"href":"https:\/\/senoticias.com.br\/se\/wp-json\/wp\/v2\/categories?post=35874"},{"taxonomy":"post_tag","embeddable":true,"href":"https:\/\/senoticias.com.br\/se\/wp-json\/wp\/v2\/tags?post=35874"}],"curies":[{"name":"wp","href":"https:\/\/api.w.org\/{rel}","templated":true}]}}