{"id":35852,"date":"2012-07-02T10:48:11","date_gmt":"2012-07-02T13:48:11","guid":{"rendered":"http:\/\/senoticias.com.br\/se\/?p=35852"},"modified":"2012-07-02T18:36:20","modified_gmt":"2012-07-02T21:36:20","slug":"valmir-monteiro-entra-na-disputa-pela-reeleicao-em-lagarto","status":"publish","type":"post","link":"https:\/\/senoticias.com.br\/se\/valmir-monteiro-entra-na-disputa-pela-reeleicao-em-lagarto\/","title":{"rendered":"Valmir Monteiro entra na disputa pela reelei\u00e7\u00e3o em Lagarto"},"content":{"rendered":"<p style=\"text-align: justify;\"><a href=\"http:\/\/senoticias.com.br\/se\/wp-content\/uploads\/2012\/07\/FOTO1.jpg\"><img loading=\"lazy\" decoding=\"async\" class=\"alignright size-medium wp-image-35860\" title=\"FOTO\" src=\"http:\/\/senoticias.com.br\/se\/wp-content\/uploads\/2012\/07\/FOTO1-300x225.jpg\" alt=\"\" width=\"300\" height=\"225\" srcset=\"https:\/\/senoticias.com.br\/se\/wp-content\/uploads\/2012\/07\/FOTO1-300x225.jpg 300w, https:\/\/senoticias.com.br\/se\/wp-content\/uploads\/2012\/07\/FOTO1-342x256.jpg 342w, https:\/\/senoticias.com.br\/se\/wp-content\/uploads\/2012\/07\/FOTO1-60x45.jpg 60w, https:\/\/senoticias.com.br\/se\/wp-content\/uploads\/2012\/07\/FOTO1-150x113.jpg 150w, https:\/\/senoticias.com.br\/se\/wp-content\/uploads\/2012\/07\/FOTO1-269x201.jpg 269w, https:\/\/senoticias.com.br\/se\/wp-content\/uploads\/2012\/07\/FOTO1.jpg 768w\" sizes=\"(max-width: 300px) 100vw, 300px\" \/><\/a>A antiga resid\u00eancia do prefeito municipal de Lagarto, Valmir Monteiro (PSC), lotou de militantes e simpatizantes do seu partido e siglas coligados no \u00faltimo s\u00e1bado, 30. O motivo do encontro foi a conven\u00e7\u00e3o que oficializou as candidaturas a prefeito, vice-prefeito e vereadores do grupo para as pr\u00f3ximas elei\u00e7\u00f5es municipais de outubro deste ano. Valmir Monteiro ir\u00e1 tentar a reelei\u00e7\u00e3o e indicou em consenso com o grupo a candidatura da ex-deputada estadual Luiza Ribeiro (PTdoB) a vice-prefeita. Autoridades do estado como o deputado estadual e vice-l\u00edder do governo, Gustinho Ribeiro (PSD), e o deputado federal e presidente estadual do PT, Rog\u00e9rio Carvalho, marcaram presen\u00e7a na oportunidade e garantiram dar apoio aos candidatos.<\/p>\n<p style=\"text-align: justify;\"><strong>Enpauta Comunica\u00e7\u00e3o<\/strong><\/p>\n<p style=\"text-align: justify;\">A coliga\u00e7\u00e3o \u00e9 formada por 14 partidos: PSC, PTdoB, PSL, PSB, PR, PT, PTC, PSDC, PMN, PTB, PHS, PRP, PDT e PSD. Um total de sete vereadores apoia as candidaturas e foram oficializados cerca de 65 nomes candidatos ao Legislativo. Durante a conven\u00e7\u00e3o, Valmir fez um resumo das suas principais realiza\u00e7\u00f5es enquanto prefeito nos \u00faltimos anos e explicou por que \u00e9 candidato novamente. \u201cN\u00f3s n\u00e3o atrasamos nossas obriga\u00e7\u00f5es constitucionais e ainda estamos pagando R$ 43 mil de d\u00edvida de energia que a administra\u00e7\u00e3o anterior deixou, al\u00e9m de precat\u00f3rio. A campanha n\u00e3o \u00e9 de Valmir, \u00e9 de todos n\u00f3s. Vou mostrar que mesmo com tr\u00eas anos e meio da nossa gest\u00e3o, eles ainda n\u00e3o aprenderam a valorizar tudo que vem sendo feito em benef\u00edcio da popula\u00e7\u00e3o\u201d, ressaltou.<\/p>\n<p style=\"text-align: justify;\">Rog\u00e9rio Carvalho tamb\u00e9m falou confiante e garantiu que s\u00e3o as atitudes pac\u00edficas e positivas da situa\u00e7\u00e3o que tendem a desenvolver cada vez mais a cidade. \u201cSe eles est\u00e3o achando que com golpes baixos, com baixaria, v\u00e3o colocar Lagarto no po\u00e7o, est\u00e3o muito enganados, porque o povo n\u00e3o vai deixar n\u00e3o\u201d, discursou o parlamentar, deixando o p\u00fablico presente emocionado.<\/p>\n<p style=\"text-align: justify;\">Sobre as obras conclu\u00eddas e em andamento que tanto beneficiam a popula\u00e7\u00e3o, o prefeito Valmir aproveitou a ocasi\u00e3o para agradecer o empenho da presidente Dilma Rousseff, e informou que entrou mais verba na conta da prefeitura. \u201cCom R$ 1 milh\u00e3o que recebemos nesta semana, vamos equipar as escolas do nosso munic\u00edpio. Al\u00e9m das pra\u00e7as, quadras e demais obras viabilizadas pelo governo federal, temos as que foram realizadas com recursos pr\u00f3prios, a exemplo da avenida Sindicalista Ant\u00f4nio Francisco da Rocha\u201d, listou.<br \/>\nValmir fez quest\u00e3o de refor\u00e7ar que quer ser reeleito para dar continuidade ao trabalho que vem realizando. \u201cPrecisamos concluir aquilo que pensamos para Lagarto. Lagarto \u00e9 uma cidade grande, mas que tinha muitos problemas. Ao longo dos \u00faltimos anos n\u00e3o conseguimos resolver todos, ent\u00e3o precisamos de mais quatro anos para seguir essa trajet\u00f3ria. Anteriormente, o povo n\u00e3o tinha a oportunidade de cobrar, reivindicar, e n\u00f3s possibilitamos isso, abrimos esse espa\u00e7o. Acima de tudo, queremos continuar elevando a autoestima dos lagartenses, colocando o munic\u00edpio cada vez mais em destaque no estado, que \u00e9 como merece. Hoje n\u00f3s temos os melhores \u00edndices de qualidade de vida. Apesar das dificuldades, alcan\u00e7amos no ano passado o 1\u00ba lugar de Sergipe na sa\u00fade, e conseguimos reduzir em 50% a mortalidade infantil\u201d, falou o prefeito.<br \/>\nPara ele, a indica\u00e7\u00e3o de Luiza Ribeiro como candidata a vice \u00e9 uma forma de homenagear o pai da ex-deputada, o respeitado ex-prefeito Ribeirinho. \u201cO pai dela \u00e9 um guerreiro. A maioria das obras em nosso munic\u00edpio foi feita na administra\u00e7\u00e3o dele. Em homenagem a tudo que ele fez e ao trabalho que a doutora Luiza tem feito, prestigiamos uma lagartense, uma filha da terra\u201d, justificou, contando que a candidata foi escolhida por amigos do grupo que defendem seu nome. Durante a conven\u00e7\u00e3o, a emo\u00e7\u00e3o foi intensa quando Ribeirinho, tamb\u00e9m emocionado, pediu que todos os presentes gritassem \u201c\u00c9 bole-bole, \u00e9 bole-bole!\u201d, palavras que marcaram uma gera\u00e7\u00e3o. A respeito da campanha, Valmir ressaltou que, sem d\u00favidas, ser\u00e1 como sempre aconteceu ao longo de sua vida pol\u00edtica. \u201cN\u00f3s tivemos a oportunidade de vencer tr\u00eas elei\u00e7\u00f5es para deputado e uma para prefeito. Vamos continuar da mesma maneira: mostrando ao povo o que o povo quer e deseja, sempre pensando no futuro. N\u00e3o fazemos campanhas de xingamentos ou para denigrir a imagem de nossos advers\u00e1rios, porque temos muito a mostrar. Trabalhamos muito, conseguimos transformar Lagarto para melhor\u201d, garantiu, confiante.<\/p>\n","protected":false},"excerpt":{"rendered":"<p>A antiga resid\u00eancia do prefeito municipal de Lagarto, Valmir Monteiro (PSC), lotou de militantes e simpatizantes do seu partido e siglas coligados no \u00faltimo s\u00e1bado, 30. O motivo do encontro foi a conven\u00e7\u00e3o que oficializou as candidaturas a prefeito, vice-prefeito e vereadores do grupo para as pr\u00f3ximas elei\u00e7\u00f5es municipais de outubro deste ano. Valmir Monteiro [&hellip;]<\/p>\n","protected":false},"author":3,"featured_media":35860,"comment_status":"closed","ping_status":"closed","sticky":false,"template":"","format":"standard","meta":{"footnotes":""},"categories":[6],"tags":[],"class_list":{"0":"post-35852","1":"post","2":"type-post","3":"status-publish","4":"format-standard","5":"has-post-thumbnail","7":"category-politica"},"_links":{"self":[{"href":"https:\/\/senoticias.com.br\/se\/wp-json\/wp\/v2\/posts\/35852"}],"collection":[{"href":"https:\/\/senoticias.com.br\/se\/wp-json\/wp\/v2\/posts"}],"about":[{"href":"https:\/\/senoticias.com.br\/se\/wp-json\/wp\/v2\/types\/post"}],"author":[{"embeddable":true,"href":"https:\/\/senoticias.com.br\/se\/wp-json\/wp\/v2\/users\/3"}],"replies":[{"embeddable":true,"href":"https:\/\/senoticias.com.br\/se\/wp-json\/wp\/v2\/comments?post=35852"}],"version-history":[{"count":0,"href":"https:\/\/senoticias.com.br\/se\/wp-json\/wp\/v2\/posts\/35852\/revisions"}],"wp:featuredmedia":[{"embeddable":true,"href":"https:\/\/senoticias.com.br\/se\/wp-json\/wp\/v2\/media\/35860"}],"wp:attachment":[{"href":"https:\/\/senoticias.com.br\/se\/wp-json\/wp\/v2\/media?parent=35852"}],"wp:term":[{"taxonomy":"category","embeddable":true,"href":"https:\/\/senoticias.com.br\/se\/wp-json\/wp\/v2\/categories?post=35852"},{"taxonomy":"post_tag","embeddable":true,"href":"https:\/\/senoticias.com.br\/se\/wp-json\/wp\/v2\/tags?post=35852"}],"curies":[{"name":"wp","href":"https:\/\/api.w.org\/{rel}","templated":true}]}}