{"id":35840,"date":"2012-07-02T07:43:04","date_gmt":"2012-07-02T10:43:04","guid":{"rendered":"http:\/\/senoticias.com.br\/se\/?p=35840"},"modified":"2012-07-03T07:00:42","modified_gmt":"2012-07-03T10:00:42","slug":"eleicoes-2012-acompanhe-as-noticias-do-cenario-politico-de-sua-cidade","status":"publish","type":"post","link":"https:\/\/senoticias.com.br\/se\/eleicoes-2012-acompanhe-as-noticias-do-cenario-politico-de-sua-cidade\/","title":{"rendered":"Elei\u00e7\u00f5es 2012: acompanhe as not\u00edcias do cen\u00e1rio pol\u00edtico de sua cidade"},"content":{"rendered":"<p><strong><a href=\"http:\/\/senoticias.com.br\/se\/wp-content\/uploads\/2012\/05\/Elei%C3%A7%C3%B5es-2012-Ilust.-21.jpg\"><img loading=\"lazy\" decoding=\"async\" class=\"alignright size-thumbnail wp-image-32984\" title=\"Elei\u00e7\u00f5es 2012 - Ilust. 2\" src=\"http:\/\/senoticias.com.br\/se\/wp-content\/uploads\/2012\/05\/Elei%C3%A7%C3%B5es-2012-Ilust.-21-150x150.jpg\" alt=\"\" width=\"150\" height=\"150\" \/><\/a>Aquidab\u00e3<\/strong><br \/>\nEuriquinho (PSC, candidato do prefeito); Vice, Jaconias<br \/>\nCarlinhos (PMDB); Vice, Cleton Maia<br \/>\nClaudinei (PRP); Vice, Capit\u00e3o dos Anjos<\/p>\n<p><strong>Aracaju<\/strong><br \/>\nAlmeida Lima (PPS); Vice, Rivando G\u00f3es (PPS)<br \/>\nJo\u00e3o Alves Filho (DEM); Vice, Jos\u00e9 Carlos Machado (PSDB)<br \/>\nReynaldo Nunes (PV); Vice, Evaldo Campos (PV)<br \/>\nValadares Filho (PSB); Vice, Concei\u00e7\u00e3o Vieira (PT)<br \/>\nVera L\u00facia (PSTU); Vice, Vinicius Oliveira (PSOL)<\/p>\n<p><strong>Areia Branca<\/strong><br \/>\nAgripino (PSC, disputa a reelei\u00e7\u00e3o); Vice, Rodrigo Ramos (PTB)<br \/>\nAc\u00e1cia (PSB, esposa do ex-prefeito Sousa); Vice, Chico Chagas (PSB)<br \/>\nGia (PRB, ex-deputado); Vice, Jac\u00f3 (PRB)<br \/>\nJo\u00e3o Olin (PSDB); Vice, Vera Figueroa (PRP)<\/p>\n<p><strong>Barra dos Coqueiros<\/strong><br \/>\nGilson dos Anjos (DEM); Vice, Sissinho Moura (pr0<br \/>\nAilton Martins (PMDB); Vice Caducha (PT)<br \/>\nGilmar Oliveira (PP)<\/p>\n<p><strong>Campo do Brito<br \/>\n<\/strong>Jos\u00e9 Roque da Cruz, ex-prefeito (PSC, candidato do atual prefeito Maim); Vice Z\u00e9 de Carlinhos (PTB)<strong><\/strong><br \/>\nL\u00e9o do (PSB), e Paulo C\u00e9sar Lima tamb\u00e9m do (PSB)<\/p>\n<p><strong>Boquim<\/strong><br \/>\nJean Carlos (PSD, candidato do prefeito Pedro Barbosa); Vice, Cloves Trindade (PSB)<br \/>\nJoel do Pastor (PR); Vice, Luiza Fonseca (PP).<br \/>\nChic\u00e3o (PT); Vice, Joselita (PT).<br \/>\nObs: em Boquim, o governador D\u00e9da j\u00e1 informou que seu palanque \u00e9 o do grupo liderado pelo prefeito Pedro Barbosa.<\/p>\n<p><strong>Capela<\/strong><br \/>\nJosefa Paix\u00e3o (PSB, candidata do prefeito Sukita); Vice, Carlos Milton (PSB)<br \/>\nEzequiel Leite (PR); Vice, Chico de Ary (PSDB)<\/p>\n<p><strong>Carm\u00f3polis<\/strong><br \/>\nEsmeralda Cruz (PT, candidata reelei\u00e7\u00e3o); Vice, Gilberto Cruz (PSB, candidato a reelei\u00e7\u00e3o)<br \/>\nVolney\u00a0 Leite (PSC, ex-prefeito); Vice, S\u00e9rgio Vieira (PR)<\/p>\n<p><strong>Canind\u00e9 do S\u00e3o Francisco<\/strong><br \/>\nEdnaldo da Farm\u00e1cia (PSC, candidato do prefeito Orlandinho Andrade); Vice, Marcondes Marinho (PSC e candidato a reelei\u00e7\u00e3o)<br \/>\nHeleno Silva (PRB, deputado federal); Vice, Rosa Maria (PSB, e ex-prefeita)<br \/>\nObs: Embora o PT esteja apoiando Heleno Silva, o governador D\u00e9da deixou claro que em Canind\u00e9 o seu palanque \u00e9 o da fam\u00edlia Andrade.<\/p>\n<p><strong>Est\u00e2ncia<\/strong><br \/>\nGilson Andrade (PTC, candidato do prefeito Ivan Leite); Vice, H\u00e9lia Pinto (PRB)<br \/>\nCarlos Magno (DEM); Vice, Filadelfo Alexandre (PMDB)<br \/>\nJoaldo Santos (PT); Edneusa da Farm\u00e1cia (PHS)<br \/>\nM\u00e1rcio Souza (PSL); Adauto da Praia (PSL)<\/p>\n<p><strong>Feira Nova<\/strong><br \/>\nJos\u00e9 Carlos, o Painho (PSD, candidato a reelei\u00e7\u00e3o);Vice Rejane (PR)<br \/>\nJonas (PRB, ex-prefeito);Vice, Elenaldo Dantas (PMDB)<\/p>\n<p><strong>Frei Paulo<\/strong><br \/>\nJos\u00e9 Arinaldo Filho (DEM, candidato \u00e0 reelei\u00e7\u00e3o;Vice, Santana (DEM,candidato reelei\u00e7\u00e3o)<br \/>\nWanderson Dantas (PMDB, filho do ex-prefeito Soares);Vice, Ant\u00f4nio Porf\u00edrio (PSB)<\/p>\n<p><strong>Itabaiana<\/strong><br \/>\nLuciano Bispo (PMDB, disputa reelei\u00e7\u00e3o); Vice, Olivier Chagas (PT)<br \/>\nValmir de Francisquinho (PR); Vice, Lourdes Machado (PSDB, disputa reelei\u00e7\u00e3o)<\/p>\n<p><strong>Itabi<\/strong><br \/>\nRubens Feitosa (PSD, candidato a reelei\u00e7\u00e3o); Vice, Gorete (PMDB)<br \/>\nValdione S\u00e1 (DEM); Vice, G\u00e9lio do Banese (PRTB)<br \/>\nM\u00c1RCIA (PPS); Vice, Rold (PPS)<\/p>\n<p><strong>Itaporanga<\/strong><br \/>\nC\u00e9sar Mandarino (PSC, candidato a reelei\u00e7\u00e3o); Vice C\u00e9sar de &#8216;Penchta&#8217; do (PSD)<br \/>\nGracinha (PSDB, ex-prefeita); Vice, Adiel de Campos (PRP)<br \/>\nCarlinhos Amorim (PTdoB); Vice,\u00a0 Antonio Dind\u00f3 (PT)<\/p>\n<p><strong>Japaratuba<\/strong><br \/>\nLara Moura (PR, candidata reelei\u00e7\u00e3o);Vice, Pedro Moura (PPS)<br \/>\nPadre Gerard (PT); Vice H\u00e9lio Sobral Leite (PMDB)<br \/>\nJo\u00e3o Batista Almeida (PSOL);Vice, Gilberto dos Santos (PCB)<\/p>\n<p><strong>Gararu<\/strong><br \/>\nElizabeth Albuquerque (PSC); Vice, Valdemir (PTB)<br \/>\nAnt\u00f4nio Rollemberg (PT do B); Vice, Zete (PSD)<\/p>\n<p><strong>General Maynard<\/strong><br \/>\nJo\u00e3o Evangelista (PSB, candidato reelei\u00e7\u00e3o)<br \/>\nMiraldo da Silva (PSD, ex-prefeito); Vice, Ac\u00e1ssia S\u00e3o Pedro (PTB)<\/p>\n<p><strong>Lagarto<\/strong><br \/>\nValmir Monteiro (PSC, disputa reelei\u00e7\u00e3o); Vice \u2013 Lu\u00edza Ribeiro (PTdoB), foi candidata na \u00faltima elei\u00e7\u00e3o a prefeita tendo 732 votos)<br \/>\nLila Fraga (PSDB); Vice Norma Dantas (PMDB, esposa do ex-prefeito Zez\u00e9 Rocha)<br \/>\nEdla Ribeiro (PTN); Vice, Zenailde Ribeiro (PTN)<br \/>\nMarcelo (PSOL); Vice Gilvan Santos.<\/p>\n<p><strong>Laranjeiras<\/strong><br \/>\nJuca Bala (PMDB, candidato da prefeita Ione Sobral);Vice, Z\u00e9 Bodega (PSB)<br \/>\nMarta Hagenbeck (PSC); Vice, Gustavo da Boa Luz (PRTB)<br \/>\nRicardo Hagenberck (PPS);<\/p>\n<p><strong>Macambira<\/strong><br \/>\nRicardo Souza (PSD, candidato \u00e0 reelei\u00e7\u00e3o); Vice, Almiro (PMDB)<br \/>\nLuciano (PT); Fl\u00e1vio (PP)<\/p>\n<p><strong>Maruim<\/strong><br \/>\nJeferson Santana (PMDB, ex-prefeito);Vice, Murilo Mota (PSD, ex-prefeito)<br \/>\nShirlei (PSB); Vice Ad\u00edlio (PPS)<\/p>\n<p><strong>Malhador<\/strong><br \/>\nSarina Faro (PRB, candidata reelei\u00e7\u00e3o); Vice, padre Barbosa (PSC)<br \/>\nElayne Araujo (PSB, filha do ex-prefeito Ded\u00e9 do Inhame);<\/p>\n<p><strong>Moita Bonita<\/strong><br \/>\nMarcos Costa (PMDB, candidato da prefeita); Vice, Ant\u00f4nio Costa (PSD)<br \/>\nEdmilson Sind\u00f4 (PSC); Vice, Maria Jos\u00e9 de Ariston (PSC)<\/p>\n<p><strong>Nossa Senhora Aparecida<\/strong><br \/>\nJeane da Farm\u00e1cia (PSC); Vice,<br \/>\nVera (PMDB); Vice, Z\u00e9 Erinaldo (PT)<\/p>\n<p><strong>Nossa Senhora da Gl\u00f3ria<\/strong><br \/>\nChico dos Correios (PT, candidato da prefeita);Vice Aparecido (PSB)<br \/>\nJairo\u00a0 Santana(PTdoB); Vice, Adriana Corr\u00eaa (PSDB)<\/p>\n<p><strong>Nossa Senhora do Socorro<\/strong><br \/>\nF\u00e1bio Henrique (PDT, candidato reelei\u00e7\u00e3o);Vice, Job Carvalho (PPS)<br \/>\nAugusto Bezerra (DEM, deputado estadual); Vice Ant\u00f4nio Vasconcelos, o Bacalhau (DEM)<br \/>\nPadre Inaldo (PCdoB); A\u00e9lio Argolo (PCdoB)<\/p>\n<p><strong>Po\u00e7o Redondo<\/strong><br \/>\nRoberto Araujo (PT, candidato reelei\u00e7\u00e3o);Vice, Petrucio (PSB, irm\u00e3o do frei Enoque)<br \/>\nManoel da Farm\u00e1cia (DEM);<br \/>\nBeto Godoy (PP, filho do ex-prefeito Roberto);<\/p>\n<p><strong>Po\u00e7o Verde<\/strong><br \/>\nThiago Dorea (PSB, candidato do prefeito Toinho de Dorinha); Vice, Rita de Lula (PSD)<br \/>\nIgor Oliveira (PSC, filho do ex-prefeito Everaldo);Vice, Deraldo (PR)<\/p>\n<p><strong>Porto da Folha<\/strong><br \/>\nDr. Araujo (PSB, candidato do prefeito);Vice, Jo\u00e3o Rivaldo (PT)<br \/>\nGilmar Xavier (PMDB); Vice Augusto (PSL)<br \/>\nArnaldo do Laborat\u00f3rio (PRP); Vice, Cledson G\u00e1s (PRP)<br \/>\nDr. Albino (PSD) e Chico do Minador (PSD)<\/p>\n<p><strong>Propri\u00e1<\/strong><br \/>\nJos\u00e9 Am\u00e9rico (PSC, disputa reelei\u00e7\u00e3o); Vice, Aninha da Feira (DEM)<br \/>\nPaulinho Campos (PT); Vice, Lucia de Vado (PSD)<br \/>\nPaulo C\u00e9sar (PSDB);<\/p>\n<p><strong>Riach\u00e3o do Dantas<\/strong><br \/>\nIvanildo (PSD, candidato reelei\u00e7\u00e3o); Vice, Mi Fontes (PDT)<br \/>\nRuy Vieira (PTC);Vice, Pedro da Lagoa (PSL)<\/p>\n<p><strong>Ribeir\u00f3polis<\/strong><br \/>\nJo\u00e3o de Nega (PSB, apoiado pela prefeita Uita); Vice, Miguel da Loja (PDT)<br \/>\nAnt\u00f4nio Passos (DEM, ex-deputado); Vice Noquinha de Z\u00e9 Felipe (DEM)<\/p>\n<p><strong>Ros\u00e1rio do Catete<\/strong><br \/>\nEtelvino Barreto (PMDB,candidato a reelei\u00e7\u00e3o); Vice, Wagner Quintela (PSB, ex-prefeito)<br \/>\nLa\u00e9rcio Passos (PSD); Vice, Alessandro Araujo(PT, candidato a reelei\u00e7\u00e3o)<\/p>\n<p><strong>Salgado<br \/>\n<\/strong>Gidelson Santana PV (atualmente vereador e candidato da prefeita Janete); Vice, Adelvan Macedo (PTB)<br \/>\nDu\u00edlio Siqueira (PSB, ex-vereador); Vice, Z\u00e9 T\u00f4nico PMDB(vereador)<\/p>\n<p><strong>S\u00e3o Crist\u00f3v\u00e3o<\/strong><br \/>\nArmando Batalha (PSB, ex-prefeito); Vice, Jorj\u00e3o (PSB)<br \/>\nWanderl\u00ea Correia (PMDB, ex-deputado);Vice, Bet\u00e3o (PSD)<br \/>\nBetinho (PRP, <strong>candidato do prefeito Alex Rocha<\/strong>); Vice, Cledivaldo Oliveira, <strong>motorista do prefeito Alex Rocha<\/strong> (PDT)<br \/>\nCarlos Vil\u00e3o (DEM); Vice, Sargento F\u00e1bio (PSDB)<br \/>\nBispo do Gesso (PPS, foi candidato a Vereador na \u00faltima elei\u00e7\u00e3o tendo 295 votos); Vice Pastor Jo\u00e3o Bezerra (PPS)<br \/>\nLuiz Alberto (PSOL); Vice, Gidelma Santos, tamb\u00e9m do PSOL.<\/p>\n<p><strong>S\u00e3o Domingos<\/strong><br \/>\nRobson Mercenas (PP, candidato reelei\u00e7\u00e3o);Vice,Badinho (DEM)<br \/>\nPedrinho (PT), Vice, Leila do finado Cosminho (PSD)<\/p>\n<p><strong>S\u00e3o Miguel do Aleixo<\/strong><br \/>\nSelma de Mauro de Rocha (PDT, candidata a reelei\u00e7\u00e3o);Vice, Chica (PDT)<br \/>\nJairson da Gra\u00e7a (o Neneca, PSC, ex-prefeito); Vice, Evalto (PSC)<\/p>\n<p><strong>Sim\u00e3o Dias<\/strong><br \/>\nZ\u00e9 Valadares (PSB, candidato do prefeito);Vice, Luis Alb\u00e9rico (PSB0<br \/>\nMarival Santana (PSC);Vice, C\u00e9lia (PR)<br \/>\nTonho Valadares (PPS); Vice, Humberto Chor\u00e3o (PSOL)<\/p>\n<p><strong>Santa Rosa de Lima<\/strong><br \/>\nDudu Prado (PST, candidato reelei\u00e7\u00e3o); Vice, Luiz, conhecido Macarr\u00e3o (PRB)<br \/>\nValdir do Correio (PPS); Vice, Toel (PDT)<\/p>\n<p><strong>Tobias Barreto<\/strong><br \/>\nDilson de Agripino (PT, candidato reelei\u00e7\u00e3o); Vice, Nailson (PMDB)<br \/>\nPopeye eventos (PR); Bruno Vasconcelos<br \/>\nMarcos Andrade (PPS); Vice, Zezinho de Alfeu (PPS)<\/p>\n<p><strong>Umba\u00faba<\/strong><br \/>\nAnderson Farias (PT, candidato reelei\u00e7\u00e3o);Vice, Humberto Maravilha (PMN)<br \/>\nZ\u00e9 de Francisquinho (PDT); Vice, Jorge Rico (PSC)<br \/>\nPedrita (PHS); Vice, Manoel Brabo (PP)<\/p>\n<p><strong>Se os leitores souberem de mais pr\u00e9-candidatos, favor informar ao site pelo<\/strong> <span style=\"color: #0000ff;\"><strong>senoticias@gmail.com<\/strong><\/span>.<\/p>\n<p><span style=\"color: #333399;\"><strong>SE Not\u00edcias com infotma\u00e7\u00f5es de Cl\u00e1udio Nunes<\/strong><\/span><\/p>\n","protected":false},"excerpt":{"rendered":"<p>Aquidab\u00e3 Euriquinho (PSC, candidato do prefeito); Vice, Jaconias Carlinhos (PMDB); Vice, Cleton Maia Claudinei (PRP); Vice, Capit\u00e3o dos Anjos Aracaju Almeida Lima (PPS); Vice, Rivando G\u00f3es (PPS) Jo\u00e3o Alves Filho (DEM); Vice, Jos\u00e9 Carlos Machado (PSDB) Reynaldo Nunes (PV); Vice, Evaldo Campos (PV) Valadares Filho (PSB); Vice, Concei\u00e7\u00e3o Vieira (PT) Vera L\u00facia (PSTU); Vice, Vinicius [&hellip;]<\/p>\n","protected":false},"author":3,"featured_media":32984,"comment_status":"closed","ping_status":"closed","sticky":false,"template":"","format":"standard","meta":{"footnotes":""},"categories":[15,6],"tags":[],"class_list":{"0":"post-35840","1":"post","2":"type-post","3":"status-publish","4":"format-standard","5":"has-post-thumbnail","7":"category-destaques","8":"category-politica"},"_links":{"self":[{"href":"https:\/\/senoticias.com.br\/se\/wp-json\/wp\/v2\/posts\/35840"}],"collection":[{"href":"https:\/\/senoticias.com.br\/se\/wp-json\/wp\/v2\/posts"}],"about":[{"href":"https:\/\/senoticias.com.br\/se\/wp-json\/wp\/v2\/types\/post"}],"author":[{"embeddable":true,"href":"https:\/\/senoticias.com.br\/se\/wp-json\/wp\/v2\/users\/3"}],"replies":[{"embeddable":true,"href":"https:\/\/senoticias.com.br\/se\/wp-json\/wp\/v2\/comments?post=35840"}],"version-history":[{"count":0,"href":"https:\/\/senoticias.com.br\/se\/wp-json\/wp\/v2\/posts\/35840\/revisions"}],"wp:featuredmedia":[{"embeddable":true,"href":"https:\/\/senoticias.com.br\/se\/wp-json\/wp\/v2\/media\/32984"}],"wp:attachment":[{"href":"https:\/\/senoticias.com.br\/se\/wp-json\/wp\/v2\/media?parent=35840"}],"wp:term":[{"taxonomy":"category","embeddable":true,"href":"https:\/\/senoticias.com.br\/se\/wp-json\/wp\/v2\/categories?post=35840"},{"taxonomy":"post_tag","embeddable":true,"href":"https:\/\/senoticias.com.br\/se\/wp-json\/wp\/v2\/tags?post=35840"}],"curies":[{"name":"wp","href":"https:\/\/api.w.org\/{rel}","templated":true}]}}