{"id":35825,"date":"2012-07-01T19:24:26","date_gmt":"2012-07-01T22:24:26","guid":{"rendered":"http:\/\/senoticias.com.br\/se\/?p=35825"},"modified":"2019-05-04T15:58:44","modified_gmt":"2019-05-04T18:58:44","slug":"convencoes-partidarias-oficializam-6-pre-candidatos-a-prefeitura-de-sao-cristovao","status":"publish","type":"post","link":"https:\/\/senoticias.com.br\/se\/convencoes-partidarias-oficializam-6-pre-candidatos-a-prefeitura-de-sao-cristovao\/","title":{"rendered":"Conven\u00e7\u00f5es partid\u00e1rias oficializam seis pr\u00e9-candidatos \u00e0 Prefeitura de S\u00e3o Crist\u00f3v\u00e3o"},"content":{"rendered":"<p style=\"text-align: justify;\">A corrida pela disputa eleitoral nas elei\u00e7\u00f5es municipais de 2012 ter\u00e1 seis candidatos \u00e0 Prefeitura de S\u00e3o Crist\u00f3v\u00e3o. O resultado \u00e9 das conven\u00e7\u00f5es partid\u00e1rias que movimentaram as articula\u00e7\u00f5es pol\u00edticas na cidade de S\u00e3o Crist\u00f3v\u00e3o durante o \u00faltimo s\u00e1bado (30), data limite para os partidos pol\u00edticos anunciarem candidatos e homologarem alian\u00e7as, conforme o calend\u00e1rio oficial. O <strong>PMDB, PSB, DEM, PPS, PRP e PSOL<\/strong> indicaram os representantes que v\u00e3o concorrer, no dia 7 de outubro, ao comando do Executivo de 2013 a 2016.<\/p>\n<p style=\"text-align: justify;\"><strong>Armando Batalha volta a disputar a Prefeitura de S\u00e3o Crist\u00f3v\u00e3o<\/strong><\/p>\n<div id=\"attachment_35836\" style=\"width: 310px\" class=\"wp-caption alignleft\"><a href=\"http:\/\/senoticias.com.br\/se\/wp-content\/uploads\/2012\/07\/Batalha-recebeu-o-apoio-de-Valadares-Filho-e-Maur%C3%ADcio-Pimentel1.jpg\"><img loading=\"lazy\" decoding=\"async\" aria-describedby=\"caption-attachment-35836\" class=\"size-medium wp-image-35836\" title=\"OLYMPUS DIGITAL CAMERA\" src=\"http:\/\/senoticias.com.br\/se\/wp-content\/uploads\/2012\/07\/Batalha-recebeu-o-apoio-de-Valadares-Filho-e-Maur%C3%ADcio-Pimentel1-300x225.jpg\" alt=\"\" width=\"300\" height=\"225\" \/><\/a><p id=\"caption-attachment-35836\" class=\"wp-caption-text\">Batalha anuncia Jorj\u00e3o como candidato a vice-prefeito para as elei\u00e7\u00f5es municipais.(Foto:Empauta)<\/p><\/div>\n<p style=\"text-align: justify;\">Na tarde do \u00faltimo s\u00e1bado (30), o Partido Socialista Brasileiro (PSB) anunciou oficialmente o ex-deputado estadual Armando Batalha como candidato a prefeito de S\u00e3o Crist\u00f3v\u00e3o nas elei\u00e7\u00f5es municipais deste ano. A not\u00edcia foi dada durante a conven\u00e7\u00e3o com os partidos coligados <strong>(PSB, PRB, PV, PTN, PSDC, PMN, PTC, PHS)<\/strong>, realizada no Gin\u00e1sio de Esportes do Eduardo Gomes, localizado no munic\u00edpio.<\/p>\n<p style=\"text-align: justify;\">Representantes dos oito partidos, lideran\u00e7as pol\u00edticas, autoridades e a pr\u00f3pria popula\u00e7\u00e3o compareceram ao evento para manifestar apoio ao candidato \u00e0 majorit\u00e1ria. Para o pleito de outubro, Armando escolheu o funcion\u00e1rio p\u00fablico e companheiro de luta, Jorj\u00e3o (PSB), como seu vice. A indica\u00e7\u00e3o foi mantida em segredo por Batalha at\u00e9 o final da conven\u00e7\u00e3o, quando resolveu fazer o an\u00fancio.<\/p>\n<p style=\"text-align: justify;\"><strong>Carlos Vil\u00e3o<\/strong><br \/>\nNa \u00faltima sexta-feira,29, o partido dos Democratas (DEM), que foi a primeira sigla a realizar conven\u00e7\u00e3o em S\u00e3o Cris\u00f3v\u00e3o, oficializou o contador Carlos Menezes, conhecido como Carlos Vil\u00e3o, como pr\u00e9-candidato. O candidato a vice \u00e9 o sargento F\u00e1bio, do PSDB, que ter\u00e1 o apoio do PP.<\/p>\n<p style=\"text-align: justify;\"><strong>PSOL escolhe pr\u00e9-candidatos em S\u00e3o Crist\u00f3v\u00e3o<\/strong><br \/>\nNo domingo, 24, o PSOL do munic\u00edpio de S\u00e3o Crist\u00f3v\u00e3o realizou sua conven\u00e7\u00e3o partid\u00e1ria, elegendo como pr\u00e9-candidato a prefeito o professor Luis Alberto Barbosa Pinto e Gidelma Santos como vice, tamb\u00e9m do PSOL. A conven\u00e7\u00e3o aconteceu na Escola de 1\u00ba e 2\u00ba Graus Glorita Portugal, durante toda a tarde e contou com a participa\u00e7\u00e3o do presidente estadual do partido, Marc\u00e9lio Oliveira, do secret\u00e1rio estadual do partido Antonio de Lagarto e lideran\u00e7as pol\u00edticas daquele munic\u00edpio.<\/p>\n<p style=\"text-align: justify;\">O PSOL tamb\u00e9m vai concorrer a uma das 15 vagas na C\u00e2mara Municipal, lan\u00e7ando cinco candidatos e a expectativa \u00e9 de eleger no m\u00ednimo dois candidatos.<\/p>\n<p style=\"text-align: justify;\"><strong>PPS tem chapa &#8216;puro sangue&#8217; para concorrer \u00e0 Prefeitura de S\u00e3o Crist\u00f3v\u00e3o<\/strong><br \/>\nO PPS oficializou o nome do empres\u00e1rio Bispo do Gesso, como candidato \u00e0 Prefeitura de S\u00e3o Crist\u00f3v\u00e3o na conven\u00e7\u00e3o realizada no s\u00e1bado (30) \u00e0 noite. O candidato a vice ser\u00e1 o pastor <strong>Jo\u00e3o Bezerra<\/strong>. A chapa &#8216;puro sangue&#8217; contar\u00e1 com o apoio do ex-secret\u00e1rio de Estado da Fazenda, Nilson Lima (PPS).<\/p>\n<p style=\"text-align: justify;\"><strong>prefeito Alex Rocha desiste da reelei\u00e7\u00e3o e vai apoiar Betinho como sucessor<\/strong><br \/>\nO PDT do prefeito Alex Rocha, lan\u00e7ou oficialmente, neste s\u00e1bado (30), durante conven\u00e7\u00e3o do partido, a candidatura do empres\u00e1rio Alberto Santos, do PRP, conhecido como Betinho, ao cargo de prefeito de S\u00e3o Crist\u00f3v\u00e3o.<\/p>\n<p style=\"text-align: justify;\">O candidato a vice-prefeito na chapa de Betinho \u00e9 o vereador Jorge Lisboa, do <strong>PDT<\/strong>, partido do prefeito Alex Rocha, que ter\u00e1 o apoio do <strong>PSC, PTB e PSDB. <\/strong>A coliga\u00e7\u00e3o tamb\u00e9m tem o apoio dos irm\u00e3os Amorim que fazem oposi\u00e7\u00e3o ao governo do estado.<\/p>\n<p style=\"text-align: justify;\"><strong>PMDB confirma candidatura de Wanderl\u00ea e Bet\u00e3o \u00e0 prefeitura de S\u00e3o Crist\u00f3v\u00e3o<\/strong><\/p>\n<div id=\"attachment_35837\" style=\"width: 310px\" class=\"wp-caption alignleft\"><a href=\"http:\/\/senoticias.com.br\/se\/wp-content\/uploads\/2012\/07\/DSCF0331.jpg\"><img loading=\"lazy\" decoding=\"async\" aria-describedby=\"caption-attachment-35837\" class=\"size-medium wp-image-35837\" title=\"DSCF0331\" src=\"http:\/\/senoticias.com.br\/se\/wp-content\/uploads\/2012\/07\/DSCF0331-300x225.jpg\" alt=\"\" width=\"300\" height=\"225\" srcset=\"https:\/\/senoticias.com.br\/se\/wp-content\/uploads\/2012\/07\/DSCF0331-300x225.jpg 300w, https:\/\/senoticias.com.br\/se\/wp-content\/uploads\/2012\/07\/DSCF0331-342x256.jpg 342w, https:\/\/senoticias.com.br\/se\/wp-content\/uploads\/2012\/07\/DSCF0331-60x45.jpg 60w, https:\/\/senoticias.com.br\/se\/wp-content\/uploads\/2012\/07\/DSCF0331-150x113.jpg 150w, https:\/\/senoticias.com.br\/se\/wp-content\/uploads\/2012\/07\/DSCF0331-269x201.jpg 269w, https:\/\/senoticias.com.br\/se\/wp-content\/uploads\/2012\/07\/DSCF0331.jpg 686w\" sizes=\"(max-width: 300px) 100vw, 300px\" \/><\/a><p id=\"caption-attachment-35837\" class=\"wp-caption-text\">Seis Vereadores est\u00e3o na chapa de Wanderl\u00ea e Bet\u00e3o. (Foto: Or\u00e1cio Oliveira\/SE Not\u00edcias)<\/p><\/div>\n<p style=\"text-align: justify;\">O Partido do Movimento Democr\u00e1tico Brasileira (PMDB) oficializou o nome do ex-deputado estadual, professor Wanderl\u00ea, como candidato a prefeito de S\u00e3o Crist\u00f3v\u00e3o. O empres\u00e1rio Bet\u00e3o, do PSD, foi homologado como vice.<\/p>\n<p style=\"text-align: justify;\">A conven\u00e7\u00e3o da chapa <strong>PMDB\/PSD<\/strong> foi realizada durante a tarde do \u00faltimo s\u00e1bado (30) na Pra\u00e7a do Carmo em S\u00e3o Crist\u00f3v\u00e3o. O deputado federal M\u00e1rcio Macedo e os candidatos Wanderl\u00ea e Bet\u00e3o discursaram para a milit\u00e2ncia que compareceu em um grande n\u00famero ao evento.<\/p>\n<p style=\"text-align: justify;\">O primeiro a discursar foi o deputado M\u00e1rcio Macedo, que destacou a import\u00e2ncia da candidatura de Wanderl\u00ea. \u201cEle \u00e9 um homem que agrega, homem de fam\u00edlia, esse \u00e9 o nosso futuro prefeito. Tenho certeza que Wanderl\u00ea ser\u00e1 o nosso prefeito para respeitar os compromissos assumidos com a popula\u00e7\u00e3o. Estarei aqui participando e lutando na campanha\u201d, disse M\u00e1rcio.<\/p>\n<p style=\"text-align: justify;\">J\u00e1 o professor Wanderl\u00ea enalteceu a uni\u00e3o dos partidos que fazem parte de sua coliga\u00e7\u00e3o, e confirmou o compromisso de reconstruir S\u00e3o Crist\u00f3v\u00e3o. \u201cPelo trabalho exemplar que fizemos na Assembl\u00e9ia como deputado e pelas grandes a\u00e7\u00f5es do meu irm\u00e3o Zezinho, quando prefeito, tenho p\u00b4lena convic\u00e7\u00e3o que o povo de S\u00e3o Crist\u00f3v\u00e3o vai saber reconhecer quem realmente trabalha por sua gente. A minha luta agora \u00e9 vencer esta elei\u00e7\u00e3o para junto com o povo e dos meus amigos Jackson Barreto, vice-governador, \u00a0M\u00e1rcio Macedo, deputado federal, os deputados estaduais Jo\u00e3o Daniel e Francisco Gualberto, e o nosso governador Marcelo D\u00e9da reconstruir a nossa cidade\u201d, declarou Wanderl\u00ea.<\/p>\n<p style=\"text-align: justify;\">Bet\u00e3o, como \u00e9 mais conhecido o candidato a vice\u2013prefeito agradeceu o acolhimento recebido pelo grupo e afirmou que a uni\u00e3o de todos vai levar os componentes da coliga\u00e7\u00e3o \u00e0 vit\u00f3ria. \u201c\u00c9 uma honra poder fazer parte deste grupo que me acolheu t\u00e3o bem. \u00c9 atrav\u00e9s da nossa uni\u00e3o que vamos buscar o melhor para a minha querida S\u00e3o Crist\u00f3v\u00e3o, vamos lutar bastante nesta caminhada\u201d, concluiu Bet\u00e3o.<\/p>\n<p style=\"text-align: justify;\">A coliga\u00e7\u00e3o vai disputar as elei\u00e7\u00f5es com <strong>90<\/strong> candidatos a vereador, em um total de tr\u00eas coliga\u00e7\u00f5es proporcionais entre os 8 partidos aliados: <strong>PMDB, PT, PSD, PT do B, PC do B, PSL,PPL e PR.<\/strong><\/p>\n<p style=\"text-align: justify;\"><strong>Nota do Site:<\/strong> cabe aos mais de <strong>50 mil<\/strong> eleitores do munic\u00edpio de S\u00e3o Crist\u00f3v\u00e3o decidir, escolher o melhor dentre os candidatos.<\/p>\n<p style=\"text-align: justify;\"><em><strong><span style=\"color: #666699;\">Por Or\u00e1cio Oliveira\/Reda\u00e7\u00e3o SE Not\u00edcias<\/span><\/strong><\/em><\/p>\n","protected":false},"excerpt":{"rendered":"<p>A corrida pela disputa eleitoral nas elei\u00e7\u00f5es municipais de 2012 ter\u00e1 seis candidatos \u00e0 Prefeitura de S\u00e3o Crist\u00f3v\u00e3o. O resultado \u00e9 das conven\u00e7\u00f5es partid\u00e1rias que movimentaram as articula\u00e7\u00f5es pol\u00edticas na cidade de S\u00e3o Crist\u00f3v\u00e3o durante o \u00faltimo s\u00e1bado (30), data limite para os partidos pol\u00edticos anunciarem candidatos e homologarem alian\u00e7as, conforme o calend\u00e1rio oficial. O [&hellip;]<\/p>\n","protected":false},"author":6554,"featured_media":35837,"comment_status":"closed","ping_status":"closed","sticky":false,"template":"","format":"standard","meta":{"footnotes":""},"categories":[15,38,6,3],"tags":[],"class_list":{"0":"post-35825","1":"post","2":"type-post","3":"status-publish","4":"format-standard","5":"has-post-thumbnail","7":"category-destaques","8":"category-municipios","9":"category-politica","10":"category-saocristovao"},"_links":{"self":[{"href":"https:\/\/senoticias.com.br\/se\/wp-json\/wp\/v2\/posts\/35825"}],"collection":[{"href":"https:\/\/senoticias.com.br\/se\/wp-json\/wp\/v2\/posts"}],"about":[{"href":"https:\/\/senoticias.com.br\/se\/wp-json\/wp\/v2\/types\/post"}],"author":[{"embeddable":true,"href":"https:\/\/senoticias.com.br\/se\/wp-json\/wp\/v2\/users\/6554"}],"replies":[{"embeddable":true,"href":"https:\/\/senoticias.com.br\/se\/wp-json\/wp\/v2\/comments?post=35825"}],"version-history":[{"count":0,"href":"https:\/\/senoticias.com.br\/se\/wp-json\/wp\/v2\/posts\/35825\/revisions"}],"wp:featuredmedia":[{"embeddable":true,"href":"https:\/\/senoticias.com.br\/se\/wp-json\/wp\/v2\/media\/35837"}],"wp:attachment":[{"href":"https:\/\/senoticias.com.br\/se\/wp-json\/wp\/v2\/media?parent=35825"}],"wp:term":[{"taxonomy":"category","embeddable":true,"href":"https:\/\/senoticias.com.br\/se\/wp-json\/wp\/v2\/categories?post=35825"},{"taxonomy":"post_tag","embeddable":true,"href":"https:\/\/senoticias.com.br\/se\/wp-json\/wp\/v2\/tags?post=35825"}],"curies":[{"name":"wp","href":"https:\/\/api.w.org\/{rel}","templated":true}]}}