{"id":35817,"date":"2012-07-01T19:14:59","date_gmt":"2012-07-01T22:14:59","guid":{"rendered":"http:\/\/senoticias.com.br\/se\/?p=35817"},"modified":"2012-07-03T08:18:14","modified_gmt":"2012-07-03T11:18:14","slug":"defendendo-a-continuidade-do-progresso-vino-e-wagner-tem-suas-candidaturas-homologadas","status":"publish","type":"post","link":"https:\/\/senoticias.com.br\/se\/defendendo-a-continuidade-do-progresso-vino-e-wagner-tem-suas-candidaturas-homologadas\/","title":{"rendered":"Defendendo a continuidade do progresso, Vino e Wagner tem suas candidaturas homologadas"},"content":{"rendered":"<p style=\"text-align: justify;\"><span style=\"color: #333333;\"><strong>\u201cO povo de Ros\u00e1rio n\u00e3o pode voltar ao passado, ao per\u00edodo da humilha\u00e7\u00e3o. Temos que avan\u00e7ar para consolidar o desenvolvimento do nosso munic\u00edpio&#8221;<\/strong><\/span><\/p>\n<div id=\"attachment_35961\" style=\"width: 310px\" class=\"wp-caption alignleft\"><a href=\"http:\/\/senoticias.com.br\/se\/wp-content\/uploads\/2012\/07\/Conven%C3%A7%C3%A3o.jpg\"><img loading=\"lazy\" decoding=\"async\" aria-describedby=\"caption-attachment-35961\" class=\"size-medium wp-image-35961\" title=\"Conven\u00e7\u00e3o\" src=\"http:\/\/senoticias.com.br\/se\/wp-content\/uploads\/2012\/07\/Conven%C3%A7%C3%A3o-300x225.jpg\" alt=\"\" width=\"300\" height=\"225\" \/><\/a><p id=\"caption-attachment-35961\" class=\"wp-caption-text\">Vino e Wagner tem candidatura homologada. (Foto: J.A.S)<\/p><\/div>\n<p style=\"text-align: justify;\">Foi com esse discurso que o prefeito Etelvino Barreto (PMDB) teve seu nome homologado, neste s\u00e1bado, como candidato \u00e0 prefeito de Ros\u00e1rio do Catete, no pr\u00f3ximo dia 07 de outubro, liderando a coliga\u00e7\u00e3o \u201cRos\u00e1rio Unido&#8221;, tendo como candidato a vice-prefeito, tamb\u00e9m homologado na conven\u00e7\u00e3o do Partido Socialista Brasileiro, o ex-prefeito Wagner Quintela.<\/p>\n<p style=\"text-align: justify;\">\u201cEste \u00e9 um momento hist\u00f3rico para Ros\u00e1rio do Catete, porque em nome do povo e do progresso do nosso munic\u00edpio as duas principais lideran\u00e7as est\u00e3o unidas para consolidar o desenvolvimento da nossa cidade&#8221;, enfatizou Vino, como \u00e9 carinhosamente conhecido.<\/p>\n<p style=\"text-align: justify;\">Em seu discurso, o ex-prefeito Wagner Quintela enfatizou que a chapa representa a for\u00e7a da juventude, a seriedade, o compromisso com o povo, a \u00e9tica na pol\u00edtica, a honestidade e o zelo com o dinheiro p\u00fablico.<\/p>\n<p style=\"text-align: justify;\">\u201cComo diz o meu amigo Vino, e pra frente que se anda, caranguejo e quem anda pra tr\u00e1s. E Ros\u00e1rio n\u00e3o quer voltar a \u00e9poca do atraso, da falta de respeito ao servidor p\u00fablico, da humilhac\u00e3o aos benefici\u00e1rios do Bolsa PIS. Enfim, nosso povo n\u00e3o quer ver Ros\u00e1rio nas paginas de jornais, a exemplo da Operac\u00e3o Fox da Pol\u00edcia Federal, que algemou o nosso advers\u00e1rio por pr\u00e1tica de irregularidades. Esse momento negro tem que ficar no passado de nossa historia. Portanto, tenho plena convic\u00e7\u00e3o que estamos no caminho certo e que esta chapa ser\u00e1 vitoriosa no dia 7 de outubro, porque o povo clama pela continuidade desse projeto. Com Deus ao nosso lado e a forca na nossa gente, nao tenho d\u00favidas que a vitoria \u00e9 certa&#8221;, declarou Wagner.<\/p>\n<p style=\"text-align: justify;\">A coligac\u00e3o &#8220;Ros\u00e1rio Unido&#8221;, aglutina oito siglas partid\u00e1rias, sendo formada pelos partidos: <strong>PMDB, PSB, PCDOB, PSDB, PDT, PTN, PP e PRP.<\/strong><\/p>\n<p style=\"text-align: justify;\">O evento, realizado no auditorio da C\u00e2mara Municipal de Vereadores, contou com a presen\u00e7a de centenas de lideran\u00e7as pol\u00edticas, comunitarias, al\u00e9m dos pr\u00e9-candidatos a vereador. Ap\u00f3s o termino da solenidade, os candidatos a chapa majorit\u00e1ria foram recepcionados pela popula\u00e7\u00e3o, que os aguardava do lado de fora.<\/p>\n<p style=\"text-align: justify;\"><strong>Da Empauta Comunica\u00e7\u00e3o<br \/>\n<\/strong><\/p>\n","protected":false},"excerpt":{"rendered":"<p>\u201cO povo de Ros\u00e1rio n\u00e3o pode voltar ao passado, ao per\u00edodo da humilha\u00e7\u00e3o. Temos que avan\u00e7ar para consolidar o desenvolvimento do nosso munic\u00edpio&#8221; Foi com esse discurso que o prefeito Etelvino Barreto (PMDB) teve seu nome homologado, neste s\u00e1bado, como candidato \u00e0 prefeito de Ros\u00e1rio do Catete, no pr\u00f3ximo dia 07 de outubro, liderando a [&hellip;]<\/p>\n","protected":false},"author":3,"featured_media":35961,"comment_status":"closed","ping_status":"closed","sticky":false,"template":"","format":"standard","meta":{"footnotes":""},"categories":[38,6],"tags":[],"class_list":{"0":"post-35817","1":"post","2":"type-post","3":"status-publish","4":"format-standard","5":"has-post-thumbnail","7":"category-municipios","8":"category-politica"},"_links":{"self":[{"href":"https:\/\/senoticias.com.br\/se\/wp-json\/wp\/v2\/posts\/35817"}],"collection":[{"href":"https:\/\/senoticias.com.br\/se\/wp-json\/wp\/v2\/posts"}],"about":[{"href":"https:\/\/senoticias.com.br\/se\/wp-json\/wp\/v2\/types\/post"}],"author":[{"embeddable":true,"href":"https:\/\/senoticias.com.br\/se\/wp-json\/wp\/v2\/users\/3"}],"replies":[{"embeddable":true,"href":"https:\/\/senoticias.com.br\/se\/wp-json\/wp\/v2\/comments?post=35817"}],"version-history":[{"count":0,"href":"https:\/\/senoticias.com.br\/se\/wp-json\/wp\/v2\/posts\/35817\/revisions"}],"wp:featuredmedia":[{"embeddable":true,"href":"https:\/\/senoticias.com.br\/se\/wp-json\/wp\/v2\/media\/35961"}],"wp:attachment":[{"href":"https:\/\/senoticias.com.br\/se\/wp-json\/wp\/v2\/media?parent=35817"}],"wp:term":[{"taxonomy":"category","embeddable":true,"href":"https:\/\/senoticias.com.br\/se\/wp-json\/wp\/v2\/categories?post=35817"},{"taxonomy":"post_tag","embeddable":true,"href":"https:\/\/senoticias.com.br\/se\/wp-json\/wp\/v2\/tags?post=35817"}],"curies":[{"name":"wp","href":"https:\/\/api.w.org\/{rel}","templated":true}]}}