{"id":35809,"date":"2012-07-01T17:34:45","date_gmt":"2012-07-01T20:34:45","guid":{"rendered":"http:\/\/senoticias.com.br\/se\/?p=35809"},"modified":"2013-05-18T12:59:51","modified_gmt":"2013-05-18T15:59:51","slug":"confirmado-alex-rocha-desiste-de-reeleicao-e-vai-apoiar-betinho-como-sucessor","status":"publish","type":"post","link":"https:\/\/senoticias.com.br\/se\/confirmado-alex-rocha-desiste-de-reeleicao-e-vai-apoiar-betinho-como-sucessor\/","title":{"rendered":"Confirmado: prefeito Alex Rocha desiste da reelei\u00e7\u00e3o e vai apoiar Betinho como sucessor"},"content":{"rendered":"<p><span style=\"color: #333333;\"><strong>O Vereador Jorge Lisboa do PDT \u00e9 o candidato \u00e0 vice na chapa.<\/strong><\/span><\/p>\n<div id=\"attachment_35810\" style=\"width: 310px\" class=\"wp-caption alignleft\"><a href=\"http:\/\/senoticias.com.br\/se\/wp-content\/uploads\/2012\/07\/Betinho-Prociss%C3%A3oI.jpg\"><img loading=\"lazy\" decoding=\"async\" aria-describedby=\"caption-attachment-35810\" class=\"size-medium wp-image-35810\" title=\"Betinho Prociss\u00e3oI\" src=\"http:\/\/senoticias.com.br\/se\/wp-content\/uploads\/2012\/07\/Betinho-Prociss%C3%A3oI-300x285.jpg\" alt=\"Betinho foi confirmado como candidato de Alex Rocha. (Foto: Reprodu\u00e7\u00e3o)\" width=\"300\" height=\"285\" \/><\/a><p id=\"caption-attachment-35810\" class=\"wp-caption-text\">Betinho foi confirmado como candidato de Alex Rocha. (Foto: arquivo Gladston Barroso.)<\/p><\/div>\n<p style=\"text-align: justify;\">O PDT do prefeito Alex Rocha, lan\u00e7ou oficialmente, neste s\u00e1bado (30), durante conven\u00e7\u00e3o do partido, a candidatura do empres\u00e1rio Alberto Santos, do (PRP), conhecido como Betinho, ao cargo de prefeito de S\u00e3o Crist\u00f3v\u00e3o. A conven\u00e7\u00e3o do PDT foi realizada no sal\u00e3o de festas na Pra\u00e7a da Bandeira, na cidade de S\u00e3o Crist\u00f3v\u00e3o. O candidato a vice-prefeito de S\u00e3o Crist\u00f3v\u00e3o na chapa de Betinho e o vereador Jorge Lisboa (PDT), que ter\u00e1 o apoio do PSC, PTB e PSDB.<\/p>\n<p style=\"text-align: justify;\">Pedidos da fam\u00edlia fez o <strong>presidente da C\u00e2mara, Paulinho dos Correios desistir<\/strong> de ser o candidato de Alex Rocha \u00e0 prefeitura de S\u00e3o Crist\u00f3v\u00e3o, horas depois de ter sido anunciado como pr\u00e9-candidato. A desist\u00eancia de Paulinho deixou o PDT de Alex Rocha com a necessidade de definir outro nome. Segundo informa\u00e7\u00f5es colhidas pela reportagem do SE Not\u00edcias, durante as conversa\u00e7\u00f5es ficou bem claro que Alex Rocha chamou somente pra si a prerrogativa da escolha de Betinho como seu candidato. Se depender da vontade dele, a chave do cofre ser\u00e1 repassada a Betinho, homem de sua inteira confian\u00e7a.<\/p>\n<p style=\"text-align: justify;\"><em><strong>Por Reda\u00e7\u00e3o SE Not\u00edcias<\/strong><\/em><\/p>\n","protected":false},"excerpt":{"rendered":"<p>O Vereador Jorge Lisboa do PDT \u00e9 o candidato \u00e0 vice na chapa. O PDT do prefeito Alex Rocha, lan\u00e7ou oficialmente, neste s\u00e1bado (30), durante conven\u00e7\u00e3o do partido, a candidatura do empres\u00e1rio Alberto Santos, do (PRP), conhecido como Betinho, ao cargo de prefeito de S\u00e3o Crist\u00f3v\u00e3o. A conven\u00e7\u00e3o do PDT foi realizada no sal\u00e3o de [&hellip;]<\/p>\n","protected":false},"author":3,"featured_media":35810,"comment_status":"closed","ping_status":"closed","sticky":false,"template":"","format":"standard","meta":{"footnotes":""},"categories":[38,3],"tags":[],"class_list":{"0":"post-35809","1":"post","2":"type-post","3":"status-publish","4":"format-standard","5":"has-post-thumbnail","7":"category-municipios","8":"category-saocristovao"},"_links":{"self":[{"href":"https:\/\/senoticias.com.br\/se\/wp-json\/wp\/v2\/posts\/35809"}],"collection":[{"href":"https:\/\/senoticias.com.br\/se\/wp-json\/wp\/v2\/posts"}],"about":[{"href":"https:\/\/senoticias.com.br\/se\/wp-json\/wp\/v2\/types\/post"}],"author":[{"embeddable":true,"href":"https:\/\/senoticias.com.br\/se\/wp-json\/wp\/v2\/users\/3"}],"replies":[{"embeddable":true,"href":"https:\/\/senoticias.com.br\/se\/wp-json\/wp\/v2\/comments?post=35809"}],"version-history":[{"count":0,"href":"https:\/\/senoticias.com.br\/se\/wp-json\/wp\/v2\/posts\/35809\/revisions"}],"wp:featuredmedia":[{"embeddable":true,"href":"https:\/\/senoticias.com.br\/se\/wp-json\/wp\/v2\/media\/35810"}],"wp:attachment":[{"href":"https:\/\/senoticias.com.br\/se\/wp-json\/wp\/v2\/media?parent=35809"}],"wp:term":[{"taxonomy":"category","embeddable":true,"href":"https:\/\/senoticias.com.br\/se\/wp-json\/wp\/v2\/categories?post=35809"},{"taxonomy":"post_tag","embeddable":true,"href":"https:\/\/senoticias.com.br\/se\/wp-json\/wp\/v2\/tags?post=35809"}],"curies":[{"name":"wp","href":"https:\/\/api.w.org\/{rel}","templated":true}]}}