{"id":35776,"date":"2012-07-01T08:13:27","date_gmt":"2012-07-01T11:13:27","guid":{"rendered":"http:\/\/senoticias.com.br\/se\/?p=35776"},"modified":"2012-07-02T18:41:19","modified_gmt":"2012-07-02T21:41:19","slug":"cantor-pedro-ganha-reencontro-e-beijos-da-filha-no-dia-do-aniversario","status":"publish","type":"post","link":"https:\/\/senoticias.com.br\/se\/cantor-pedro-ganha-reencontro-e-beijos-da-filha-no-dia-do-aniversario\/","title":{"rendered":"Cantor Pedro ganha reencontro e beijos da filha no dia do anivers\u00e1rio"},"content":{"rendered":"<p><span style=\"color: #333333;\"><strong>Pedro completou 25 anos, na sexta-feira (29) e ganhou festa em hospital.<\/strong><\/span><br \/>\n<span style=\"color: #333333;\"><strong>&#8216;Vou sair hoje?&#8217;, perguntou cantor, sonhando em ver jogo do Corinthians.<\/strong><\/span><\/p>\n<div id=\"attachment_35781\" style=\"width: 235px\" class=\"wp-caption alignleft\"><a href=\"http:\/\/senoticias.com.br\/se\/wp-content\/uploads\/2012\/06\/mp_ae.jpg\"><img loading=\"lazy\" decoding=\"async\" aria-describedby=\"caption-attachment-35781\" class=\"size-medium wp-image-35781\" title=\"mp_ae\" src=\"http:\/\/senoticias.com.br\/se\/wp-content\/uploads\/2012\/06\/mp_ae-225x300.jpg\" alt=\"\" width=\"225\" height=\"300\" srcset=\"https:\/\/senoticias.com.br\/se\/wp-content\/uploads\/2012\/06\/mp_ae-225x300.jpg 225w, https:\/\/senoticias.com.br\/se\/wp-content\/uploads\/2012\/06\/mp_ae.jpg 300w\" sizes=\"(max-width: 225px) 100vw, 225px\" \/><\/a><p id=\"caption-attachment-35781\" class=\"wp-caption-text\">Tha\u00eds Gebelein e a filha na entrada para o anivers\u00e1rio de Pedro no S\u00edrio. (Foto: Renato S. Cerqueira\/Futura Press\/AE)<\/p><\/div>\n<p style=\"text-align: justify;\">O cantor Pedro Leonardo, enfim, matou a saudade da filha Sofia na sexta-feira (29). O reencontro com a menina e os beijos dela foram seu principal presente de anivers\u00e1rio: \u00e9 a primeira vez que ele a reencontra desde o acidente.<\/p>\n<p style=\"text-align: justify;\">De acordo com Ede Cury,\u00a0 assessora do sertanejo Leonardo, pai de Pedro, a pequena Sofia entrou no quarto mandando beijos para todos os lados. A filha, que tem um ano, foi levada ao S\u00edrio-Liban\u00eas, em S\u00e3o Paulo, pela m\u00e3e, a arquiteta Tha\u00eds Gebelein.<\/p>\n<p style=\"text-align: justify;\">Ao receber a garotinha, Pedro ficou emocionado, abra\u00e7ou a filha, a beijou muito e a pegou no colo. Em seguida, chorou, segundo a assessora. Sofia j\u00e1 havia estado no hospital durante a interna\u00e7\u00e3o, mas Pedro n\u00e3o tinha recobrado a consci\u00eancia.<\/p>\n<p style=\"text-align: justify;\">Ede Cury contou que Pedro pensou que poderia receber alta nesta sexta. \u201cO doutor Roberto Kalil brincou: \u2018Vai sair logo, n\u00e9?\u2019 Pedro respondeu: \u2018Vou sair hoje? \u201c, contou Ede. Pedro chegou a comentar que pensou que poderia assistir ao jogo do Corinthians fora do hospital.<\/p>\n<p style=\"text-align: justify;\">Fan\u00e1tico pelo time, o cantor reclamou ao encontrar, no quarto do hospital, bal\u00f5es amarelos e azuis. \u201cS\u00e3o as cores do Boca\u201d, disse Pedro, segundo Ede.<\/p>\n<p style=\"text-align: justify;\">Nesta tarde, os m\u00e9dicos fizeram uma concess\u00e3o e deixaram que Pedro comesse o que quisesse, mas ele ficou na d\u00favida e n\u00e3o escolheu um card\u00e1pio especial.<\/p>\n<p style=\"text-align: justify;\">O cantor recebeu muitos telefonemas, inclusive do pai, que faz em show no Nordeste. Segundo Ede, ele n\u00e3o ficou chateado com a aus\u00eancia de Leonardo. Outra aus\u00eancia perdoada foi a do primo Thiago, que comp\u00f5e a dupla sertaneja com Pedro. Nesta noite, ele se apresenta sozinho em Pernambuco.<\/p>\n<p style=\"text-align: justify;\">A assessora Ede Cury tamb\u00e9m disse que Pedro recebeu muitos presentes, inclusive de alguns f\u00e3s, mas que s\u00f3 deve abri-los no s\u00e1bado (30).<\/p>\n<p style=\"text-align: justify;\">A mulher do cantor e a filha chegaram \u00e0s 15h55 desta sexta-feira (29) no Hospital S\u00edrio-Liban\u00eas, na regi\u00e3o central de S\u00e3o Paulo, para a comemora\u00e7\u00e3o de anivers\u00e1rio do cantor, que completa 25 anos. &#8220;\u00c9 um dia importante demais, tem que agradecer a Deus&#8221;, disse a arquiteta ao chegar ao hospital.<\/p>\n<p style=\"text-align: justify;\">Uma das irm\u00e3s do cantor, Tha\u00eds Miziara lembrou ao chegar ao hospital que o tema da festa foi o super-her\u00f3i Batman. \u201cEle desde pequeno \u00e9 apaixonado pelo Batman, entre todos os her\u00f3is, \u00e9 o que ele mais gosta\u201d, contou Tha\u00eds. \u201cA cada dia ele est\u00e1 melhor, \u00e9 surpreendente a melhora.\u201d<\/p>\n<p style=\"text-align: justify;\"><strong>Dieta<\/strong><\/p>\n<p style=\"text-align: justify;\">De acordo com a assessora, a dieta de Pedro est\u00e1 quase toda liberada &#8211; ele s\u00f3 n\u00e3o pode ingerir alimentos crus. Por conta disso, a festa teria bolo, doces e salgadinhos, al\u00e9m de bexigas e enfeites do personagem.<\/p>\n<p style=\"text-align: justify;\">Pedro foi transferido da Unidade de Terapia Semi-Intensiva para um quarto em 3 de junho. Desde ent\u00e3o, come\u00e7ou tratamentos com fisioterapia e sess\u00f5es com uma fonoaudi\u00f3loga. Nesta quinta-feira (28), o cantor andou pela primeira vez em uma esteira.<\/p>\n<p style=\"text-align: justify;\">\u201cHoje ele andou 10 minutos [na esteira]. Est\u00e1 bem, consciente e se recuperando\u201d, afirmou Ede na quinta-feira (28). \u201c\u00c9 poss\u00edvel que semana que vem haja uma avalia\u00e7\u00e3o m\u00e9dica sobre uma data para alta, mas ainda n\u00e3o \u00e9 poss\u00edvel afirmar quando.\u201d A expectativa \u00e9 que ele saia do hospital em julho.<\/p>\n<p><span style=\"color: #333333;\"><strong>Paulo Toledo Piza Do G1 SP<\/strong><\/span><\/p>\n","protected":false},"excerpt":{"rendered":"<p>Pedro completou 25 anos, na sexta-feira (29) e ganhou festa em hospital. &#8216;Vou sair hoje?&#8217;, perguntou cantor, sonhando em ver jogo do Corinthians. O cantor Pedro Leonardo, enfim, matou a saudade da filha Sofia na sexta-feira (29). O reencontro com a menina e os beijos dela foram seu principal presente de anivers\u00e1rio: \u00e9 a primeira [&hellip;]<\/p>\n","protected":false},"author":3,"featured_media":35781,"comment_status":"closed","ping_status":"closed","sticky":false,"template":"","format":"standard","meta":{"footnotes":""},"categories":[38,43],"tags":[],"class_list":{"0":"post-35776","1":"post","2":"type-post","3":"status-publish","4":"format-standard","5":"has-post-thumbnail","7":"category-municipios","8":"category-voce-reporter"},"_links":{"self":[{"href":"https:\/\/senoticias.com.br\/se\/wp-json\/wp\/v2\/posts\/35776"}],"collection":[{"href":"https:\/\/senoticias.com.br\/se\/wp-json\/wp\/v2\/posts"}],"about":[{"href":"https:\/\/senoticias.com.br\/se\/wp-json\/wp\/v2\/types\/post"}],"author":[{"embeddable":true,"href":"https:\/\/senoticias.com.br\/se\/wp-json\/wp\/v2\/users\/3"}],"replies":[{"embeddable":true,"href":"https:\/\/senoticias.com.br\/se\/wp-json\/wp\/v2\/comments?post=35776"}],"version-history":[{"count":0,"href":"https:\/\/senoticias.com.br\/se\/wp-json\/wp\/v2\/posts\/35776\/revisions"}],"wp:featuredmedia":[{"embeddable":true,"href":"https:\/\/senoticias.com.br\/se\/wp-json\/wp\/v2\/media\/35781"}],"wp:attachment":[{"href":"https:\/\/senoticias.com.br\/se\/wp-json\/wp\/v2\/media?parent=35776"}],"wp:term":[{"taxonomy":"category","embeddable":true,"href":"https:\/\/senoticias.com.br\/se\/wp-json\/wp\/v2\/categories?post=35776"},{"taxonomy":"post_tag","embeddable":true,"href":"https:\/\/senoticias.com.br\/se\/wp-json\/wp\/v2\/tags?post=35776"}],"curies":[{"name":"wp","href":"https:\/\/api.w.org\/{rel}","templated":true}]}}