{"id":35769,"date":"2012-06-30T23:47:53","date_gmt":"2012-07-01T02:47:53","guid":{"rendered":"http:\/\/senoticias.com.br\/se\/?p=35769"},"modified":"2012-06-30T23:48:26","modified_gmt":"2012-07-01T02:48:26","slug":"valmir-de-francisquinho-realiza-convencao-e-anuncia-lourdinha-machado-como-vice","status":"publish","type":"post","link":"https:\/\/senoticias.com.br\/se\/valmir-de-francisquinho-realiza-convencao-e-anuncia-lourdinha-machado-como-vice\/","title":{"rendered":"Valmir de Francisquinho realiza conven\u00e7\u00e3o e anuncia Lourdinha Machado como vice"},"content":{"rendered":"<div id=\"attachment_35770\" style=\"width: 310px\" class=\"wp-caption alignleft\"><a href=\"http:\/\/senoticias.com.br\/se\/wp-content\/uploads\/2012\/06\/valmir-conversa.jpg\"><img loading=\"lazy\" decoding=\"async\" aria-describedby=\"caption-attachment-35770\" class=\"size-medium wp-image-35770\" title=\"valmir-conversa\" src=\"http:\/\/senoticias.com.br\/se\/wp-content\/uploads\/2012\/06\/valmir-conversa-300x225.jpg\" alt=\"\" width=\"300\" height=\"225\" srcset=\"https:\/\/senoticias.com.br\/se\/wp-content\/uploads\/2012\/06\/valmir-conversa-300x225.jpg 300w, https:\/\/senoticias.com.br\/se\/wp-content\/uploads\/2012\/06\/valmir-conversa-342x256.jpg 342w, https:\/\/senoticias.com.br\/se\/wp-content\/uploads\/2012\/06\/valmir-conversa-60x45.jpg 60w, https:\/\/senoticias.com.br\/se\/wp-content\/uploads\/2012\/06\/valmir-conversa-150x113.jpg 150w, https:\/\/senoticias.com.br\/se\/wp-content\/uploads\/2012\/06\/valmir-conversa-269x201.jpg 269w, https:\/\/senoticias.com.br\/se\/wp-content\/uploads\/2012\/06\/valmir-conversa.jpg 640w\" sizes=\"(max-width: 300px) 100vw, 300px\" \/><\/a><p id=\"caption-attachment-35770\" class=\"wp-caption-text\">Valmir de Francisquinho realiza conven\u00e7\u00e3o e anuncia Lourdinha Machado como vice. (Reprodu\u00e7\u00e3o)<\/p><\/div>\n<p style=\"text-align: justify;\">Neste s\u00e1bado, dia 30 de Junho, aconteceu na C\u00e2mara de Vereadores de Itabaiana a conven\u00e7\u00e3o de Valmir dos Santos Costa, Valmir de Francisquinho (PR), onde foi anunciado o nome de Lourdes Machado (PSDB), como vice.<\/p>\n<p style=\"text-align: justify;\">A solenidade de homologa\u00e7\u00e3o da chapa iniciou por voltas das 16h45, onde a oradora do evento, a radialista Ana Mendon\u00e7a apresentou a mesa saudando a todos os presentes. Em seguida, a deputada Estadual, Maria Mendon\u00e7a (PSB), fez o uso da palavra e anunciou os nomes dos vereadores.<\/p>\n<p style=\"text-align: justify;\">Na solenidade, esteve presente o deputado Estadual, Ven\u00e2ncio Fonseca (PP), que tem como aliado em Itabaiana, Arivaldo Resende, o Vardo da Lot\u00e9rica (PP), que deixou o grupo de situa\u00e7\u00e3o, e se aliou a bancada de Valmir. Ainda estiveram presentes o deputado Federal La\u00e9rcio Oliveira (PR), e o deputado Andr\u00e9 Moura (PSC).<\/p>\n<p style=\"text-align: justify;\">O an\u00fancio do nome da vice foi o momento mais aguardado de todos presentes, e foi divulgado oficialmente ap\u00f3s a chegada dos irm\u00e3os Eduardo e Edvan Amorim. Chapa formada Lourdinha Machado (PSDB) e Valmir dos Santos Costa (PR), o nome de Lourdinha teve a libera\u00e7\u00e3o do presidente do PSDB estadual, Jos\u00e9 Carlos Machado.<\/p>\n<p style=\"text-align: justify;\">Lourdinha atualmente \u00e9 a vice de Luciano Bispo (PMDB), e tenta pelo grupo de oposi\u00e7\u00e3o pleitear mais uma vez o cargo.<\/p>\n<p><strong>Vereadores com candidatura homologada na conven\u00e7\u00e3o:<\/strong><\/p>\n<p><strong>PR<\/strong><br \/>\nADELSON PEREIRA SANTOS<br \/>\nFABIANO ALVES DE SOUZA<br \/>\nGLADYS SELMA JESUS<br \/>\nMOACIR IM\u00d3VEIS<br \/>\nPROFESSOR PAULO CESAR<br \/>\nSERGIO TAVARES<br \/>\nVINICIUS DE ZEQUINHA DE M\u00cdDIA<br \/>\n<strong>PSB<\/strong><br \/>\nVERENILSON MESQUITA<br \/>\nJHONATAS LIMA<br \/>\nWILSON REIS<br \/>\nJO\u00c3O C\u00c2NDIDO<br \/>\nZ\u00c9 TELES<br \/>\nROOSEVELT SANTANA<br \/>\nLENA DA MANGUEIRA<br \/>\nCONCEI\u00c7\u00c3O DOS REM\u00c9DIOS<br \/>\n<strong>PRP<\/strong><br \/>\nWELTON KLAY<br \/>\nVALDEOGENES DOS SANTOS (Jorge)<br \/>\nDAVID DE NEM TONHO DE GL\u00d3RIA<br \/>\n<strong>PDT<\/strong><br \/>\nVANDERLEI ALVES DOS SANTOS<br \/>\n<strong>PMN<\/strong><br \/>\nLUCIANO REZENDE<br \/>\nRAMONA REIS<br \/>\n<strong>PTdoB<\/strong><br \/>\nABRA\u00c3O FLORESTA<br \/>\n<strong>PSC<\/strong><br \/>\nHELENO DE ACIOLE<br \/>\n<strong>PP<\/strong><br \/>\nVARDO DA LOT\u00c9RICA<br \/>\n<strong>PTC<\/strong><br \/>\nZOMAS<br \/>\n<strong>PV<\/strong><br \/>\nWALDISON DINIZ SANTOS<br \/>\nRENY DA ELETR\u00d4NICA<\/p>\n<p><span style=\"color: #333333;\"><strong>Da reda\u00e7\u00e3o Itnet, Aparecido Santana.<\/strong><\/span><\/p>\n","protected":false},"excerpt":{"rendered":"<p>Neste s\u00e1bado, dia 30 de Junho, aconteceu na C\u00e2mara de Vereadores de Itabaiana a conven\u00e7\u00e3o de Valmir dos Santos Costa, Valmir de Francisquinho (PR), onde foi anunciado o nome de Lourdes Machado (PSDB), como vice. A solenidade de homologa\u00e7\u00e3o da chapa iniciou por voltas das 16h45, onde a oradora do evento, a radialista Ana Mendon\u00e7a [&hellip;]<\/p>\n","protected":false},"author":3,"featured_media":35770,"comment_status":"closed","ping_status":"closed","sticky":false,"template":"","format":"standard","meta":{"footnotes":""},"categories":[38],"tags":[],"class_list":{"0":"post-35769","1":"post","2":"type-post","3":"status-publish","4":"format-standard","5":"has-post-thumbnail","7":"category-municipios"},"_links":{"self":[{"href":"https:\/\/senoticias.com.br\/se\/wp-json\/wp\/v2\/posts\/35769"}],"collection":[{"href":"https:\/\/senoticias.com.br\/se\/wp-json\/wp\/v2\/posts"}],"about":[{"href":"https:\/\/senoticias.com.br\/se\/wp-json\/wp\/v2\/types\/post"}],"author":[{"embeddable":true,"href":"https:\/\/senoticias.com.br\/se\/wp-json\/wp\/v2\/users\/3"}],"replies":[{"embeddable":true,"href":"https:\/\/senoticias.com.br\/se\/wp-json\/wp\/v2\/comments?post=35769"}],"version-history":[{"count":0,"href":"https:\/\/senoticias.com.br\/se\/wp-json\/wp\/v2\/posts\/35769\/revisions"}],"wp:featuredmedia":[{"embeddable":true,"href":"https:\/\/senoticias.com.br\/se\/wp-json\/wp\/v2\/media\/35770"}],"wp:attachment":[{"href":"https:\/\/senoticias.com.br\/se\/wp-json\/wp\/v2\/media?parent=35769"}],"wp:term":[{"taxonomy":"category","embeddable":true,"href":"https:\/\/senoticias.com.br\/se\/wp-json\/wp\/v2\/categories?post=35769"},{"taxonomy":"post_tag","embeddable":true,"href":"https:\/\/senoticias.com.br\/se\/wp-json\/wp\/v2\/tags?post=35769"}],"curies":[{"name":"wp","href":"https:\/\/api.w.org\/{rel}","templated":true}]}}