{"id":35763,"date":"2012-06-30T19:04:14","date_gmt":"2012-06-30T22:04:14","guid":{"rendered":"http:\/\/senoticias.com.br\/se\/?p=35763"},"modified":"2012-06-30T19:04:37","modified_gmt":"2012-06-30T22:04:37","slug":"fechado-o-entendimento-entre-joao-alves-e-o-grupo-dos-amorim","status":"publish","type":"post","link":"https:\/\/senoticias.com.br\/se\/fechado-o-entendimento-entre-joao-alves-e-o-grupo-dos-amorim\/","title":{"rendered":"Fechado o entendimento entre Jo\u00e3o Alves e o grupo dos Amorim"},"content":{"rendered":"<p style=\"text-align: justify;\"><a href=\"%20http:\/\/katiasantana.com.br\/home\/blog.php?id=8262\" target=\"_blank\"><span style=\"color: #333333;\"><strong>Do Blog de K\u00e1tia Santana<\/strong><\/span><\/a><\/p>\n<div id=\"attachment_35764\" style=\"width: 213px\" class=\"wp-caption alignleft\"><a href=\"http:\/\/senoticias.com.br\/se\/wp-content\/uploads\/2012\/06\/Machado.jpeg\"><img loading=\"lazy\" decoding=\"async\" aria-describedby=\"caption-attachment-35764\" class=\"size-full wp-image-35764\" title=\"Machado\" src=\"http:\/\/senoticias.com.br\/se\/wp-content\/uploads\/2012\/06\/Machado.jpeg\" alt=\"\" width=\"203\" height=\"248\" \/><\/a><p id=\"caption-attachment-35764\" class=\"wp-caption-text\">Jo\u00e3o Alves e Machado agradecem o apoio do grupo liderado pelos irm\u00e3os Amorim. (Reprodu\u00e7\u00e3o)<\/p><\/div>\n<p style=\"text-align: justify;\">Depois de longas e sucessivas conversas, o ex-governador Jo\u00e3o Alves Filho (DEM) e os irm\u00e3os Eduardo e Edivan Amorim selaram a alian\u00e7a, visando o processo eleitoral deste ano.<\/p>\n<p style=\"text-align: justify;\">A decis\u00e3o foi fechada por volta das duas horas da madrugada, depois de v\u00e1rias reuni\u00f5es das quais participaram Jo\u00e3o, o ex-deputado federal Jos\u00e9 Carlos Machado &#8211; que \u00e9 o candidato a vice &#8211; o deputado federal Andr\u00e9 Moura, presidente estadual do PSC, o deputado estadual Ven\u00e2ncio Fonseca (PP), e outros aliados de ambos os lados.<\/p>\n<p style=\"text-align: justify;\">Antes do in\u00edcio da conven\u00e7\u00e3o e do discurso final, durante toda a manh\u00e3, ocorrem v\u00e1rias reuni\u00f5es para ajustar alguns detalhes com l\u00edderes dos partidos do bloco. \u201cHavia uma expectativa muito grande em torno dessa alian\u00e7a. 95% dos democratas ansiavam por isso\u201d, declarou Ven\u00e2ncio, que chegou a anunciar que seria pr\u00e9-candidato, atendendo a uma \u201corienta\u00e7\u00e3o\u201d da dire\u00e7\u00e3o nacional do se partido.<\/p>\n<p style=\"text-align: justify;\">Ningu\u00e9m quis falar nos moldes do entendimento, mas o que se comenta nos bastidores \u00e9 de que algumas condi\u00e7\u00f5es foram definidas, visando o processo eleitoral de 2014. N\u00e3o havendo possibilidade de acordo com Jo\u00e3o, os Amorim chegaram a cogitar uma alian\u00e7a com o deputado federal Jos\u00e9 Almeida Lima (PPS), que na sexta-feira, circulou ao lado de Andr\u00e9 Moura por alguns munic\u00edpios sergipanos.<\/p>\n<p style=\"text-align: justify;\">\u201cSeria Almeida Lima. Est\u00e1vamos conversando e tudo se encaminhando para isso, mas Machado telefonou para Amorim e disse que pretendia ter uma nova conversa, pois vislumbrava uma luz\u201d, afirmou um dos l\u00edderes que participaram de todas as conversas, ao pedir reservas do ano.<\/p>\n<p style=\"text-align: justify;\">Com a composi\u00e7\u00e3o, Jo\u00e3o passa a contar com cerca de dez minutos de tempo de televis\u00e3o, durante o hor\u00e1rio eleitoral gratuito. O deputado federal Ant\u00f4nio Carlos Valadares Filho (PSB), cujo vice \u00e9 a deputada estadual Concei\u00e7\u00e3o Vieira (PT), tem algo em torno de 14 minutos dispon\u00edveis.<\/p>\n<p style=\"text-align: justify;\">\n","protected":false},"excerpt":{"rendered":"<p>Do Blog de K\u00e1tia Santana Depois de longas e sucessivas conversas, o ex-governador Jo\u00e3o Alves Filho (DEM) e os irm\u00e3os Eduardo e Edivan Amorim selaram a alian\u00e7a, visando o processo eleitoral deste ano. A decis\u00e3o foi fechada por volta das duas horas da madrugada, depois de v\u00e1rias reuni\u00f5es das quais participaram Jo\u00e3o, o ex-deputado federal [&hellip;]<\/p>\n","protected":false},"author":3,"featured_media":35764,"comment_status":"closed","ping_status":"closed","sticky":false,"template":"","format":"standard","meta":{"footnotes":""},"categories":[6],"tags":[],"class_list":{"0":"post-35763","1":"post","2":"type-post","3":"status-publish","4":"format-standard","5":"has-post-thumbnail","7":"category-politica"},"_links":{"self":[{"href":"https:\/\/senoticias.com.br\/se\/wp-json\/wp\/v2\/posts\/35763"}],"collection":[{"href":"https:\/\/senoticias.com.br\/se\/wp-json\/wp\/v2\/posts"}],"about":[{"href":"https:\/\/senoticias.com.br\/se\/wp-json\/wp\/v2\/types\/post"}],"author":[{"embeddable":true,"href":"https:\/\/senoticias.com.br\/se\/wp-json\/wp\/v2\/users\/3"}],"replies":[{"embeddable":true,"href":"https:\/\/senoticias.com.br\/se\/wp-json\/wp\/v2\/comments?post=35763"}],"version-history":[{"count":0,"href":"https:\/\/senoticias.com.br\/se\/wp-json\/wp\/v2\/posts\/35763\/revisions"}],"wp:featuredmedia":[{"embeddable":true,"href":"https:\/\/senoticias.com.br\/se\/wp-json\/wp\/v2\/media\/35764"}],"wp:attachment":[{"href":"https:\/\/senoticias.com.br\/se\/wp-json\/wp\/v2\/media?parent=35763"}],"wp:term":[{"taxonomy":"category","embeddable":true,"href":"https:\/\/senoticias.com.br\/se\/wp-json\/wp\/v2\/categories?post=35763"},{"taxonomy":"post_tag","embeddable":true,"href":"https:\/\/senoticias.com.br\/se\/wp-json\/wp\/v2\/tags?post=35763"}],"curies":[{"name":"wp","href":"https:\/\/api.w.org\/{rel}","templated":true}]}}